{"id":5347,"date":"2023-04-25T13:38:20","date_gmt":"2023-04-25T13:38:20","guid":{"rendered":"https:\/\/villa-pacetina.com\/unkategorisiert\/villa-pacetina-exklusive-villen\/"},"modified":"2023-04-25T13:38:20","modified_gmt":"2023-04-25T13:38:20","slug":"villa-pacetina-exklusive-villen","status":"publish","type":"post","link":"https:\/\/villa-pacetina.com\/de\/villa-pacetina-exklusive-villen\/","title":{"rendered":"Villa Pa\u010detina exklusive Villen"},"content":{"rendered":"<p>Die Villa Pa\u010detina ist eine Sammlung <strong><span style=\"text-decoration: underline;\"><a href=\"https:\/\/villa-pacetina.com\/en\/ville\/\">exklusiver Villen<\/a><\/span><\/strong> , die auf einem wundersch\u00f6nen H\u00fcgel in v\u00f6lliger Abgeschiedenheit liegen, umgeben von einem Wald, nur 30 Minuten von Zagreb und 20 Minuten von der slowenischen Grenze entfernt. Die Villen sind eine perfekte Kombination aus Luxus und Natur und bieten eine friedliche Umgebung zum Entspannen und Erholen. Jede Villa hat ihre einzigartigen Merkmale und ist so konzipiert, dass sie den unterschiedlichen Bed\u00fcrfnissen gerecht wird.<\/p>\n<p><a href=\"https:\/\/villa-pacetina.com\/en\/villas\/villa-lara\/\">Villa Lara<\/a> ist eine 120 m\u00b2 gro\u00dfe Villa mit einem Interieur aus Holz, das eine einzigartige und komfortable Atmosph\u00e4re bietet. Die Villa besteht aus einer K\u00fcche, einem Essbereich, einem Wohnzimmer, drei Schlafzimmern, einem Badezimmer im Erdgeschoss und einem Badezimmer im ersten Stock mit einer kleinen Sauna und einem Whirlpool. Das \u00c4u\u00dfere der Villa ist ebenso beeindruckend, mit einer neu renovierten \u00fcberdachten Terrasse mit Sommerk\u00fcche, einem Sonnendeck, einem beheizten Pool und einem Kamin. Es gibt auch einen Spielplatz f\u00fcr Kinder, was es perfekt f\u00fcr Familien mit Kindern macht. Die Villa bietet Platz f\u00fcr bis zu acht Personen.<\/p>\n<p><a href=\"https:\/\/villa-pacetina.com\/en\/villas\/villa-nina\/\">Villa Nina<\/a> ist eine modernistische Villa mit einem sorgf\u00e4ltig ausgew\u00e4hlten Innendesign, das mit der W\u00e4rme von Holz eine gem\u00fctliche Atmosph\u00e4re schafft. Die Villa hat eine Gesamtfl\u00e4che von 150 m2 und besteht aus einem ger\u00e4umigen Wohnzimmer mit Essbereich und K\u00fcche, vier Schlafzimmern mit en-suite Badezimmern und Toiletten und einem riesigen SPA-Entspannungsbereich, der einen Whirlpool f\u00fcr f\u00fcnf Personen und eine Sauna beherbergt f\u00fcr vier Personen und eine Dusche. Dar\u00fcber hinaus gibt es Tischtennis, Tischfu\u00dfball und einen Swimmingpool f\u00fcr die G\u00e4ste. Die Villa bietet Platz f\u00fcr bis zu acht Personen.<\/p>\n<p><a href=\"https:\/\/villa-pacetina.com\/en\/villas\/villa-nina\/\">Villa Nina<\/a> ist die neu gebaute Villa, die stolz auf ihre SPA-Zone ist. Es verf\u00fcgt \u00fcber einen Whirlpool f\u00fcr sechs Personen und eine Sauna, und der gesamte SPA-Bereich und das Wohnzimmer sind durch eine gro\u00dfe Glaswand mit der Natur verbunden, die \u00fcber die L\u00e4nge der Villa ge\u00f6ffnet werden kann, sodass die G\u00e4ste die wundersch\u00f6ne Landschaft genie\u00dfen k\u00f6nnen. <a href=\"https:\/\/villa-pacetina.com\/en\/villas\/villa-nina\/\">Villa Nina<\/a> ist ideal f\u00fcr Sommerferien und Entspannung.<\/p>\n<p>Die SPA-Zone in der Villa Pa\u010detina bietet die M\u00f6glichkeit, sich mit den Diensten eines professionellen Masseurs \/ einer Masseurin zu entspannen und zu entspannen, die direkt in Ihre Villa kommen. Dieses einzigartige Konzept erm\u00f6glicht es den G\u00e4sten, eine Massage im Komfort ihrer Villa zu genie\u00dfen, ohne in ein SPA-Zentrum reisen zu m\u00fcssen. Die professionellen Masseure sind kompetent und erfahren und sorgen daf\u00fcr, dass die G\u00e4ste erfrischt und verj\u00fcngt nach Hause gehen.<\/p>\n<p>Neben den luxuri\u00f6sen Villen bietet die Villa Pa\u010detina zahlreiche Outdoor-Aktivit\u00e4ten und Attraktionen in der Umgebung. Die Lage ist perfekt f\u00fcr eine Vielzahl von Outdoor-Aktivit\u00e4ten wie Wandern, Radfahren, Obsternte in nahe gelegenen Obstg\u00e4rten sowie Sport und Unterhaltung. Die Villa Pa\u010detina ist ein idealer Ort f\u00fcr Familienurlaube, Ausfl\u00fcge mit Freunden, Gesch\u00e4ftstreffen, Teambuilding, organisierte Versammlungen, Fachkonferenzen und Pr\u00e4sentationen.<\/p>\n<p>Die G\u00e4ste k\u00f6nnen auch das vielf\u00e4ltige kulturelle und gastronomische Angebot der kroatischen Region Zagorje genie\u00dfen, was die Villa Pa\u010detina zu einer ausgezeichneten Wahl f\u00fcr einen einzigartigen und unvergesslichen Urlaub macht.<\/p>\n","protected":false},"excerpt":{"rendered":"<p>Die Villa Pa\u010detina ist eine Sammlung exklusiver Villen , die auf einem wundersch\u00f6nen H\u00fcgel in v\u00f6lliger Abgeschiedenheit liegen, umgeben von einem Wald, nur 30 Minuten von Zagreb und 20 Minuten von der slowenischen Grenze entfernt. Die Villen sind eine perfekte [&hellip;]<\/p>\n","protected":false},"author":1,"featured_media":0,"comment_status":"open","ping_status":"open","sticky":false,"template":"","format":"standard","meta":{"footnotes":""},"categories":[],"tags":[],"class_list":["post-5347","post","type-post","status-publish","format-standard","hentry"],"yoast_head":"<!-- This site is optimized with the Yoast SEO plugin v27.1.1 - https:\/\/yoast.com\/product\/yoast-seo-wordpress\/ -->\n<title>Villa Pa\u010detina exklusive Villen - Villa Pa\u010detina<\/title>\n<meta name=\"robots\" content=\"index, follow, max-snippet:-1, max-image-preview:large, max-video-preview:-1\" \/>\n<link rel=\"canonical\" href=\"https:\/\/villa-pacetina.com\/de\/villa-pacetina-exklusive-villen\/\" \/>\n<meta property=\"og:locale\" content=\"de_DE\" \/>\n<meta property=\"og:type\" content=\"article\" \/>\n<meta property=\"og:title\" content=\"Villa Pa\u010detina exklusive Villen - Villa Pa\u010detina\" \/>\n<meta property=\"og:description\" content=\"Die Villa Pa\u010detina ist eine Sammlung exklusiver Villen , die auf einem wundersch\u00f6nen H\u00fcgel in v\u00f6lliger Abgeschiedenheit liegen, umgeben von einem Wald, nur 30 Minuten von Zagreb und 20 Minuten von der slowenischen Grenze entfernt. Die Villen sind eine perfekte [&hellip;]\" \/>\n<meta property=\"og:url\" content=\"https:\/\/villa-pacetina.com\/de\/villa-pacetina-exklusive-villen\/\" \/>\n<meta property=\"og:site_name\" content=\"Villa Pa\u010detina\" \/>\n<meta property=\"article:publisher\" content=\"https:\/\/www.facebook.com\/vilapacetina\/\" \/>\n<meta property=\"article:published_time\" content=\"2023-04-25T13:38:20+00:00\" \/>\n<meta name=\"author\" content=\"admin\" \/>\n<meta name=\"twitter:card\" content=\"summary_large_image\" \/>\n<meta name=\"twitter:label1\" content=\"Verfasst von\" \/>\n\t<meta name=\"twitter:data1\" content=\"admin\" \/>\n\t<meta name=\"twitter:label2\" content=\"Gesch\u00e4tzte Lesezeit\" \/>\n\t<meta name=\"twitter:data2\" content=\"3\u00a0Minuten\" \/>\n<script type=\"application\/ld+json\" class=\"yoast-schema-graph\">{\"@context\":\"https:\/\/schema.org\",\"@graph\":[{\"@type\":\"Article\",\"@id\":\"https:\/\/villa-pacetina.com\/de\/villa-pacetina-exklusive-villen\/#article\",\"isPartOf\":{\"@id\":\"https:\/\/villa-pacetina.com\/de\/villa-pacetina-exklusive-villen\/\"},\"author\":{\"name\":\"admin\",\"@id\":\"https:\/\/villa-pacetina.com\/de\/#\/schema\/person\/1c68f551c9ed88ed99f8be2a16ae526b\"},\"headline\":\"Villa Pa\u010detina exklusive Villen\",\"datePublished\":\"2023-04-25T13:38:20+00:00\",\"mainEntityOfPage\":{\"@id\":\"https:\/\/villa-pacetina.com\/de\/villa-pacetina-exklusive-villen\/\"},\"wordCount\":539,\"commentCount\":0,\"inLanguage\":\"de\",\"potentialAction\":[{\"@type\":\"CommentAction\",\"name\":\"Comment\",\"target\":[\"https:\/\/villa-pacetina.com\/de\/villa-pacetina-exklusive-villen\/#respond\"]}]},{\"@type\":\"WebPage\",\"@id\":\"https:\/\/villa-pacetina.com\/de\/villa-pacetina-exklusive-villen\/\",\"url\":\"https:\/\/villa-pacetina.com\/de\/villa-pacetina-exklusive-villen\/\",\"name\":\"Villa Pa\u010detina exklusive Villen - Villa Pa\u010detina\",\"isPartOf\":{\"@id\":\"https:\/\/villa-pacetina.com\/de\/#website\"},\"datePublished\":\"2023-04-25T13:38:20+00:00\",\"author\":{\"@id\":\"https:\/\/villa-pacetina.com\/de\/#\/schema\/person\/1c68f551c9ed88ed99f8be2a16ae526b\"},\"breadcrumb\":{\"@id\":\"https:\/\/villa-pacetina.com\/de\/villa-pacetina-exklusive-villen\/#breadcrumb\"},\"inLanguage\":\"de\",\"potentialAction\":[{\"@type\":\"ReadAction\",\"target\":[\"https:\/\/villa-pacetina.com\/de\/villa-pacetina-exklusive-villen\/\"]}]},{\"@type\":\"BreadcrumbList\",\"@id\":\"https:\/\/villa-pacetina.com\/de\/villa-pacetina-exklusive-villen\/#breadcrumb\",\"itemListElement\":[{\"@type\":\"ListItem\",\"position\":1,\"name\":\"Po\u010detna stranica\",\"item\":\"https:\/\/villa-pacetina.com\/de\/\"},{\"@type\":\"ListItem\",\"position\":2,\"name\":\"Villa Pa\u010detina exklusive Villen\"}]},{\"@type\":\"WebSite\",\"@id\":\"https:\/\/villa-pacetina.com\/de\/#website\",\"url\":\"https:\/\/villa-pacetina.com\/de\/\",\"name\":\"Villa Pa\u010detina\",\"description\":\"Idealno mjesto za odmor, u oazi mira i zelenilu\",\"potentialAction\":[{\"@type\":\"SearchAction\",\"target\":{\"@type\":\"EntryPoint\",\"urlTemplate\":\"https:\/\/villa-pacetina.com\/de\/?s={search_term_string}\"},\"query-input\":{\"@type\":\"PropertyValueSpecification\",\"valueRequired\":true,\"valueName\":\"search_term_string\"}}],\"inLanguage\":\"de\"},{\"@type\":\"Person\",\"@id\":\"https:\/\/villa-pacetina.com\/de\/#\/schema\/person\/1c68f551c9ed88ed99f8be2a16ae526b\",\"name\":\"admin\",\"image\":{\"@type\":\"ImageObject\",\"inLanguage\":\"de\",\"@id\":\"https:\/\/villa-pacetina.com\/de\/#\/schema\/person\/image\/\",\"url\":\"https:\/\/secure.gravatar.com\/avatar\/f98ec6756cb20d61f922dfb50f66c1bb9dc60bbcf7b8ab4672001b466ee773f8?s=96&d=mm&r=g\",\"contentUrl\":\"https:\/\/secure.gravatar.com\/avatar\/f98ec6756cb20d61f922dfb50f66c1bb9dc60bbcf7b8ab4672001b466ee773f8?s=96&d=mm&r=g\",\"caption\":\"admin\"},\"sameAs\":[\"https:\/\/villa-pacetina.com\"],\"url\":\"https:\/\/villa-pacetina.com\/de\/author\/admin\/\"}]}<\/script>\n<!-- \/ Yoast SEO plugin. -->","yoast_head_json":{"title":"Villa Pa\u010detina exklusive Villen - Villa Pa\u010detina","robots":{"index":"index","follow":"follow","max-snippet":"max-snippet:-1","max-image-preview":"max-image-preview:large","max-video-preview":"max-video-preview:-1"},"canonical":"https:\/\/villa-pacetina.com\/de\/villa-pacetina-exklusive-villen\/","og_locale":"de_DE","og_type":"article","og_title":"Villa Pa\u010detina exklusive Villen - Villa Pa\u010detina","og_description":"Die Villa Pa\u010detina ist eine Sammlung exklusiver Villen , die auf einem wundersch\u00f6nen H\u00fcgel in v\u00f6lliger Abgeschiedenheit liegen, umgeben von einem Wald, nur 30 Minuten von Zagreb und 20 Minuten von der slowenischen Grenze entfernt. Die Villen sind eine perfekte [&hellip;]","og_url":"https:\/\/villa-pacetina.com\/de\/villa-pacetina-exklusive-villen\/","og_site_name":"Villa Pa\u010detina","article_publisher":"https:\/\/www.facebook.com\/vilapacetina\/","article_published_time":"2023-04-25T13:38:20+00:00","author":"admin","twitter_card":"summary_large_image","twitter_misc":{"Verfasst von":"admin","Gesch\u00e4tzte Lesezeit":"3\u00a0Minuten"},"schema":{"@context":"https:\/\/schema.org","@graph":[{"@type":"Article","@id":"https:\/\/villa-pacetina.com\/de\/villa-pacetina-exklusive-villen\/#article","isPartOf":{"@id":"https:\/\/villa-pacetina.com\/de\/villa-pacetina-exklusive-villen\/"},"author":{"name":"admin","@id":"https:\/\/villa-pacetina.com\/de\/#\/schema\/person\/1c68f551c9ed88ed99f8be2a16ae526b"},"headline":"Villa Pa\u010detina exklusive Villen","datePublished":"2023-04-25T13:38:20+00:00","mainEntityOfPage":{"@id":"https:\/\/villa-pacetina.com\/de\/villa-pacetina-exklusive-villen\/"},"wordCount":539,"commentCount":0,"inLanguage":"de","potentialAction":[{"@type":"CommentAction","name":"Comment","target":["https:\/\/villa-pacetina.com\/de\/villa-pacetina-exklusive-villen\/#respond"]}]},{"@type":"WebPage","@id":"https:\/\/villa-pacetina.com\/de\/villa-pacetina-exklusive-villen\/","url":"https:\/\/villa-pacetina.com\/de\/villa-pacetina-exklusive-villen\/","name":"Villa Pa\u010detina exklusive Villen - Villa Pa\u010detina","isPartOf":{"@id":"https:\/\/villa-pacetina.com\/de\/#website"},"datePublished":"2023-04-25T13:38:20+00:00","author":{"@id":"https:\/\/villa-pacetina.com\/de\/#\/schema\/person\/1c68f551c9ed88ed99f8be2a16ae526b"},"breadcrumb":{"@id":"https:\/\/villa-pacetina.com\/de\/villa-pacetina-exklusive-villen\/#breadcrumb"},"inLanguage":"de","potentialAction":[{"@type":"ReadAction","target":["https:\/\/villa-pacetina.com\/de\/villa-pacetina-exklusive-villen\/"]}]},{"@type":"BreadcrumbList","@id":"https:\/\/villa-pacetina.com\/de\/villa-pacetina-exklusive-villen\/#breadcrumb","itemListElement":[{"@type":"ListItem","position":1,"name":"Po\u010detna stranica","item":"https:\/\/villa-pacetina.com\/de\/"},{"@type":"ListItem","position":2,"name":"Villa Pa\u010detina exklusive Villen"}]},{"@type":"WebSite","@id":"https:\/\/villa-pacetina.com\/de\/#website","url":"https:\/\/villa-pacetina.com\/de\/","name":"Villa Pa\u010detina","description":"Idealno mjesto za odmor, u oazi mira i zelenilu","potentialAction":[{"@type":"SearchAction","target":{"@type":"EntryPoint","urlTemplate":"https:\/\/villa-pacetina.com\/de\/?s={search_term_string}"},"query-input":{"@type":"PropertyValueSpecification","valueRequired":true,"valueName":"search_term_string"}}],"inLanguage":"de"},{"@type":"Person","@id":"https:\/\/villa-pacetina.com\/de\/#\/schema\/person\/1c68f551c9ed88ed99f8be2a16ae526b","name":"admin","image":{"@type":"ImageObject","inLanguage":"de","@id":"https:\/\/villa-pacetina.com\/de\/#\/schema\/person\/image\/","url":"https:\/\/secure.gravatar.com\/avatar\/f98ec6756cb20d61f922dfb50f66c1bb9dc60bbcf7b8ab4672001b466ee773f8?s=96&d=mm&r=g","contentUrl":"https:\/\/secure.gravatar.com\/avatar\/f98ec6756cb20d61f922dfb50f66c1bb9dc60bbcf7b8ab4672001b466ee773f8?s=96&d=mm&r=g","caption":"admin"},"sameAs":["https:\/\/villa-pacetina.com"],"url":"https:\/\/villa-pacetina.com\/de\/author\/admin\/"}]}},"_links":{"self":[{"href":"https:\/\/villa-pacetina.com\/de\/wp-json\/wp\/v2\/posts\/5347","targetHints":{"allow":["GET"]}}],"collection":[{"href":"https:\/\/villa-pacetina.com\/de\/wp-json\/wp\/v2\/posts"}],"about":[{"href":"https:\/\/villa-pacetina.com\/de\/wp-json\/wp\/v2\/types\/post"}],"author":[{"embeddable":true,"href":"https:\/\/villa-pacetina.com\/de\/wp-json\/wp\/v2\/users\/1"}],"replies":[{"embeddable":true,"href":"https:\/\/villa-pacetina.com\/de\/wp-json\/wp\/v2\/comments?post=5347"}],"version-history":[{"count":0,"href":"https:\/\/villa-pacetina.com\/de\/wp-json\/wp\/v2\/posts\/5347\/revisions"}],"wp:attachment":[{"href":"https:\/\/villa-pacetina.com\/de\/wp-json\/wp\/v2\/media?parent=5347"}],"wp:term":[{"taxonomy":"category","embeddable":true,"href":"https:\/\/villa-pacetina.com\/de\/wp-json\/wp\/v2\/categories?post=5347"},{"taxonomy":"post_tag","embeddable":true,"href":"https:\/\/villa-pacetina.com\/de\/wp-json\/wp\/v2\/tags?post=5347"}],"curies":[{"name":"wp","href":"https:\/\/api.w.org\/{rel}","templated":true}]}}