{"id":5809,"date":"2023-09-22T08:58:21","date_gmt":"2023-09-22T08:58:21","guid":{"rendered":"https:\/\/villa-pacetina.com\/neue-mieter-auf-unserem-eingezaeunten-grundstueck\/"},"modified":"2024-10-25T10:35:50","modified_gmt":"2024-10-25T10:35:50","slug":"neue-mieter-auf-unserem-eingezaeunten-grundstueck","status":"publish","type":"post","link":"https:\/\/villa-pacetina.com\/de\/neue-mieter-auf-unserem-eingezaeunten-grundstueck\/","title":{"rendered":"Neue Mieter auf unserem eingez\u00e4unten Grundst\u00fcck"},"content":{"rendered":"<div class=\"fusion-fullwidth fullwidth-box fusion-builder-row-1 fusion-flex-container has-pattern-background has-mask-background nonhundred-percent-fullwidth non-hundred-percent-height-scrolling\" style=\"--awb-border-radius-top-left:0px;--awb-border-radius-top-right:0px;--awb-border-radius-bottom-right:0px;--awb-border-radius-bottom-left:0px;--awb-flex-wrap:wrap;\" ><div class=\"fusion-builder-row fusion-row fusion-flex-align-items-flex-start fusion-flex-justify-content-center fusion-flex-content-wrap\" style=\"max-width:1300px;margin-left: calc(-4% \/ 2 );margin-right: calc(-4% \/ 2 );\"><div class=\"fusion-layout-column fusion_builder_column fusion-builder-column-0 fusion_builder_column_1_1 1_1 fusion-flex-column\" style=\"--awb-bg-size:cover;--awb-width-large:100%;--awb-margin-top-large:0px;--awb-spacing-right-large:1.92%;--awb-margin-bottom-large:20px;--awb-spacing-left-large:1.92%;--awb-width-medium:100%;--awb-order-medium:0;--awb-spacing-right-medium:1.92%;--awb-spacing-left-medium:1.92%;--awb-width-small:100%;--awb-order-small:0;--awb-spacing-right-small:1.92%;--awb-spacing-left-small:1.92%;\"><div class=\"fusion-column-wrapper fusion-column-has-shadow fusion-flex-justify-content-flex-start fusion-content-layout-column\"><div class=\"fusion-builder-row fusion-builder-row-inner fusion-row fusion-flex-align-items-flex-start fusion-flex-justify-content-center fusion-flex-content-wrap\" style=\"width:104% !important;max-width:104% !important;margin-left: calc(-4% \/ 2 );margin-right: calc(-4% \/ 2 );\"><div class=\"fusion-layout-column fusion_builder_column_inner fusion-builder-nested-column-0 fusion_builder_column_inner_1_1 1_1 fusion-flex-column\" style=\"--awb-bg-size:cover;--awb-width-large:100%;--awb-margin-top-large:0px;--awb-spacing-right-large:1.92%;--awb-margin-bottom-large:20px;--awb-spacing-left-large:1.92%;--awb-width-medium:100%;--awb-order-medium:0;--awb-spacing-right-medium:1.92%;--awb-spacing-left-medium:1.92%;--awb-width-small:100%;--awb-order-small:0;--awb-spacing-right-small:1.92%;--awb-spacing-left-small:1.92%;\"><div class=\"fusion-column-wrapper fusion-column-has-shadow fusion-flex-justify-content-flex-start fusion-content-layout-column\"><div class=\"fusion-title title fusion-title-1 fusion-title-center fusion-title-text fusion-title-size-two\" style=\"--awb-margin-bottom:0px;--awb-margin-bottom-small:0px;--awb-font-size:var(--awb-typography2-font-size);\"><div class=\"title-sep-container title-sep-container-left\"><div class=\"title-sep sep- sep-solid\" style=\"border-color:var(--awb-color3);\"><\/div><\/div><span class=\"awb-title-spacer\"><\/span><h2 class=\"fusion-title-heading title-heading-center fusion-responsive-typography-calculated\" style=\"font-family:var(--awb-typography2-font-family);font-weight:var(--awb-typography2-font-weight);font-style:var(--awb-typography2-font-style);margin:0;font-size:1em;letter-spacing:var(--awb-typography2-letter-spacing);text-transform:var(--awb-typography2-text-transform);--fontSize:13;--minFontSize:13;line-height:var(--awb-typography2-line-height);\">Villa Pacetina<\/h2><span class=\"awb-title-spacer\"><\/span><div class=\"title-sep-container title-sep-container-right\"><div class=\"title-sep sep- sep-solid\" style=\"border-color:var(--awb-color3);\"><\/div><\/div><\/div><div class=\"fusion-title title fusion-title-2 fusion-title-center fusion-title-text fusion-title-size-one\" style=\"--awb-margin-bottom-small:15px;--awb-font-size:46px;\"><div class=\"title-sep-container title-sep-container-left\"><div class=\"title-sep sep- sep-solid\" style=\"border-color:var(--awb-color3);\"><\/div><\/div><span class=\"awb-title-spacer\"><\/span><h1 class=\"fusion-title-heading title-heading-center fusion-responsive-typography-calculated\" style=\"margin:0;font-size:1em;text-transform:none;--fontSize:46;line-height:var(--awb-typography1-line-height);\">Neue Mieter auf unserem eingez\u00e4unten Grundst\u00fcck<\/h1><span class=\"awb-title-spacer\"><\/span><div class=\"title-sep-container title-sep-container-right\"><div class=\"title-sep sep- sep-solid\" style=\"border-color:var(--awb-color3);\"><\/div><\/div><\/div><\/div><\/div><\/div><\/div><\/div><div class=\"fusion-layout-column fusion_builder_column fusion-builder-column-1 fusion_builder_column_3_4 3_4 fusion-flex-column\" style=\"--awb-bg-size:cover;--awb-width-large:75%;--awb-margin-top-large:0px;--awb-spacing-right-large:2.56%;--awb-margin-bottom-large:20px;--awb-spacing-left-large:2.56%;--awb-width-medium:100%;--awb-order-medium:0;--awb-spacing-right-medium:1.92%;--awb-spacing-left-medium:1.92%;--awb-width-small:100%;--awb-order-small:0;--awb-spacing-right-small:1.92%;--awb-spacing-left-small:1.92%;\"><div class=\"fusion-column-wrapper fusion-column-has-shadow fusion-flex-justify-content-flex-start fusion-content-layout-column\"><div class=\"fusion-image-element \" style=\"--awb-caption-title-font-family:var(--h2_typography-font-family);--awb-caption-title-font-weight:var(--h2_typography-font-weight);--awb-caption-title-font-style:var(--h2_typography-font-style);--awb-caption-title-size:var(--h2_typography-font-size);--awb-caption-title-transform:var(--h2_typography-text-transform);--awb-caption-title-line-height:var(--h2_typography-line-height);--awb-caption-title-letter-spacing:var(--h2_typography-letter-spacing);\"><span class=\" fusion-imageframe imageframe-none imageframe-1 hover-type-none\"><img decoding=\"async\" width=\"2000\" height=\"899\" title=\"VillaPacetina58_Jurinec photography_19052022 copy 2\" src=\"data:image\/svg+xml,%3Csvg%20xmlns%3D%27http%3A%2F%2Fwww.w3.org%2F2000%2Fsvg%27%20width%3D%272000%27%20height%3D%27899%27%20viewBox%3D%270%200%202000%20899%27%3E%3Crect%20width%3D%272000%27%20height%3D%27899%27%20fill-opacity%3D%220%22%2F%3E%3C%2Fsvg%3E\" data-orig-src=\"https:\/\/villa-pacetina.com\/wp-content\/uploads\/2023\/09\/VillaPacetina58_Jurinec-photography_19052022-copy-2-jpg.webp\" alt class=\"lazyload img-responsive wp-image-5540\"\/><\/span><\/div><\/div><\/div><div class=\"fusion-layout-column fusion_builder_column fusion-builder-column-2 fusion_builder_column_3_4 3_4 fusion-flex-column\" style=\"--awb-bg-size:cover;--awb-width-large:75%;--awb-margin-top-large:0px;--awb-spacing-right-large:2.56%;--awb-margin-bottom-large:20px;--awb-spacing-left-large:2.56%;--awb-width-medium:100%;--awb-order-medium:0;--awb-spacing-right-medium:1.92%;--awb-spacing-left-medium:1.92%;--awb-width-small:100%;--awb-order-small:0;--awb-spacing-right-small:1.92%;--awb-spacing-left-small:1.92%;\"><div class=\"fusion-column-wrapper fusion-column-has-shadow fusion-flex-justify-content-flex-start fusion-content-layout-column\"><div class=\"fusion-text fusion-text-1 fusion-text-no-margin\" style=\"--awb-margin-bottom:20px;\"><p>Im Herzen der Natur, wo sich das Gr\u00fcn ausbreitet und die Stille herrscht, verk\u00fcndet die Villa Pa\u010detina stolz die Ankunft von vier wundersch\u00f6nen Rehen auf unserem eingez\u00e4unten Grundst\u00fcck. Diese vier Rehe werden zu neuen Bewohnern der Umgebung der Villa Pa\u010detina und verleihen der nat\u00fcrlichen Umgebung einen besonderen Charme. Diese au\u00dfergew\u00f6hnliche Veranstaltung unterstreicht unser leidenschaftliches Engagement f\u00fcr den Erhalt und die F\u00f6rderung der Harmonie mit der Natur.<\/p>\n<\/div><div class=\"awb-gallery-wrapper awb-gallery-wrapper-1 button-span-no\" style=\"--more-btn-alignment:center;\"><div style=\"margin:-5px;--awb-bordersize:0px;\" class=\"fusion-gallery fusion-gallery-container fusion-grid-4 fusion-columns-total-4 fusion-gallery-layout-grid fusion-gallery-1\"><div style=\"padding:5px;\" class=\"fusion-grid-column fusion-gallery-column fusion-gallery-column-4 hover-type-zoomin\"><div class=\"fusion-gallery-image\"><a href=\"https:\/\/villa-pacetina.com\/wp-content\/uploads\/2023\/09\/ville-pacetina-zagorje-krapina2-jpg.webp\" rel=\"noreferrer\" data-rel=\"iLightbox[gallery_image_1]\" class=\"fusion-lightbox\" target=\"_self\"><img decoding=\"async\" src=\"https:\/\/villa-pacetina.com\/wp-content\/uploads\/2023\/09\/ville-pacetina-zagorje-krapina2-jpg.webp\" data-orig-src=\"https:\/\/villa-pacetina.com\/wp-content\/uploads\/2023\/09\/ville-pacetina-zagorje-krapina2-jpg.webp\" width=\"550\" height=\"550\" alt=\"\" title=\"ville pa\u010detina zagorje krapina2\" aria-label=\"ville pa\u010detina zagorje krapina2\" class=\"lazyload img-responsive wp-image-5545\" srcset=\"data:image\/svg+xml,%3Csvg%20xmlns%3D%27http%3A%2F%2Fwww.w3.org%2F2000%2Fsvg%27%20width%3D%27550%27%20height%3D%27550%27%20viewBox%3D%270%200%20550%20550%27%3E%3Crect%20width%3D%27550%27%20height%3D%27550%27%20fill-opacity%3D%220%22%2F%3E%3C%2Fsvg%3E\" data-srcset=\"https:\/\/villa-pacetina.com\/wp-content\/uploads\/2023\/09\/ville-pacetina-zagorje-krapina2-66x66.webp 66w, https:\/\/villa-pacetina.com\/wp-content\/uploads\/2023\/09\/ville-pacetina-zagorje-krapina2-150x150.webp 150w, https:\/\/villa-pacetina.com\/wp-content\/uploads\/2023\/09\/ville-pacetina-zagorje-krapina2-200x200.webp 200w, https:\/\/villa-pacetina.com\/wp-content\/uploads\/2023\/09\/ville-pacetina-zagorje-krapina2-300x300.webp 300w, https:\/\/villa-pacetina.com\/wp-content\/uploads\/2023\/09\/ville-pacetina-zagorje-krapina2-400x400.webp 400w, https:\/\/villa-pacetina.com\/wp-content\/uploads\/2023\/09\/ville-pacetina-zagorje-krapina2-jpg.webp 550w\" data-sizes=\"auto\" data-orig-sizes=\"(min-width: 2200px) 100vw, (min-width: 915px) 309px, (min-width: 824px) 412px, (min-width: 732px) 618px, (min-width: 640px) 732px, \" \/><\/a><\/div><\/div><div style=\"padding:5px;\" class=\"fusion-grid-column fusion-gallery-column fusion-gallery-column-4 hover-type-zoomin\"><div class=\"fusion-gallery-image\"><a href=\"https:\/\/villa-pacetina.com\/wp-content\/uploads\/2023\/09\/ville-pacetina-zagorje-krapina21-jpg.webp\" rel=\"noreferrer\" data-rel=\"iLightbox[gallery_image_1]\" class=\"fusion-lightbox\" target=\"_self\"><img decoding=\"async\" src=\"https:\/\/villa-pacetina.com\/wp-content\/uploads\/2023\/09\/ville-pacetina-zagorje-krapina21-jpg.webp\" data-orig-src=\"https:\/\/villa-pacetina.com\/wp-content\/uploads\/2023\/09\/ville-pacetina-zagorje-krapina21-jpg.webp\" width=\"550\" height=\"550\" alt=\"\" title=\"ville pa\u010detina zagorje krapina21\" aria-label=\"ville pa\u010detina zagorje krapina21\" class=\"lazyload img-responsive wp-image-5550\" srcset=\"data:image\/svg+xml,%3Csvg%20xmlns%3D%27http%3A%2F%2Fwww.w3.org%2F2000%2Fsvg%27%20width%3D%27550%27%20height%3D%27550%27%20viewBox%3D%270%200%20550%20550%27%3E%3Crect%20width%3D%27550%27%20height%3D%27550%27%20fill-opacity%3D%220%22%2F%3E%3C%2Fsvg%3E\" data-srcset=\"https:\/\/villa-pacetina.com\/wp-content\/uploads\/2023\/09\/ville-pacetina-zagorje-krapina21-66x66.webp 66w, https:\/\/villa-pacetina.com\/wp-content\/uploads\/2023\/09\/ville-pacetina-zagorje-krapina21-150x150.webp 150w, https:\/\/villa-pacetina.com\/wp-content\/uploads\/2023\/09\/ville-pacetina-zagorje-krapina21-200x200.webp 200w, https:\/\/villa-pacetina.com\/wp-content\/uploads\/2023\/09\/ville-pacetina-zagorje-krapina21-300x300.webp 300w, https:\/\/villa-pacetina.com\/wp-content\/uploads\/2023\/09\/ville-pacetina-zagorje-krapina21-400x400.webp 400w, https:\/\/villa-pacetina.com\/wp-content\/uploads\/2023\/09\/ville-pacetina-zagorje-krapina21-jpg.webp 550w\" data-sizes=\"auto\" data-orig-sizes=\"(min-width: 2200px) 100vw, (min-width: 915px) 309px, (min-width: 824px) 412px, (min-width: 732px) 618px, (min-width: 640px) 732px, \" \/><\/a><\/div><\/div><div style=\"padding:5px;\" class=\"fusion-grid-column fusion-gallery-column fusion-gallery-column-4 hover-type-zoomin\"><div class=\"fusion-gallery-image\"><a href=\"https:\/\/villa-pacetina.com\/wp-content\/uploads\/2023\/09\/ville-pacetina-zagorje-krapina22-jpg.webp\" rel=\"noreferrer\" data-rel=\"iLightbox[gallery_image_1]\" class=\"fusion-lightbox\" target=\"_self\"><img decoding=\"async\" src=\"https:\/\/villa-pacetina.com\/wp-content\/uploads\/2023\/09\/ville-pacetina-zagorje-krapina22-jpg.webp\" data-orig-src=\"https:\/\/villa-pacetina.com\/wp-content\/uploads\/2023\/09\/ville-pacetina-zagorje-krapina22-jpg.webp\" width=\"550\" height=\"550\" alt=\"\" title=\"ville pa\u010detina zagorje krapina22\" aria-label=\"ville pa\u010detina zagorje krapina22\" class=\"lazyload img-responsive wp-image-5555\" srcset=\"data:image\/svg+xml,%3Csvg%20xmlns%3D%27http%3A%2F%2Fwww.w3.org%2F2000%2Fsvg%27%20width%3D%27550%27%20height%3D%27550%27%20viewBox%3D%270%200%20550%20550%27%3E%3Crect%20width%3D%27550%27%20height%3D%27550%27%20fill-opacity%3D%220%22%2F%3E%3C%2Fsvg%3E\" data-srcset=\"https:\/\/villa-pacetina.com\/wp-content\/uploads\/2023\/09\/ville-pacetina-zagorje-krapina22-66x66.webp 66w, https:\/\/villa-pacetina.com\/wp-content\/uploads\/2023\/09\/ville-pacetina-zagorje-krapina22-150x150.webp 150w, https:\/\/villa-pacetina.com\/wp-content\/uploads\/2023\/09\/ville-pacetina-zagorje-krapina22-200x200.webp 200w, https:\/\/villa-pacetina.com\/wp-content\/uploads\/2023\/09\/ville-pacetina-zagorje-krapina22-300x300.webp 300w, https:\/\/villa-pacetina.com\/wp-content\/uploads\/2023\/09\/ville-pacetina-zagorje-krapina22-400x400.webp 400w, https:\/\/villa-pacetina.com\/wp-content\/uploads\/2023\/09\/ville-pacetina-zagorje-krapina22-jpg.webp 550w\" data-sizes=\"auto\" data-orig-sizes=\"(min-width: 2200px) 100vw, (min-width: 915px) 309px, (min-width: 824px) 412px, (min-width: 732px) 618px, (min-width: 640px) 732px, \" \/><\/a><\/div><\/div><div style=\"padding:5px;\" class=\"fusion-grid-column fusion-gallery-column fusion-gallery-column-4 hover-type-zoomin\"><div class=\"fusion-gallery-image\"><a href=\"https:\/\/villa-pacetina.com\/wp-content\/uploads\/2023\/09\/ville-pacetina-zagorje-krapina221-jpg.webp\" rel=\"noreferrer\" data-rel=\"iLightbox[gallery_image_1]\" class=\"fusion-lightbox\" target=\"_self\"><img decoding=\"async\" src=\"https:\/\/villa-pacetina.com\/wp-content\/uploads\/2023\/09\/ville-pacetina-zagorje-krapina221-jpg.webp\" data-orig-src=\"https:\/\/villa-pacetina.com\/wp-content\/uploads\/2023\/09\/ville-pacetina-zagorje-krapina221-jpg.webp\" width=\"550\" height=\"550\" alt=\"\" title=\"ville pa\u010detina zagorje krapina221\" aria-label=\"ville pa\u010detina zagorje krapina221\" class=\"lazyload img-responsive wp-image-5560\" srcset=\"data:image\/svg+xml,%3Csvg%20xmlns%3D%27http%3A%2F%2Fwww.w3.org%2F2000%2Fsvg%27%20width%3D%27550%27%20height%3D%27550%27%20viewBox%3D%270%200%20550%20550%27%3E%3Crect%20width%3D%27550%27%20height%3D%27550%27%20fill-opacity%3D%220%22%2F%3E%3C%2Fsvg%3E\" data-srcset=\"https:\/\/villa-pacetina.com\/wp-content\/uploads\/2023\/09\/ville-pacetina-zagorje-krapina221-66x66.webp 66w, https:\/\/villa-pacetina.com\/wp-content\/uploads\/2023\/09\/ville-pacetina-zagorje-krapina221-150x150.webp 150w, https:\/\/villa-pacetina.com\/wp-content\/uploads\/2023\/09\/ville-pacetina-zagorje-krapina221-200x200.webp 200w, https:\/\/villa-pacetina.com\/wp-content\/uploads\/2023\/09\/ville-pacetina-zagorje-krapina221-300x300.webp 300w, https:\/\/villa-pacetina.com\/wp-content\/uploads\/2023\/09\/ville-pacetina-zagorje-krapina221-400x400.webp 400w, https:\/\/villa-pacetina.com\/wp-content\/uploads\/2023\/09\/ville-pacetina-zagorje-krapina221-jpg.webp 550w\" data-sizes=\"auto\" data-orig-sizes=\"(min-width: 2200px) 100vw, (min-width: 915px) 309px, (min-width: 824px) 412px, (min-width: 732px) 618px, (min-width: 640px) 732px, \" \/><\/a><\/div><\/div><div class=\"clearfix\"><\/div><\/div><\/div><div class=\"fusion-text fusion-text-2 fusion-text-no-margin\" style=\"--awb-margin-top:20px;--awb-margin-bottom:20px;\"><p>In Zusammenarbeit mit lokalen Umweltexperten haben wir die perfekte Umgebung f\u00fcr diese vier ruhigen und zahmen Rehe geschaffen. Unser Gehege bietet ihnen eine ger\u00e4umige und sichere Umgebung, in der sie sich frei bewegen, die nat\u00fcrliche Umgebung erkunden und sich am\u00fcsieren k\u00f6nnen. Rehe sind wilde Tiere, die seit jeher ihre geheimnisvolle Anziehungskraft bewahrt haben, und wir sind stolz darauf, diese einzigartige Gelegenheit mit unseren lieben G\u00e4sten zu teilen.<\/p>\n<\/div><\/div><\/div><div class=\"fusion-layout-column fusion_builder_column fusion-builder-column-3 fusion-flex-column\" style=\"--awb-bg-size:cover;--awb-width-large:34%;--awb-margin-top-large:0px;--awb-spacing-right-large:5.6470588235294%;--awb-margin-bottom-large:20px;--awb-spacing-left-large:5.6470588235294%;--awb-width-medium:100%;--awb-order-medium:0;--awb-spacing-right-medium:1.92%;--awb-spacing-left-medium:1.92%;--awb-width-small:100%;--awb-order-small:0;--awb-spacing-right-small:1.92%;--awb-spacing-left-small:1.92%;\"><div class=\"fusion-column-wrapper fusion-column-has-shadow fusion-flex-justify-content-flex-start fusion-content-layout-column\"><div class=\"fusion-text fusion-text-3\" style=\"--awb-margin-top:40px;\"><p>Bei einem Spaziergang durch unser Anwesen haben Sie die M\u00f6glichkeit, diese sch\u00f6nen Tiere aus n\u00e4chster N\u00e4he zu treffen. Hier k\u00f6nnen Sie ihre Zahmheit beobachten und ihre Momente der Entspannung beobachten.<\/p>\n<p>Neben der M\u00f6glichkeit, Rehe zu sehen, bietet die Villa Pa\u010detina auch eine reiche Auswahl an Outdoor-Aktivit\u00e4ten, darunter Wandern, Radfahren, Picknicks und vieles mehr. Hier k\u00f6nnen Sie dem Alltagsstress entfliehen und sich auf einzigartige Weise mit der Natur verbinden.<\/p>\n<p>Willkommen in der Villa Pa\u010detina, wo die Natur wohltuend lebt und unvergessliche Erlebnisse in ihrer Umarmung warten. Wir freuen uns darauf, Ihnen die Sch\u00f6nheit und Magie der Natur auf einzigartige Weise erleben zu lassen, mit Rehen als unseren besonderen Nachbarn.<\/p>\n<p>Buchen Sie Ihren Aufenthalt und werden Sie noch heute Teil dieser besonderen Geschichte von Natur und Luxus!<\/p>\n<\/div><style>#main {\n    padding-top: 30px;\n}\n<\/style><\/div><\/div><div class=\"fusion-layout-column fusion_builder_column fusion-builder-column-4 fusion_builder_column_2_5 2_5 fusion-flex-column\" style=\"--awb-bg-size:cover;--awb-width-large:40%;--awb-margin-top-large:0px;--awb-spacing-right-large:4.8%;--awb-margin-bottom-large:20px;--awb-spacing-left-large:4.8%;--awb-width-medium:100%;--awb-order-medium:0;--awb-spacing-right-medium:1.92%;--awb-spacing-left-medium:1.92%;--awb-width-small:100%;--awb-order-small:0;--awb-spacing-right-small:1.92%;--awb-spacing-left-small:1.92%;\"><div class=\"fusion-column-wrapper fusion-column-has-shadow fusion-flex-justify-content-flex-start fusion-content-layout-column\"><div class=\"fusion-video fusion-selfhosted-video\" style=\"max-width:100%;\"><div class=\"video-wrapper\"><video playsinline=\"true\" width=\"100%\" style=\"object-fit: cover;\" autoplay=\"true\" muted=\"true\" loop=\"true\" preload=\"auto\"><source src=\"https:\/\/villa-pacetina.com\/wp-content\/uploads\/2023\/09\/IMG_4329-1.mov\" type=\"video\/mp4\">Sorry, your browser doesn&#039;t support embedded videos.<\/video><\/div><\/div><\/div><\/div><\/div><\/div>\n","protected":false},"excerpt":{"rendered":"","protected":false},"author":1,"featured_media":5966,"comment_status":"open","ping_status":"open","sticky":false,"template":"","format":"standard","meta":{"footnotes":""},"categories":[29],"tags":[],"class_list":["post-5809","post","type-post","status-publish","format-standard","has-post-thumbnail","hentry","category-unkategorisiert"],"yoast_head":"<!-- This site is optimized with the Yoast SEO plugin v27.1.1 - https:\/\/yoast.com\/product\/yoast-seo-wordpress\/ -->\n<title>Neue Mieter auf unserem eingez\u00e4unten Grundst\u00fcck - Villa Pa\u010detina<\/title>\n<meta name=\"robots\" content=\"index, follow, max-snippet:-1, max-image-preview:large, max-video-preview:-1\" \/>\n<link rel=\"canonical\" href=\"https:\/\/villa-pacetina.com\/de\/neue-mieter-auf-unserem-eingezaeunten-grundstueck\/\" \/>\n<meta property=\"og:locale\" content=\"de_DE\" \/>\n<meta property=\"og:type\" content=\"article\" \/>\n<meta property=\"og:title\" content=\"Neue Mieter auf unserem eingez\u00e4unten Grundst\u00fcck - Villa Pa\u010detina\" \/>\n<meta property=\"og:url\" content=\"https:\/\/villa-pacetina.com\/de\/neue-mieter-auf-unserem-eingezaeunten-grundstueck\/\" \/>\n<meta property=\"og:site_name\" content=\"Villa Pa\u010detina\" \/>\n<meta property=\"article:publisher\" content=\"https:\/\/www.facebook.com\/vilapacetina\/\" \/>\n<meta property=\"article:published_time\" content=\"2023-09-22T08:58:21+00:00\" \/>\n<meta property=\"article:modified_time\" content=\"2024-10-25T10:35:50+00:00\" \/>\n<meta property=\"og:image\" content=\"https:\/\/villa-pacetina.com\/wp-content\/uploads\/2023\/09\/villa-pacetina-zagorje.jpg\" \/>\n\t<meta property=\"og:image:width\" content=\"1980\" \/>\n\t<meta property=\"og:image:height\" content=\"1114\" \/>\n\t<meta property=\"og:image:type\" content=\"image\/jpeg\" \/>\n<meta name=\"author\" content=\"admin\" \/>\n<meta name=\"twitter:card\" content=\"summary_large_image\" \/>\n<meta name=\"twitter:label1\" content=\"Verfasst von\" \/>\n\t<meta name=\"twitter:data1\" content=\"admin\" \/>\n\t<meta name=\"twitter:label2\" content=\"Gesch\u00e4tzte Lesezeit\" \/>\n\t<meta name=\"twitter:data2\" content=\"20\u00a0Minuten\" \/>\n<script type=\"application\/ld+json\" class=\"yoast-schema-graph\">{\"@context\":\"https:\/\/schema.org\",\"@graph\":[{\"@type\":\"Article\",\"@id\":\"https:\/\/villa-pacetina.com\/de\/neue-mieter-auf-unserem-eingezaeunten-grundstueck\/#article\",\"isPartOf\":{\"@id\":\"https:\/\/villa-pacetina.com\/de\/neue-mieter-auf-unserem-eingezaeunten-grundstueck\/\"},\"author\":{\"name\":\"admin\",\"@id\":\"https:\/\/villa-pacetina.com\/de\/#\/schema\/person\/1c68f551c9ed88ed99f8be2a16ae526b\"},\"headline\":\"Neue Mieter auf unserem eingez\u00e4unten Grundst\u00fcck\",\"datePublished\":\"2023-09-22T08:58:21+00:00\",\"dateModified\":\"2024-10-25T10:35:50+00:00\",\"mainEntityOfPage\":{\"@id\":\"https:\/\/villa-pacetina.com\/de\/neue-mieter-auf-unserem-eingezaeunten-grundstueck\/\"},\"wordCount\":4021,\"commentCount\":0,\"image\":{\"@id\":\"https:\/\/villa-pacetina.com\/de\/neue-mieter-auf-unserem-eingezaeunten-grundstueck\/#primaryimage\"},\"thumbnailUrl\":\"https:\/\/villa-pacetina.com\/wp-content\/uploads\/2023\/09\/villa-pacetina-zagorje.jpg\",\"articleSection\":[\"Unkategorisiert\"],\"inLanguage\":\"de\",\"potentialAction\":[{\"@type\":\"CommentAction\",\"name\":\"Comment\",\"target\":[\"https:\/\/villa-pacetina.com\/de\/neue-mieter-auf-unserem-eingezaeunten-grundstueck\/#respond\"]}]},{\"@type\":\"WebPage\",\"@id\":\"https:\/\/villa-pacetina.com\/de\/neue-mieter-auf-unserem-eingezaeunten-grundstueck\/\",\"url\":\"https:\/\/villa-pacetina.com\/de\/neue-mieter-auf-unserem-eingezaeunten-grundstueck\/\",\"name\":\"Neue Mieter auf unserem eingez\u00e4unten Grundst\u00fcck - Villa Pa\u010detina\",\"isPartOf\":{\"@id\":\"https:\/\/villa-pacetina.com\/de\/#website\"},\"primaryImageOfPage\":{\"@id\":\"https:\/\/villa-pacetina.com\/de\/neue-mieter-auf-unserem-eingezaeunten-grundstueck\/#primaryimage\"},\"image\":{\"@id\":\"https:\/\/villa-pacetina.com\/de\/neue-mieter-auf-unserem-eingezaeunten-grundstueck\/#primaryimage\"},\"thumbnailUrl\":\"https:\/\/villa-pacetina.com\/wp-content\/uploads\/2023\/09\/villa-pacetina-zagorje.jpg\",\"datePublished\":\"2023-09-22T08:58:21+00:00\",\"dateModified\":\"2024-10-25T10:35:50+00:00\",\"author\":{\"@id\":\"https:\/\/villa-pacetina.com\/de\/#\/schema\/person\/1c68f551c9ed88ed99f8be2a16ae526b\"},\"breadcrumb\":{\"@id\":\"https:\/\/villa-pacetina.com\/de\/neue-mieter-auf-unserem-eingezaeunten-grundstueck\/#breadcrumb\"},\"inLanguage\":\"de\",\"potentialAction\":[{\"@type\":\"ReadAction\",\"target\":[\"https:\/\/villa-pacetina.com\/de\/neue-mieter-auf-unserem-eingezaeunten-grundstueck\/\"]}]},{\"@type\":\"ImageObject\",\"inLanguage\":\"de\",\"@id\":\"https:\/\/villa-pacetina.com\/de\/neue-mieter-auf-unserem-eingezaeunten-grundstueck\/#primaryimage\",\"url\":\"https:\/\/villa-pacetina.com\/wp-content\/uploads\/2023\/09\/villa-pacetina-zagorje.jpg\",\"contentUrl\":\"https:\/\/villa-pacetina.com\/wp-content\/uploads\/2023\/09\/villa-pacetina-zagorje.jpg\",\"width\":1980,\"height\":1114},{\"@type\":\"BreadcrumbList\",\"@id\":\"https:\/\/villa-pacetina.com\/de\/neue-mieter-auf-unserem-eingezaeunten-grundstueck\/#breadcrumb\",\"itemListElement\":[{\"@type\":\"ListItem\",\"position\":1,\"name\":\"Po\u010detna stranica\",\"item\":\"https:\/\/villa-pacetina.com\/de\/\"},{\"@type\":\"ListItem\",\"position\":2,\"name\":\"Neue Mieter auf unserem eingez\u00e4unten Grundst\u00fcck\"}]},{\"@type\":\"WebSite\",\"@id\":\"https:\/\/villa-pacetina.com\/de\/#website\",\"url\":\"https:\/\/villa-pacetina.com\/de\/\",\"name\":\"Villa Pa\u010detina\",\"description\":\"Idealno mjesto za odmor, u oazi mira i zelenilu\",\"potentialAction\":[{\"@type\":\"SearchAction\",\"target\":{\"@type\":\"EntryPoint\",\"urlTemplate\":\"https:\/\/villa-pacetina.com\/de\/?s={search_term_string}\"},\"query-input\":{\"@type\":\"PropertyValueSpecification\",\"valueRequired\":true,\"valueName\":\"search_term_string\"}}],\"inLanguage\":\"de\"},{\"@type\":\"Person\",\"@id\":\"https:\/\/villa-pacetina.com\/de\/#\/schema\/person\/1c68f551c9ed88ed99f8be2a16ae526b\",\"name\":\"admin\",\"image\":{\"@type\":\"ImageObject\",\"inLanguage\":\"de\",\"@id\":\"https:\/\/villa-pacetina.com\/de\/#\/schema\/person\/image\/\",\"url\":\"https:\/\/secure.gravatar.com\/avatar\/f98ec6756cb20d61f922dfb50f66c1bb9dc60bbcf7b8ab4672001b466ee773f8?s=96&d=mm&r=g\",\"contentUrl\":\"https:\/\/secure.gravatar.com\/avatar\/f98ec6756cb20d61f922dfb50f66c1bb9dc60bbcf7b8ab4672001b466ee773f8?s=96&d=mm&r=g\",\"caption\":\"admin\"},\"sameAs\":[\"https:\/\/villa-pacetina.com\"],\"url\":\"https:\/\/villa-pacetina.com\/de\/author\/admin\/\"}]}<\/script>\n<!-- \/ Yoast SEO plugin. -->","yoast_head_json":{"title":"Neue Mieter auf unserem eingez\u00e4unten Grundst\u00fcck - Villa Pa\u010detina","robots":{"index":"index","follow":"follow","max-snippet":"max-snippet:-1","max-image-preview":"max-image-preview:large","max-video-preview":"max-video-preview:-1"},"canonical":"https:\/\/villa-pacetina.com\/de\/neue-mieter-auf-unserem-eingezaeunten-grundstueck\/","og_locale":"de_DE","og_type":"article","og_title":"Neue Mieter auf unserem eingez\u00e4unten Grundst\u00fcck - Villa Pa\u010detina","og_url":"https:\/\/villa-pacetina.com\/de\/neue-mieter-auf-unserem-eingezaeunten-grundstueck\/","og_site_name":"Villa Pa\u010detina","article_publisher":"https:\/\/www.facebook.com\/vilapacetina\/","article_published_time":"2023-09-22T08:58:21+00:00","article_modified_time":"2024-10-25T10:35:50+00:00","og_image":[{"width":1980,"height":1114,"url":"https:\/\/villa-pacetina.com\/wp-content\/uploads\/2023\/09\/villa-pacetina-zagorje.jpg","type":"image\/jpeg"}],"author":"admin","twitter_card":"summary_large_image","twitter_misc":{"Verfasst von":"admin","Gesch\u00e4tzte Lesezeit":"20\u00a0Minuten"},"schema":{"@context":"https:\/\/schema.org","@graph":[{"@type":"Article","@id":"https:\/\/villa-pacetina.com\/de\/neue-mieter-auf-unserem-eingezaeunten-grundstueck\/#article","isPartOf":{"@id":"https:\/\/villa-pacetina.com\/de\/neue-mieter-auf-unserem-eingezaeunten-grundstueck\/"},"author":{"name":"admin","@id":"https:\/\/villa-pacetina.com\/de\/#\/schema\/person\/1c68f551c9ed88ed99f8be2a16ae526b"},"headline":"Neue Mieter auf unserem eingez\u00e4unten Grundst\u00fcck","datePublished":"2023-09-22T08:58:21+00:00","dateModified":"2024-10-25T10:35:50+00:00","mainEntityOfPage":{"@id":"https:\/\/villa-pacetina.com\/de\/neue-mieter-auf-unserem-eingezaeunten-grundstueck\/"},"wordCount":4021,"commentCount":0,"image":{"@id":"https:\/\/villa-pacetina.com\/de\/neue-mieter-auf-unserem-eingezaeunten-grundstueck\/#primaryimage"},"thumbnailUrl":"https:\/\/villa-pacetina.com\/wp-content\/uploads\/2023\/09\/villa-pacetina-zagorje.jpg","articleSection":["Unkategorisiert"],"inLanguage":"de","potentialAction":[{"@type":"CommentAction","name":"Comment","target":["https:\/\/villa-pacetina.com\/de\/neue-mieter-auf-unserem-eingezaeunten-grundstueck\/#respond"]}]},{"@type":"WebPage","@id":"https:\/\/villa-pacetina.com\/de\/neue-mieter-auf-unserem-eingezaeunten-grundstueck\/","url":"https:\/\/villa-pacetina.com\/de\/neue-mieter-auf-unserem-eingezaeunten-grundstueck\/","name":"Neue Mieter auf unserem eingez\u00e4unten Grundst\u00fcck - Villa Pa\u010detina","isPartOf":{"@id":"https:\/\/villa-pacetina.com\/de\/#website"},"primaryImageOfPage":{"@id":"https:\/\/villa-pacetina.com\/de\/neue-mieter-auf-unserem-eingezaeunten-grundstueck\/#primaryimage"},"image":{"@id":"https:\/\/villa-pacetina.com\/de\/neue-mieter-auf-unserem-eingezaeunten-grundstueck\/#primaryimage"},"thumbnailUrl":"https:\/\/villa-pacetina.com\/wp-content\/uploads\/2023\/09\/villa-pacetina-zagorje.jpg","datePublished":"2023-09-22T08:58:21+00:00","dateModified":"2024-10-25T10:35:50+00:00","author":{"@id":"https:\/\/villa-pacetina.com\/de\/#\/schema\/person\/1c68f551c9ed88ed99f8be2a16ae526b"},"breadcrumb":{"@id":"https:\/\/villa-pacetina.com\/de\/neue-mieter-auf-unserem-eingezaeunten-grundstueck\/#breadcrumb"},"inLanguage":"de","potentialAction":[{"@type":"ReadAction","target":["https:\/\/villa-pacetina.com\/de\/neue-mieter-auf-unserem-eingezaeunten-grundstueck\/"]}]},{"@type":"ImageObject","inLanguage":"de","@id":"https:\/\/villa-pacetina.com\/de\/neue-mieter-auf-unserem-eingezaeunten-grundstueck\/#primaryimage","url":"https:\/\/villa-pacetina.com\/wp-content\/uploads\/2023\/09\/villa-pacetina-zagorje.jpg","contentUrl":"https:\/\/villa-pacetina.com\/wp-content\/uploads\/2023\/09\/villa-pacetina-zagorje.jpg","width":1980,"height":1114},{"@type":"BreadcrumbList","@id":"https:\/\/villa-pacetina.com\/de\/neue-mieter-auf-unserem-eingezaeunten-grundstueck\/#breadcrumb","itemListElement":[{"@type":"ListItem","position":1,"name":"Po\u010detna stranica","item":"https:\/\/villa-pacetina.com\/de\/"},{"@type":"ListItem","position":2,"name":"Neue Mieter auf unserem eingez\u00e4unten Grundst\u00fcck"}]},{"@type":"WebSite","@id":"https:\/\/villa-pacetina.com\/de\/#website","url":"https:\/\/villa-pacetina.com\/de\/","name":"Villa Pa\u010detina","description":"Idealno mjesto za odmor, u oazi mira i zelenilu","potentialAction":[{"@type":"SearchAction","target":{"@type":"EntryPoint","urlTemplate":"https:\/\/villa-pacetina.com\/de\/?s={search_term_string}"},"query-input":{"@type":"PropertyValueSpecification","valueRequired":true,"valueName":"search_term_string"}}],"inLanguage":"de"},{"@type":"Person","@id":"https:\/\/villa-pacetina.com\/de\/#\/schema\/person\/1c68f551c9ed88ed99f8be2a16ae526b","name":"admin","image":{"@type":"ImageObject","inLanguage":"de","@id":"https:\/\/villa-pacetina.com\/de\/#\/schema\/person\/image\/","url":"https:\/\/secure.gravatar.com\/avatar\/f98ec6756cb20d61f922dfb50f66c1bb9dc60bbcf7b8ab4672001b466ee773f8?s=96&d=mm&r=g","contentUrl":"https:\/\/secure.gravatar.com\/avatar\/f98ec6756cb20d61f922dfb50f66c1bb9dc60bbcf7b8ab4672001b466ee773f8?s=96&d=mm&r=g","caption":"admin"},"sameAs":["https:\/\/villa-pacetina.com"],"url":"https:\/\/villa-pacetina.com\/de\/author\/admin\/"}]}},"_links":{"self":[{"href":"https:\/\/villa-pacetina.com\/de\/wp-json\/wp\/v2\/posts\/5809","targetHints":{"allow":["GET"]}}],"collection":[{"href":"https:\/\/villa-pacetina.com\/de\/wp-json\/wp\/v2\/posts"}],"about":[{"href":"https:\/\/villa-pacetina.com\/de\/wp-json\/wp\/v2\/types\/post"}],"author":[{"embeddable":true,"href":"https:\/\/villa-pacetina.com\/de\/wp-json\/wp\/v2\/users\/1"}],"replies":[{"embeddable":true,"href":"https:\/\/villa-pacetina.com\/de\/wp-json\/wp\/v2\/comments?post=5809"}],"version-history":[{"count":0,"href":"https:\/\/villa-pacetina.com\/de\/wp-json\/wp\/v2\/posts\/5809\/revisions"}],"wp:featuredmedia":[{"embeddable":true,"href":"https:\/\/villa-pacetina.com\/de\/wp-json\/wp\/v2\/media\/5966"}],"wp:attachment":[{"href":"https:\/\/villa-pacetina.com\/de\/wp-json\/wp\/v2\/media?parent=5809"}],"wp:term":[{"taxonomy":"category","embeddable":true,"href":"https:\/\/villa-pacetina.com\/de\/wp-json\/wp\/v2\/categories?post=5809"},{"taxonomy":"post_tag","embeddable":true,"href":"https:\/\/villa-pacetina.com\/de\/wp-json\/wp\/v2\/tags?post=5809"}],"curies":[{"name":"wp","href":"https:\/\/api.w.org\/{rel}","templated":true}]}}