{"id":6176,"date":"2023-11-06T15:21:41","date_gmt":"2023-11-06T15:21:41","guid":{"rendered":"https:\/\/villa-pacetina.com\/villa-pacetina-idealer-ort-fuer-die-martinja-feier\/"},"modified":"2024-10-19T20:05:39","modified_gmt":"2024-10-19T20:05:39","slug":"villa-pacetina-idealer-ort-fuer-die-martinja-feier","status":"publish","type":"post","link":"https:\/\/villa-pacetina.com\/de\/villa-pacetina-idealer-ort-fuer-die-martinja-feier\/","title":{"rendered":"Villa Pa\u010detina \u2013 Idealer Ort f\u00fcr die Feier von Martinja 2024"},"content":{"rendered":"<div class=\"fusion-fullwidth fullwidth-box fusion-builder-row-1 fusion-flex-container has-pattern-background has-mask-background nonhundred-percent-fullwidth non-hundred-percent-height-scrolling\" style=\"--awb-border-radius-top-left:0px;--awb-border-radius-top-right:0px;--awb-border-radius-bottom-right:0px;--awb-border-radius-bottom-left:0px;--awb-flex-wrap:wrap;\" ><div class=\"fusion-builder-row fusion-row fusion-flex-align-items-flex-start fusion-flex-justify-content-center fusion-flex-content-wrap\" style=\"max-width:1300px;margin-left: calc(-4% \/ 2 );margin-right: calc(-4% \/ 2 );\"><div class=\"fusion-layout-column fusion_builder_column fusion-builder-column-0 fusion_builder_column_4_5 4_5 fusion-flex-column\" style=\"--awb-bg-size:cover;--awb-width-large:80%;--awb-margin-top-large:0px;--awb-spacing-right-large:2.4%;--awb-margin-bottom-large:0px;--awb-spacing-left-large:2.4%;--awb-width-medium:100%;--awb-spacing-right-medium:1.92%;--awb-spacing-left-medium:1.92%;--awb-width-small:100%;--awb-spacing-right-small:1.92%;--awb-spacing-left-small:1.92%;\"><div class=\"fusion-column-wrapper fusion-flex-justify-content-flex-start fusion-content-layout-column\"><div class=\"fusion-image-element \" style=\"--awb-caption-title-font-family:var(--h2_typography-font-family);--awb-caption-title-font-weight:var(--h2_typography-font-weight);--awb-caption-title-font-style:var(--h2_typography-font-style);--awb-caption-title-size:var(--h2_typography-font-size);--awb-caption-title-transform:var(--h2_typography-text-transform);--awb-caption-title-line-height:var(--h2_typography-line-height);--awb-caption-title-letter-spacing:var(--h2_typography-letter-spacing);\"><span class=\" fusion-imageframe imageframe-none imageframe-1 hover-type-none\"><img decoding=\"async\" width=\"800\" height=\"450\" alt=\"villa-pacetina.com-villa-zagorje-zagorje-smjestaj-s-bazenom-slider - proslava martinja u zagorju\" title=\"villa-pacetina.com-villa-zagorje-zagorje-smjestaj-s-bazenom-slider &#8211; proslava martinja u zagorju\" src=\"https:\/\/villa-pacetina.com\/wp-content\/uploads\/2023\/11\/villa-pacetina.com-villa-zagorje-zagorje-smjestaj-s-bazenom-slider-proslava-martinja-u-zagorju.jpg\" data-orig-src=\"https:\/\/villa-pacetina.com\/wp-content\/uploads\/2023\/11\/villa-pacetina.com-villa-zagorje-zagorje-smjestaj-s-bazenom-slider-proslava-martinja-u-zagorju.jpg\" class=\"lazyload img-responsive wp-image-6168\" srcset=\"data:image\/svg+xml,%3Csvg%20xmlns%3D%27http%3A%2F%2Fwww.w3.org%2F2000%2Fsvg%27%20width%3D%27800%27%20height%3D%27450%27%20viewBox%3D%270%200%20800%20450%27%3E%3Crect%20width%3D%27800%27%20height%3D%27450%27%20fill-opacity%3D%220%22%2F%3E%3C%2Fsvg%3E\" data-srcset=\"https:\/\/villa-pacetina.com\/wp-content\/uploads\/2023\/11\/villa-pacetina.com-villa-zagorje-zagorje-smjestaj-s-bazenom-slider-proslava-martinja-u-zagorju-200x113.jpg 200w, https:\/\/villa-pacetina.com\/wp-content\/uploads\/2023\/11\/villa-pacetina.com-villa-zagorje-zagorje-smjestaj-s-bazenom-slider-proslava-martinja-u-zagorju-400x225.jpg 400w, https:\/\/villa-pacetina.com\/wp-content\/uploads\/2023\/11\/villa-pacetina.com-villa-zagorje-zagorje-smjestaj-s-bazenom-slider-proslava-martinja-u-zagorju-600x338.jpg 600w, https:\/\/villa-pacetina.com\/wp-content\/uploads\/2023\/11\/villa-pacetina.com-villa-zagorje-zagorje-smjestaj-s-bazenom-slider-proslava-martinja-u-zagorju.jpg 800w\" data-sizes=\"auto\" data-orig-sizes=\"(max-width: 1024px) 100vw, (max-width: 640px) 100vw, 800px\" \/><\/span><\/div><div class=\"fusion-text fusion-text-1\"><p>Villa Pa\u010detina, in einer wundersch\u00f6nen Umgebung gelegen, bietet den perfekten Ort, um Martinja zu feiern. In dieser Luxusvilla k\u00f6nnen Sie den traditionellen Martinja-Urlaub auf einzigartige und angenehme Weise genie\u00dfen. Ob Sie ein Familientreffen, ein freundschaftliches Treffen oder eine Gesch\u00e4ftsveranstaltung planen, Villa Pa\u010detina bietet alles, was Sie f\u00fcr ein unvergessliches Erlebnis ben\u00f6tigen.<\/p>\n<\/div><div class=\"awb-gallery-wrapper awb-gallery-wrapper-1 button-span-no\" style=\"--more-btn-alignment:center;\"><div style=\"margin:-5px;--awb-bordersize:0px;\" class=\"fusion-gallery fusion-gallery-container fusion-grid-4 fusion-columns-total-4 fusion-gallery-layout-grid fusion-gallery-1\"><div style=\"padding:5px;\" class=\"fusion-grid-column fusion-gallery-column fusion-gallery-column-4\"><div class=\"fusion-gallery-image fusion-gallery-image-liftup\"><a href=\"https:\/\/villa-pacetina.com\/wp-content\/uploads\/2022\/10\/VillaPacetina68_Jurinec-photography_19052022.jpg\" rel=\"noreferrer\" data-rel=\"iLightbox[gallery_image_1]\" class=\"fusion-lightbox\" target=\"_self\"><img decoding=\"async\" src=\"https:\/\/villa-pacetina.com\/wp-content\/uploads\/2022\/10\/VillaPacetina68_Jurinec-photography_19052022.jpg\" data-orig-src=\"https:\/\/villa-pacetina.com\/wp-content\/uploads\/2022\/10\/VillaPacetina68_Jurinec-photography_19052022.jpg\" width=\"2000\" height=\"1334\" alt=\"\" title=\"VillaPacetina68_Jurinec photography_19052022\" aria-label=\"VillaPacetina68_Jurinec photography_19052022\" class=\"lazyload img-responsive wp-image-2579\" srcset=\"data:image\/svg+xml,%3Csvg%20xmlns%3D%27http%3A%2F%2Fwww.w3.org%2F2000%2Fsvg%27%20width%3D%272000%27%20height%3D%271334%27%20viewBox%3D%270%200%202000%201334%27%3E%3Crect%20width%3D%272000%27%20height%3D%271334%27%20fill-opacity%3D%220%22%2F%3E%3C%2Fsvg%3E\" data-srcset=\"https:\/\/villa-pacetina.com\/wp-content\/uploads\/2022\/10\/VillaPacetina68_Jurinec-photography_19052022-200x133.jpg 200w, https:\/\/villa-pacetina.com\/wp-content\/uploads\/2022\/10\/VillaPacetina68_Jurinec-photography_19052022-400x267.jpg 400w, https:\/\/villa-pacetina.com\/wp-content\/uploads\/2022\/10\/VillaPacetina68_Jurinec-photography_19052022-600x400.jpg 600w, https:\/\/villa-pacetina.com\/wp-content\/uploads\/2022\/10\/VillaPacetina68_Jurinec-photography_19052022-800x534.jpg 800w, https:\/\/villa-pacetina.com\/wp-content\/uploads\/2022\/10\/VillaPacetina68_Jurinec-photography_19052022-1200x800.jpg 1200w, https:\/\/villa-pacetina.com\/wp-content\/uploads\/2022\/10\/VillaPacetina68_Jurinec-photography_19052022.jpg 2000w\" data-sizes=\"auto\" data-orig-sizes=\"(min-width: 2200px) 100vw, (min-width: 915px) 309px, (min-width: 824px) 412px, (min-width: 732px) 618px, (min-width: 640px) 732px, \" \/><\/a><\/div><\/div><div style=\"padding:5px;\" class=\"fusion-grid-column fusion-gallery-column fusion-gallery-column-4\"><div class=\"fusion-gallery-image fusion-gallery-image-liftup\"><a href=\"https:\/\/villa-pacetina.com\/wp-content\/uploads\/2022\/10\/VillaPacetina60_Jurinec-photography_19052022.jpg\" rel=\"noreferrer\" data-rel=\"iLightbox[gallery_image_1]\" class=\"fusion-lightbox\" target=\"_self\"><img decoding=\"async\" src=\"https:\/\/villa-pacetina.com\/wp-content\/uploads\/2022\/10\/VillaPacetina60_Jurinec-photography_19052022.jpg\" data-orig-src=\"https:\/\/villa-pacetina.com\/wp-content\/uploads\/2022\/10\/VillaPacetina60_Jurinec-photography_19052022.jpg\" width=\"2000\" height=\"1334\" alt=\"\" title=\"VillaPacetina60_Jurinec photography_19052022\" aria-label=\"VillaPacetina60_Jurinec photography_19052022\" class=\"lazyload img-responsive wp-image-2571\" srcset=\"data:image\/svg+xml,%3Csvg%20xmlns%3D%27http%3A%2F%2Fwww.w3.org%2F2000%2Fsvg%27%20width%3D%272000%27%20height%3D%271334%27%20viewBox%3D%270%200%202000%201334%27%3E%3Crect%20width%3D%272000%27%20height%3D%271334%27%20fill-opacity%3D%220%22%2F%3E%3C%2Fsvg%3E\" data-srcset=\"https:\/\/villa-pacetina.com\/wp-content\/uploads\/2022\/10\/VillaPacetina60_Jurinec-photography_19052022-200x133.jpg 200w, https:\/\/villa-pacetina.com\/wp-content\/uploads\/2022\/10\/VillaPacetina60_Jurinec-photography_19052022-400x267.jpg 400w, https:\/\/villa-pacetina.com\/wp-content\/uploads\/2022\/10\/VillaPacetina60_Jurinec-photography_19052022-600x400.jpg 600w, https:\/\/villa-pacetina.com\/wp-content\/uploads\/2022\/10\/VillaPacetina60_Jurinec-photography_19052022-800x534.jpg 800w, https:\/\/villa-pacetina.com\/wp-content\/uploads\/2022\/10\/VillaPacetina60_Jurinec-photography_19052022-1200x800.jpg 1200w, https:\/\/villa-pacetina.com\/wp-content\/uploads\/2022\/10\/VillaPacetina60_Jurinec-photography_19052022.jpg 2000w\" data-sizes=\"auto\" data-orig-sizes=\"(min-width: 2200px) 100vw, (min-width: 915px) 309px, (min-width: 824px) 412px, (min-width: 732px) 618px, (min-width: 640px) 732px, \" \/><\/a><\/div><\/div><div style=\"padding:5px;\" class=\"fusion-grid-column fusion-gallery-column fusion-gallery-column-4\"><div class=\"fusion-gallery-image fusion-gallery-image-liftup\"><a href=\"https:\/\/villa-pacetina.com\/wp-content\/uploads\/2022\/10\/VillaPacetina73_Jurinec-photography_19052022.jpg\" rel=\"noreferrer\" data-rel=\"iLightbox[gallery_image_1]\" class=\"fusion-lightbox\" target=\"_self\"><img decoding=\"async\" src=\"https:\/\/villa-pacetina.com\/wp-content\/uploads\/2022\/10\/VillaPacetina73_Jurinec-photography_19052022.jpg\" data-orig-src=\"https:\/\/villa-pacetina.com\/wp-content\/uploads\/2022\/10\/VillaPacetina73_Jurinec-photography_19052022.jpg\" width=\"2000\" height=\"1334\" alt=\"\" title=\"VillaPacetina73_Jurinec photography_19052022\" aria-label=\"VillaPacetina73_Jurinec photography_19052022\" class=\"lazyload img-responsive wp-image-2584\" srcset=\"data:image\/svg+xml,%3Csvg%20xmlns%3D%27http%3A%2F%2Fwww.w3.org%2F2000%2Fsvg%27%20width%3D%272000%27%20height%3D%271334%27%20viewBox%3D%270%200%202000%201334%27%3E%3Crect%20width%3D%272000%27%20height%3D%271334%27%20fill-opacity%3D%220%22%2F%3E%3C%2Fsvg%3E\" data-srcset=\"https:\/\/villa-pacetina.com\/wp-content\/uploads\/2022\/10\/VillaPacetina73_Jurinec-photography_19052022-200x133.jpg 200w, https:\/\/villa-pacetina.com\/wp-content\/uploads\/2022\/10\/VillaPacetina73_Jurinec-photography_19052022-400x267.jpg 400w, https:\/\/villa-pacetina.com\/wp-content\/uploads\/2022\/10\/VillaPacetina73_Jurinec-photography_19052022-600x400.jpg 600w, https:\/\/villa-pacetina.com\/wp-content\/uploads\/2022\/10\/VillaPacetina73_Jurinec-photography_19052022-800x534.jpg 800w, https:\/\/villa-pacetina.com\/wp-content\/uploads\/2022\/10\/VillaPacetina73_Jurinec-photography_19052022-1200x800.jpg 1200w, https:\/\/villa-pacetina.com\/wp-content\/uploads\/2022\/10\/VillaPacetina73_Jurinec-photography_19052022.jpg 2000w\" data-sizes=\"auto\" data-orig-sizes=\"(min-width: 2200px) 100vw, (min-width: 915px) 309px, (min-width: 824px) 412px, (min-width: 732px) 618px, (min-width: 640px) 732px, \" \/><\/a><\/div><\/div><div style=\"padding:5px;\" class=\"fusion-grid-column fusion-gallery-column fusion-gallery-column-4\"><div class=\"fusion-gallery-image fusion-gallery-image-liftup\"><a href=\"https:\/\/villa-pacetina.com\/wp-content\/uploads\/2022\/10\/VillaPacetina74_Jurinec-photography_19052022.jpg\" rel=\"noreferrer\" data-rel=\"iLightbox[gallery_image_1]\" class=\"fusion-lightbox\" target=\"_self\"><img decoding=\"async\" src=\"https:\/\/villa-pacetina.com\/wp-content\/uploads\/2022\/10\/VillaPacetina74_Jurinec-photography_19052022.jpg\" data-orig-src=\"https:\/\/villa-pacetina.com\/wp-content\/uploads\/2022\/10\/VillaPacetina74_Jurinec-photography_19052022.jpg\" width=\"2000\" height=\"1333\" alt=\"\" title=\"VillaPacetina74_Jurinec photography_19052022\" aria-label=\"VillaPacetina74_Jurinec photography_19052022\" class=\"lazyload img-responsive wp-image-2585\" srcset=\"data:image\/svg+xml,%3Csvg%20xmlns%3D%27http%3A%2F%2Fwww.w3.org%2F2000%2Fsvg%27%20width%3D%272000%27%20height%3D%271333%27%20viewBox%3D%270%200%202000%201333%27%3E%3Crect%20width%3D%272000%27%20height%3D%271333%27%20fill-opacity%3D%220%22%2F%3E%3C%2Fsvg%3E\" data-srcset=\"https:\/\/villa-pacetina.com\/wp-content\/uploads\/2022\/10\/VillaPacetina74_Jurinec-photography_19052022-200x133.jpg 200w, https:\/\/villa-pacetina.com\/wp-content\/uploads\/2022\/10\/VillaPacetina74_Jurinec-photography_19052022-400x267.jpg 400w, https:\/\/villa-pacetina.com\/wp-content\/uploads\/2022\/10\/VillaPacetina74_Jurinec-photography_19052022-600x400.jpg 600w, https:\/\/villa-pacetina.com\/wp-content\/uploads\/2022\/10\/VillaPacetina74_Jurinec-photography_19052022-800x533.jpg 800w, https:\/\/villa-pacetina.com\/wp-content\/uploads\/2022\/10\/VillaPacetina74_Jurinec-photography_19052022-1200x800.jpg 1200w, https:\/\/villa-pacetina.com\/wp-content\/uploads\/2022\/10\/VillaPacetina74_Jurinec-photography_19052022.jpg 2000w\" data-sizes=\"auto\" data-orig-sizes=\"(min-width: 2200px) 100vw, (min-width: 915px) 309px, (min-width: 824px) 412px, (min-width: 732px) 618px, (min-width: 640px) 732px, \" \/><\/a><\/div><\/div><div class=\"clearfix\"><\/div><\/div><\/div><div class=\"fusion-text fusion-text-2\" style=\"--awb-margin-top:20px;\"><p><strong>Formelles Abendessen in der Villa Pa\u010detina:<\/strong> Ihre Martinja-Feier wird mit einem k\u00f6stlichen Abendessen, das von den erfahrenen K\u00f6chen der Villa Pa\u010detina f\u00fcr Sie zubereitet wird, unvergesslich sein. Sie servieren Ihnen traditionelle Gerichte, die normalerweise am Martinstag gegessen werden, darunter Buncek mit Gem\u00fcse, Blutwurst, Bratkartoffeln und viele andere k\u00f6stliche K\u00f6stlichkeiten. Neben traditionellen Gerichten erwarten Sie auch zahlreiche, Ihrem Geschmack angepasste Gourmet-Optionen.<\/p>\n<p><strong>Junger Wein und Wellness-Erlebnis:<\/strong> Zum Abendessen genie\u00dfen Sie eine Auswahl junger Weine, perfekt abgestimmt auf die f\u00fcr diesen besonderen Anlass zubereiteten Gerichte. Die Villa Pa\u010detina bietet auch Wellness- und Spa-Einrichtungen, darunter eine Sauna und einen Whirlpool, in denen Sie nach dem Essen K\u00f6rper und Seele entspannen k\u00f6nnen. Dies wird eine echte Gelegenheit zum Entspannen und Genie\u00dfen sein.<\/p>\n<p><strong>Unterkunft f\u00fcr Gruppen:<\/strong> Villa Pa\u010detina bietet verschiedene Unterkunftsm\u00f6glichkeiten f\u00fcr Gruppen von 1 bis 16 Personen. Alle Zimmer sind ger\u00e4umig, komfortabel und elegant eingerichtet und bieten Ihnen w\u00e4hrend Ihres Aufenthalts den n\u00f6tigen Komfort. Unabh\u00e4ngig von der Gr\u00f6\u00dfe Ihrer Gruppe verf\u00fcgt Villa Pa\u010detina \u00fcber die Kapazit\u00e4ten, Ihnen die bestm\u00f6gliche Unterkunft zu bieten.<\/p>\n<p><strong>Buchen Sie Ihren Aufenthalt:<\/strong> Um sich Ihren Platz in dieser wundersch\u00f6nen Villa f\u00fcr die Martinja-Feier zu sichern, besuchen Sie die offizielle Website der Villa Pa\u010detina unter <a href=\"https:\/\/villa-pacetina.com\/de\/\" target=\"_new\" rel=\"noopener\">https:\/\/villa-pacetina.com\/<\/a> . Dort finden Sie alle notwendigen Informationen zu Preisen, Verf\u00fcgbarkeit und Zusatzleistungen. Verpassen Sie nicht die Gelegenheit, den St. Martinstag in der Villa Pa\u010detina auf die bestm\u00f6gliche Weise zu feiern.<\/p>\n<\/div><div class=\"accordian fusion-accordian\" style=\"--awb-border-size:1px;--awb-icon-size:16px;--awb-content-font-size:var(--awb-typography4-font-size);--awb-icon-alignment:left;--awb-hover-color:var(--awb-color2);--awb-border-color:var(--awb-color3);--awb-background-color:var(--awb-color1);--awb-divider-color:var(--awb-color3);--awb-divider-hover-color:var(--awb-color3);--awb-icon-color:var(--awb-color1);--awb-title-color:var(--awb-color8);--awb-content-color:var(--awb-color8);--awb-icon-box-color:var(--awb-color4);--awb-toggle-hover-accent-color:var(--awb-color5);--awb-title-font-family:var(--awb-typography1-font-family);--awb-title-font-weight:var(--awb-typography1-font-weight);--awb-title-font-style:var(--awb-typography1-font-style);--awb-title-font-size:24px;--awb-title-letter-spacing:var(--awb-typography1-letter-spacing);--awb-title-line-height:var(--awb-typography1-line-height);--awb-content-font-family:var(--awb-typography4-font-family);--awb-content-font-weight:var(--awb-typography4-font-weight);--awb-content-font-style:var(--awb-typography4-font-style);\"><div class=\"panel-group fusion-toggle-icon-boxed\" id=\"accordion-6176-1\"><div class=\"fusion-panel panel-default panel-718586ee7fe9e8b73 fusion-toggle-no-divider fusion-toggle-boxed-mode\" style=\"--awb-title-color:var(--awb-color8);\"><div class=\"panel-heading\"><h4 class=\"panel-title toggle\" id=\"toggle_718586ee7fe9e8b73\"><a aria-expanded=\"false\" aria-controls=\"718586ee7fe9e8b73\" role=\"button\" data-toggle=\"collapse\" data-parent=\"#accordion-6176-1\" data-target=\"#718586ee7fe9e8b73\" href=\"#718586ee7fe9e8b73\"><span class=\"fusion-toggle-icon-wrapper\" aria-hidden=\"true\"><i class=\"fa-fusion-box active-icon awb-icon-minus\" aria-hidden=\"true\"><\/i><i class=\"fa-fusion-box inactive-icon awb-icon-plus\" aria-hidden=\"true\"><\/i><\/span><span class=\"fusion-toggle-heading\">Preisliste<\/span><\/a><\/h4><\/div><div id=\"718586ee7fe9e8b73\" class=\"panel-collapse collapse \" aria-labelledby=\"toggle_718586ee7fe9e8b73\"><div class=\"panel-body toggle-content fusion-clearfix\">\n<p><img decoding=\"async\" class=\"lazyload alignnone size-full wp-image-5695\" src=\"data:image\/svg+xml,%3Csvg%20xmlns%3D%27http%3A%2F%2Fwww.w3.org%2F2000%2Fsvg%27%20width%3D%271948%27%20height%3D%272026%27%20viewBox%3D%270%200%201948%202026%27%3E%3Crect%20width%3D%271948%27%20height%3D%272026%27%20fill-opacity%3D%220%22%2F%3E%3C%2Fsvg%3E\" data-orig-src=\"https:\/\/villa-pacetina.com\/wp-content\/uploads\/2023\/11\/villa-pacetina-cijena.jpg\" alt=\"\" width=\"1948\" height=\"2026\"><\/p>\n<\/div><\/div><\/div><\/div><\/div><div class=\"fusion-title title fusion-title-1 fusion-title-center fusion-title-text fusion-title-size-two\" style=\"--awb-margin-top:30px;\"><div class=\"title-sep-container title-sep-container-left\"><div class=\"title-sep sep-double sep-solid\" style=\"border-color:var(--awb-color3);\"><\/div><\/div><span class=\"awb-title-spacer\"><\/span><h2 class=\"fusion-title-heading title-heading-center fusion-responsive-typography-calculated\" style=\"margin:0;--fontSize:26;line-height:var(--awb-typography1-line-height);\">Buchen Sie noch heute Ihre Unterkunft<\/h2><span class=\"awb-title-spacer\"><\/span><div class=\"title-sep-container title-sep-container-right\"><div class=\"title-sep sep-double sep-solid\" style=\"border-color:var(--awb-color3);\"><\/div><\/div><\/div><script type=\"text\/javascript\">\n\/* <![CDATA[ *\/\nvar gform;gform||(document.addEventListener(\"gform_main_scripts_loaded\",function(){gform.scriptsLoaded=!0}),document.addEventListener(\"gform\/theme\/scripts_loaded\",function(){gform.themeScriptsLoaded=!0}),window.addEventListener(\"DOMContentLoaded\",function(){gform.domLoaded=!0}),gform={domLoaded:!1,scriptsLoaded:!1,themeScriptsLoaded:!1,isFormEditor:()=>\"function\"==typeof InitializeEditor,callIfLoaded:function(o){return!(!gform.domLoaded||!gform.scriptsLoaded||!gform.themeScriptsLoaded&&!gform.isFormEditor()||(gform.isFormEditor()&&console.warn(\"The use of gform.initializeOnLoaded() is deprecated in the form editor context and will be removed in Gravity Forms 3.1.\"),o(),0))},initializeOnLoaded:function(o){gform.callIfLoaded(o)||(document.addEventListener(\"gform_main_scripts_loaded\",()=>{gform.scriptsLoaded=!0,gform.callIfLoaded(o)}),document.addEventListener(\"gform\/theme\/scripts_loaded\",()=>{gform.themeScriptsLoaded=!0,gform.callIfLoaded(o)}),window.addEventListener(\"DOMContentLoaded\",()=>{gform.domLoaded=!0,gform.callIfLoaded(o)}))},hooks:{action:{},filter:{}},addAction:function(o,r,e,t){gform.addHook(\"action\",o,r,e,t)},addFilter:function(o,r,e,t){gform.addHook(\"filter\",o,r,e,t)},doAction:function(o){gform.doHook(\"action\",o,arguments)},applyFilters:function(o){return gform.doHook(\"filter\",o,arguments)},removeAction:function(o,r){gform.removeHook(\"action\",o,r)},removeFilter:function(o,r,e){gform.removeHook(\"filter\",o,r,e)},addHook:function(o,r,e,t,n){null==gform.hooks[o][r]&&(gform.hooks[o][r]=[]);var d=gform.hooks[o][r];null==n&&(n=r+\"_\"+d.length),gform.hooks[o][r].push({tag:n,callable:e,priority:t=null==t?10:t})},doHook:function(r,o,e){var t;if(e=Array.prototype.slice.call(e,1),null!=gform.hooks[r][o]&&((o=gform.hooks[r][o]).sort(function(o,r){return o.priority-r.priority}),o.forEach(function(o){\"function\"!=typeof(t=o.callable)&&(t=window[t]),\"action\"==r?t.apply(null,e):e[0]=t.apply(null,e)})),\"filter\"==r)return e[0]},removeHook:function(o,r,t,n){var e;null!=gform.hooks[o][r]&&(e=(e=gform.hooks[o][r]).filter(function(o,r,e){return!!(null!=n&&n!=o.tag||null!=t&&t!=o.priority)}),gform.hooks[o][r]=e)}});\n\/* ]]> *\/\n<\/script>\n\n                <div class='gf_browser_gecko gform_wrapper gravity-theme gform-theme--no-framework' data-form-theme='gravity-theme' data-form-index='0' id='gform_wrapper_1' >\n                        <div class='gform_heading'>\n\t\t\t\t\t\t\t<p class='gform_required_legend'>\u201e<span class=\"gfield_required gfield_required_asterisk\">*<\/span>\u201c zeigt erforderliche Felder an<\/p>\n                        <\/div><form method='post' enctype='multipart\/form-data'  id='gform_1'  action='\/de\/wp-json\/wp\/v2\/posts\/6176' data-formid='1' novalidate>\n                        <div class='gform-body gform_body'><div id='gform_fields_1' class='gform_fields top_label form_sublabel_below description_below validation_below'><div id=\"field_1_8\" class=\"gfield gfield--type-honeypot gform_validation_container field_sublabel_below gfield--has-description field_description_below field_validation_below gfield_visibility_visible\"  ><label class='gfield_label gform-field-label' for='input_1_8'>Name<\/label><div class='ginput_container'><input name='input_8' id='input_1_8' type='text' value='' autocomplete='new-password'\/><\/div><div class='gfield_description' id='gfield_description_1_8'>Dieses Feld dient zur Validierung und sollte nicht ver\u00e4ndert werden.<\/div><\/div><div id=\"field_1_1\" class=\"gfield gfield--type-text gfield--input-type-text gfield--width-third gfield_contains_required field_sublabel_below gfield--no-description field_description_below field_validation_below gfield_visibility_visible\"  ><label class='gfield_label gform-field-label' for='input_1_1'>Name und Nachname:<span class=\"gfield_required\"><span class=\"gfield_required gfield_required_asterisk\">*<\/span><\/span><\/label><div class='ginput_container ginput_container_text'><input name='input_1' id='input_1_1' type='text' value='' class='large'     aria-required=\"true\" aria-invalid=\"false\"   \/><\/div><\/div><div id=\"field_1_5\" class=\"gfield gfield--type-email gfield--input-type-email gfield--width-third gfield_contains_required field_sublabel_below gfield--no-description field_description_below field_validation_below gfield_visibility_visible\"  ><label class='gfield_label gform-field-label' for='input_1_5'>Email:<span class=\"gfield_required\"><span class=\"gfield_required gfield_required_asterisk\">*<\/span><\/span><\/label><div class='ginput_container ginput_container_email'>\n                            <input name='input_5' id='input_1_5' type='email' value='' class='large'    aria-required=\"true\" aria-invalid=\"false\"  \/>\n                        <\/div><\/div><div id=\"field_1_3\" class=\"gfield gfield--type-text gfield--input-type-text gfield--width-third gfield_contains_required field_sublabel_below gfield--no-description field_description_below field_validation_below gfield_visibility_visible\"  ><label class='gfield_label gform-field-label' for='input_1_3'>Telefonnummer:<span class=\"gfield_required\"><span class=\"gfield_required gfield_required_asterisk\">*<\/span><\/span><\/label><div class='ginput_container ginput_container_text'><input name='input_3' id='input_1_3' type='text' value='' class='large'     aria-required=\"true\" aria-invalid=\"false\"   \/><\/div><\/div><div id=\"field_1_6\" class=\"gfield gfield--type-textarea gfield--input-type-textarea gfield--width-full gfield_contains_required field_sublabel_below gfield--no-description field_description_below field_validation_below gfield_visibility_visible\"  ><label class='gfield_label gform-field-label' for='input_1_6'>Nachricht:<span class=\"gfield_required\"><span class=\"gfield_required gfield_required_asterisk\">*<\/span><\/span><\/label><div class='ginput_container ginput_container_textarea'><textarea name='input_6' id='input_1_6' class='textarea small'     aria-required=\"true\" aria-invalid=\"false\"   rows='10' cols='50'><\/textarea><\/div><\/div><div id=\"field_1_7\" class=\"gfield gfield--type-captcha gfield--input-type-captcha gfield--width-full field_sublabel_below gfield--no-description field_description_below field_validation_below gfield_visibility_visible\"  ><label class='gfield_label gform-field-label screen-reader-text' for='input_1_7'><\/label><div id='input_1_7' class='ginput_container ginput_recaptcha' data-sitekey='6LcRwQ4kAAAAAH7fNcZRSVPHmLcaX86S-THOzDKt'  data-theme='light' data-tabindex='0'  data-badge=''><\/div><\/div><\/div><\/div>\n        <div class='gform-footer gform_footer top_label'> <input type='submit' id='gform_submit_button_1' class='gform_button button' onclick='gform.submission.handleButtonClick(this);' data-submission-type='submit' value='senden'  \/> \n            <input type='hidden' class='gform_hidden' name='gform_submission_method' data-js='gform_submission_method_1' value='postback' \/>\n            <input type='hidden' class='gform_hidden' name='gform_theme' data-js='gform_theme_1' id='gform_theme_1' value='gravity-theme' \/>\n            <input type='hidden' class='gform_hidden' name='gform_style_settings' data-js='gform_style_settings_1' id='gform_style_settings_1' value='[]' \/>\n            <input type='hidden' class='gform_hidden' name='is_submit_1' value='1' \/>\n            <input type='hidden' class='gform_hidden' name='gform_submit' value='1' \/>\n            \n            <input type='hidden' class='gform_hidden' name='gform_currency' data-currency='EUR' value='jxPpCC8jD+jvyNZRGX3OtJygdJ4XCP1fG6Il9BNmWeygR4Xpl50m11qeLQtp7UZzAoR87JRcVJ+YTB4EjdHPUBDHwoxBzgVHKxDHTnZ0ET00wf8=' \/>\n            <input type='hidden' class='gform_hidden' name='gform_unique_id' value='' \/>\n            <input type='hidden' class='gform_hidden' name='state_1' value='WyJbXSIsImQzZmUyMTQzNGQ1YWJmZWY3OWFiMjM5MDIzN2JjM2Y3Il0=' \/>\n            <input type='hidden' autocomplete='off' class='gform_hidden' name='gform_target_page_number_1' id='gform_target_page_number_1' value='0' \/>\n            <input type='hidden' autocomplete='off' class='gform_hidden' name='gform_source_page_number_1' id='gform_source_page_number_1' value='1' \/>\n            <input type='hidden' name='gform_field_values' value='' \/>\n            \n        <\/div>\n                        <input type=\"hidden\" id=\"ct_checkjs_2bcab9d935d219641434683dd9d18a03\" name=\"ct_checkjs\" value=\"0\" \/><script >setTimeout(function(){var ct_input_name = \"ct_checkjs_2bcab9d935d219641434683dd9d18a03\";if (document.getElementById(ct_input_name) !== null) {var ct_input_value = document.getElementById(ct_input_name).value;document.getElementById(ct_input_name).value = document.getElementById(ct_input_name).value.replace(ct_input_value, 'c13234a4d08287727fb58eccd144565b8dd8541aa87a061f03cd46eb47526658');}}, 1000);<\/script><input\n                    class=\"apbct_special_field apbct_email_id__gravity_form\"\n                    name=\"apbct__email_id__gravity_form\"\n                    aria-label=\"apbct__label_id__gravity_form\"\n                    type=\"text\" size=\"30\" maxlength=\"200\" autocomplete=\"off\"\n                    value=\"\"\n                \/><\/form>\n                        <\/div><script type=\"text\/javascript\">\n\/* <![CDATA[ *\/\n gform.initializeOnLoaded( function() {gformInitSpinner( 1, 'https:\/\/villa-pacetina.com\/wp-content\/plugins\/gravityforms\/images\/spinner.svg', true );jQuery('#gform_ajax_frame_1').on('load',function(){var contents = jQuery(this).contents().find('*').html();var is_postback = contents.indexOf('GF_AJAX_POSTBACK') >= 0;if(!is_postback){return;}var form_content = jQuery(this).contents().find('#gform_wrapper_1');var is_confirmation = jQuery(this).contents().find('#gform_confirmation_wrapper_1').length > 0;var is_redirect = contents.indexOf('gformRedirect(){') >= 0;var is_form = form_content.length > 0 && ! is_redirect && ! is_confirmation;var mt = parseInt(jQuery('html').css('margin-top'), 10) + parseInt(jQuery('body').css('margin-top'), 10) + 100;if(is_form){jQuery('#gform_wrapper_1').html(form_content.html());if(form_content.hasClass('gform_validation_error')){jQuery('#gform_wrapper_1').addClass('gform_validation_error');} else {jQuery('#gform_wrapper_1').removeClass('gform_validation_error');}setTimeout( function() { \/* delay the scroll by 50 milliseconds to fix a bug in chrome *\/  }, 50 );if(window['gformInitDatepicker']) {gformInitDatepicker();}if(window['gformInitPriceFields']) {gformInitPriceFields();}var current_page = jQuery('#gform_source_page_number_1').val();gformInitSpinner( 1, 'https:\/\/villa-pacetina.com\/wp-content\/plugins\/gravityforms\/images\/spinner.svg', true );jQuery(document).trigger('gform_page_loaded', [1, current_page]);window['gf_submitting_1'] = false;}else if(!is_redirect){var confirmation_content = jQuery(this).contents().find('.GF_AJAX_POSTBACK').html();if(!confirmation_content){confirmation_content = contents;}jQuery('#gform_wrapper_1').replaceWith(confirmation_content);jQuery(document).trigger('gform_confirmation_loaded', [1]);window['gf_submitting_1'] = false;wp.a11y.speak(jQuery('#gform_confirmation_message_1').text());}else{jQuery('#gform_1').append(contents);if(window['gformRedirect']) {gformRedirect();}}jQuery(document).trigger(\"gform_pre_post_render\", [{ formId: \"1\", currentPage: \"current_page\", abort: function() { this.preventDefault(); } }]);        if (event && event.defaultPrevented) {                return;        }        const gformWrapperDiv = document.getElementById( \"gform_wrapper_1\" );        if ( gformWrapperDiv ) {            const visibilitySpan = document.createElement( \"span\" );            visibilitySpan.id = \"gform_visibility_test_1\";            gformWrapperDiv.insertAdjacentElement( \"afterend\", visibilitySpan );        }        const visibilityTestDiv = document.getElementById( \"gform_visibility_test_1\" );        let postRenderFired = false;        function triggerPostRender() {            if ( postRenderFired ) {                return;            }            postRenderFired = true;            gform.core.triggerPostRenderEvents( 1, current_page );            if ( visibilityTestDiv ) {                visibilityTestDiv.parentNode.removeChild( visibilityTestDiv );            }        }        function debounce( func, wait, immediate ) {            var timeout;            return function() {                var context = this, args = arguments;                var later = function() {                    timeout = null;                    if ( !immediate ) func.apply( context, args );                };                var callNow = immediate && !timeout;                clearTimeout( timeout );                timeout = setTimeout( later, wait );                if ( callNow ) func.apply( context, args );            };        }        const debouncedTriggerPostRender = debounce( function() {            triggerPostRender();        }, 200 );        if ( visibilityTestDiv && visibilityTestDiv.offsetParent === null ) {            const observer = new MutationObserver( ( mutations ) => {                mutations.forEach( ( mutation ) => {                    if ( mutation.type === 'attributes' && visibilityTestDiv.offsetParent !== null ) {                        debouncedTriggerPostRender();                        observer.disconnect();                    }                });            });            observer.observe( document.body, {                attributes: true,                childList: false,                subtree: true,                attributeFilter: [ 'style', 'class' ],            });        } else {            triggerPostRender();        }    } );} ); \n\/* ]]> *\/\n<\/script>\n<\/div><\/div><\/div><\/div>\n","protected":false},"excerpt":{"rendered":"","protected":false},"author":1,"featured_media":6168,"comment_status":"open","ping_status":"open","sticky":false,"template":"","format":"standard","meta":{"footnotes":""},"categories":[29],"tags":[],"class_list":["post-6176","post","type-post","status-publish","format-standard","has-post-thumbnail","hentry","category-unkategorisiert"],"yoast_head":"<!-- This site is optimized with the Yoast SEO plugin v27.1.1 - https:\/\/yoast.com\/product\/yoast-seo-wordpress\/ -->\n<title>Villa Pa\u010detina \u2013 Idealer Ort f\u00fcr die Feier von Martinja 2024 - Villa Pa\u010detina<\/title>\n<meta name=\"robots\" content=\"index, follow, max-snippet:-1, max-image-preview:large, max-video-preview:-1\" \/>\n<link rel=\"canonical\" href=\"https:\/\/villa-pacetina.com\/de\/villa-pacetina-idealer-ort-fuer-die-martinja-feier\/\" \/>\n<meta property=\"og:locale\" content=\"de_DE\" \/>\n<meta property=\"og:type\" content=\"article\" \/>\n<meta property=\"og:title\" content=\"Villa Pa\u010detina \u2013 Idealer Ort f\u00fcr die Feier von Martinja 2024 - Villa Pa\u010detina\" \/>\n<meta property=\"og:url\" content=\"https:\/\/villa-pacetina.com\/de\/villa-pacetina-idealer-ort-fuer-die-martinja-feier\/\" \/>\n<meta property=\"og:site_name\" content=\"Villa Pa\u010detina\" \/>\n<meta property=\"article:publisher\" content=\"https:\/\/www.facebook.com\/vilapacetina\/\" \/>\n<meta property=\"article:published_time\" content=\"2023-11-06T15:21:41+00:00\" \/>\n<meta property=\"article:modified_time\" content=\"2024-10-19T20:05:39+00:00\" \/>\n<meta property=\"og:image\" content=\"https:\/\/villa-pacetina.com\/wp-content\/uploads\/2023\/11\/villa-pacetina.com-villa-zagorje-zagorje-smjestaj-s-bazenom-slider-proslava-martinja-u-zagorju.jpg\" \/>\n\t<meta property=\"og:image:width\" content=\"800\" \/>\n\t<meta property=\"og:image:height\" content=\"450\" \/>\n\t<meta property=\"og:image:type\" content=\"image\/jpeg\" \/>\n<meta name=\"author\" content=\"admin\" \/>\n<meta name=\"twitter:card\" content=\"summary_large_image\" \/>\n<meta name=\"twitter:label1\" content=\"Verfasst von\" \/>\n\t<meta name=\"twitter:data1\" content=\"admin\" \/>\n\t<meta name=\"twitter:label2\" content=\"Gesch\u00e4tzte Lesezeit\" \/>\n\t<meta name=\"twitter:data2\" content=\"10\u00a0Minuten\" \/>\n<script type=\"application\/ld+json\" class=\"yoast-schema-graph\">{\"@context\":\"https:\/\/schema.org\",\"@graph\":[{\"@type\":\"Article\",\"@id\":\"https:\/\/villa-pacetina.com\/de\/villa-pacetina-idealer-ort-fuer-die-martinja-feier\/#article\",\"isPartOf\":{\"@id\":\"https:\/\/villa-pacetina.com\/de\/villa-pacetina-idealer-ort-fuer-die-martinja-feier\/\"},\"author\":{\"name\":\"admin\",\"@id\":\"https:\/\/villa-pacetina.com\/de\/#\/schema\/person\/1c68f551c9ed88ed99f8be2a16ae526b\"},\"headline\":\"Villa Pa\u010detina \u2013 Idealer Ort f\u00fcr die Feier von Martinja 2024\",\"datePublished\":\"2023-11-06T15:21:41+00:00\",\"dateModified\":\"2024-10-19T20:05:39+00:00\",\"mainEntityOfPage\":{\"@id\":\"https:\/\/villa-pacetina.com\/de\/villa-pacetina-idealer-ort-fuer-die-martinja-feier\/\"},\"wordCount\":1911,\"commentCount\":0,\"image\":{\"@id\":\"https:\/\/villa-pacetina.com\/de\/villa-pacetina-idealer-ort-fuer-die-martinja-feier\/#primaryimage\"},\"thumbnailUrl\":\"https:\/\/villa-pacetina.com\/wp-content\/uploads\/2023\/11\/villa-pacetina.com-villa-zagorje-zagorje-smjestaj-s-bazenom-slider-proslava-martinja-u-zagorju.jpg\",\"articleSection\":[\"Unkategorisiert\"],\"inLanguage\":\"de\",\"potentialAction\":[{\"@type\":\"CommentAction\",\"name\":\"Comment\",\"target\":[\"https:\/\/villa-pacetina.com\/de\/villa-pacetina-idealer-ort-fuer-die-martinja-feier\/#respond\"]}]},{\"@type\":\"WebPage\",\"@id\":\"https:\/\/villa-pacetina.com\/de\/villa-pacetina-idealer-ort-fuer-die-martinja-feier\/\",\"url\":\"https:\/\/villa-pacetina.com\/de\/villa-pacetina-idealer-ort-fuer-die-martinja-feier\/\",\"name\":\"Villa Pa\u010detina \u2013 Idealer Ort f\u00fcr die Feier von Martinja 2024 - Villa Pa\u010detina\",\"isPartOf\":{\"@id\":\"https:\/\/villa-pacetina.com\/de\/#website\"},\"primaryImageOfPage\":{\"@id\":\"https:\/\/villa-pacetina.com\/de\/villa-pacetina-idealer-ort-fuer-die-martinja-feier\/#primaryimage\"},\"image\":{\"@id\":\"https:\/\/villa-pacetina.com\/de\/villa-pacetina-idealer-ort-fuer-die-martinja-feier\/#primaryimage\"},\"thumbnailUrl\":\"https:\/\/villa-pacetina.com\/wp-content\/uploads\/2023\/11\/villa-pacetina.com-villa-zagorje-zagorje-smjestaj-s-bazenom-slider-proslava-martinja-u-zagorju.jpg\",\"datePublished\":\"2023-11-06T15:21:41+00:00\",\"dateModified\":\"2024-10-19T20:05:39+00:00\",\"author\":{\"@id\":\"https:\/\/villa-pacetina.com\/de\/#\/schema\/person\/1c68f551c9ed88ed99f8be2a16ae526b\"},\"breadcrumb\":{\"@id\":\"https:\/\/villa-pacetina.com\/de\/villa-pacetina-idealer-ort-fuer-die-martinja-feier\/#breadcrumb\"},\"inLanguage\":\"de\",\"potentialAction\":[{\"@type\":\"ReadAction\",\"target\":[\"https:\/\/villa-pacetina.com\/de\/villa-pacetina-idealer-ort-fuer-die-martinja-feier\/\"]}]},{\"@type\":\"ImageObject\",\"inLanguage\":\"de\",\"@id\":\"https:\/\/villa-pacetina.com\/de\/villa-pacetina-idealer-ort-fuer-die-martinja-feier\/#primaryimage\",\"url\":\"https:\/\/villa-pacetina.com\/wp-content\/uploads\/2023\/11\/villa-pacetina.com-villa-zagorje-zagorje-smjestaj-s-bazenom-slider-proslava-martinja-u-zagorju.jpg\",\"contentUrl\":\"https:\/\/villa-pacetina.com\/wp-content\/uploads\/2023\/11\/villa-pacetina.com-villa-zagorje-zagorje-smjestaj-s-bazenom-slider-proslava-martinja-u-zagorju.jpg\",\"width\":800,\"height\":450,\"caption\":\"villa-pacetina.com-villa-zagorje-zagorje-smjestaj-s-bazenom-slider - proslava martinja u zagorju\"},{\"@type\":\"BreadcrumbList\",\"@id\":\"https:\/\/villa-pacetina.com\/de\/villa-pacetina-idealer-ort-fuer-die-martinja-feier\/#breadcrumb\",\"itemListElement\":[{\"@type\":\"ListItem\",\"position\":1,\"name\":\"Po\u010detna stranica\",\"item\":\"https:\/\/villa-pacetina.com\/de\/\"},{\"@type\":\"ListItem\",\"position\":2,\"name\":\"Villa Pa\u010detina \u2013 idealer Ort f\u00fcr die Martinja-Feier\"}]},{\"@type\":\"WebSite\",\"@id\":\"https:\/\/villa-pacetina.com\/de\/#website\",\"url\":\"https:\/\/villa-pacetina.com\/de\/\",\"name\":\"Villa Pa\u010detina\",\"description\":\"Idealno mjesto za odmor, u oazi mira i zelenilu\",\"potentialAction\":[{\"@type\":\"SearchAction\",\"target\":{\"@type\":\"EntryPoint\",\"urlTemplate\":\"https:\/\/villa-pacetina.com\/de\/?s={search_term_string}\"},\"query-input\":{\"@type\":\"PropertyValueSpecification\",\"valueRequired\":true,\"valueName\":\"search_term_string\"}}],\"inLanguage\":\"de\"},{\"@type\":\"Person\",\"@id\":\"https:\/\/villa-pacetina.com\/de\/#\/schema\/person\/1c68f551c9ed88ed99f8be2a16ae526b\",\"name\":\"admin\",\"image\":{\"@type\":\"ImageObject\",\"inLanguage\":\"de\",\"@id\":\"https:\/\/villa-pacetina.com\/de\/#\/schema\/person\/image\/\",\"url\":\"https:\/\/secure.gravatar.com\/avatar\/f98ec6756cb20d61f922dfb50f66c1bb9dc60bbcf7b8ab4672001b466ee773f8?s=96&d=mm&r=g\",\"contentUrl\":\"https:\/\/secure.gravatar.com\/avatar\/f98ec6756cb20d61f922dfb50f66c1bb9dc60bbcf7b8ab4672001b466ee773f8?s=96&d=mm&r=g\",\"caption\":\"admin\"},\"sameAs\":[\"https:\/\/villa-pacetina.com\"],\"url\":\"https:\/\/villa-pacetina.com\/de\/author\/admin\/\"}]}<\/script>\n<!-- \/ Yoast SEO plugin. -->","yoast_head_json":{"title":"Villa Pa\u010detina \u2013 Idealer Ort f\u00fcr die Feier von Martinja 2024 - Villa Pa\u010detina","robots":{"index":"index","follow":"follow","max-snippet":"max-snippet:-1","max-image-preview":"max-image-preview:large","max-video-preview":"max-video-preview:-1"},"canonical":"https:\/\/villa-pacetina.com\/de\/villa-pacetina-idealer-ort-fuer-die-martinja-feier\/","og_locale":"de_DE","og_type":"article","og_title":"Villa Pa\u010detina \u2013 Idealer Ort f\u00fcr die Feier von Martinja 2024 - Villa Pa\u010detina","og_url":"https:\/\/villa-pacetina.com\/de\/villa-pacetina-idealer-ort-fuer-die-martinja-feier\/","og_site_name":"Villa Pa\u010detina","article_publisher":"https:\/\/www.facebook.com\/vilapacetina\/","article_published_time":"2023-11-06T15:21:41+00:00","article_modified_time":"2024-10-19T20:05:39+00:00","og_image":[{"width":800,"height":450,"url":"https:\/\/villa-pacetina.com\/wp-content\/uploads\/2023\/11\/villa-pacetina.com-villa-zagorje-zagorje-smjestaj-s-bazenom-slider-proslava-martinja-u-zagorju.jpg","type":"image\/jpeg"}],"author":"admin","twitter_card":"summary_large_image","twitter_misc":{"Verfasst von":"admin","Gesch\u00e4tzte Lesezeit":"10\u00a0Minuten"},"schema":{"@context":"https:\/\/schema.org","@graph":[{"@type":"Article","@id":"https:\/\/villa-pacetina.com\/de\/villa-pacetina-idealer-ort-fuer-die-martinja-feier\/#article","isPartOf":{"@id":"https:\/\/villa-pacetina.com\/de\/villa-pacetina-idealer-ort-fuer-die-martinja-feier\/"},"author":{"name":"admin","@id":"https:\/\/villa-pacetina.com\/de\/#\/schema\/person\/1c68f551c9ed88ed99f8be2a16ae526b"},"headline":"Villa Pa\u010detina \u2013 Idealer Ort f\u00fcr die Feier von Martinja 2024","datePublished":"2023-11-06T15:21:41+00:00","dateModified":"2024-10-19T20:05:39+00:00","mainEntityOfPage":{"@id":"https:\/\/villa-pacetina.com\/de\/villa-pacetina-idealer-ort-fuer-die-martinja-feier\/"},"wordCount":1911,"commentCount":0,"image":{"@id":"https:\/\/villa-pacetina.com\/de\/villa-pacetina-idealer-ort-fuer-die-martinja-feier\/#primaryimage"},"thumbnailUrl":"https:\/\/villa-pacetina.com\/wp-content\/uploads\/2023\/11\/villa-pacetina.com-villa-zagorje-zagorje-smjestaj-s-bazenom-slider-proslava-martinja-u-zagorju.jpg","articleSection":["Unkategorisiert"],"inLanguage":"de","potentialAction":[{"@type":"CommentAction","name":"Comment","target":["https:\/\/villa-pacetina.com\/de\/villa-pacetina-idealer-ort-fuer-die-martinja-feier\/#respond"]}]},{"@type":"WebPage","@id":"https:\/\/villa-pacetina.com\/de\/villa-pacetina-idealer-ort-fuer-die-martinja-feier\/","url":"https:\/\/villa-pacetina.com\/de\/villa-pacetina-idealer-ort-fuer-die-martinja-feier\/","name":"Villa Pa\u010detina \u2013 Idealer Ort f\u00fcr die Feier von Martinja 2024 - Villa Pa\u010detina","isPartOf":{"@id":"https:\/\/villa-pacetina.com\/de\/#website"},"primaryImageOfPage":{"@id":"https:\/\/villa-pacetina.com\/de\/villa-pacetina-idealer-ort-fuer-die-martinja-feier\/#primaryimage"},"image":{"@id":"https:\/\/villa-pacetina.com\/de\/villa-pacetina-idealer-ort-fuer-die-martinja-feier\/#primaryimage"},"thumbnailUrl":"https:\/\/villa-pacetina.com\/wp-content\/uploads\/2023\/11\/villa-pacetina.com-villa-zagorje-zagorje-smjestaj-s-bazenom-slider-proslava-martinja-u-zagorju.jpg","datePublished":"2023-11-06T15:21:41+00:00","dateModified":"2024-10-19T20:05:39+00:00","author":{"@id":"https:\/\/villa-pacetina.com\/de\/#\/schema\/person\/1c68f551c9ed88ed99f8be2a16ae526b"},"breadcrumb":{"@id":"https:\/\/villa-pacetina.com\/de\/villa-pacetina-idealer-ort-fuer-die-martinja-feier\/#breadcrumb"},"inLanguage":"de","potentialAction":[{"@type":"ReadAction","target":["https:\/\/villa-pacetina.com\/de\/villa-pacetina-idealer-ort-fuer-die-martinja-feier\/"]}]},{"@type":"ImageObject","inLanguage":"de","@id":"https:\/\/villa-pacetina.com\/de\/villa-pacetina-idealer-ort-fuer-die-martinja-feier\/#primaryimage","url":"https:\/\/villa-pacetina.com\/wp-content\/uploads\/2023\/11\/villa-pacetina.com-villa-zagorje-zagorje-smjestaj-s-bazenom-slider-proslava-martinja-u-zagorju.jpg","contentUrl":"https:\/\/villa-pacetina.com\/wp-content\/uploads\/2023\/11\/villa-pacetina.com-villa-zagorje-zagorje-smjestaj-s-bazenom-slider-proslava-martinja-u-zagorju.jpg","width":800,"height":450,"caption":"villa-pacetina.com-villa-zagorje-zagorje-smjestaj-s-bazenom-slider - proslava martinja u zagorju"},{"@type":"BreadcrumbList","@id":"https:\/\/villa-pacetina.com\/de\/villa-pacetina-idealer-ort-fuer-die-martinja-feier\/#breadcrumb","itemListElement":[{"@type":"ListItem","position":1,"name":"Po\u010detna stranica","item":"https:\/\/villa-pacetina.com\/de\/"},{"@type":"ListItem","position":2,"name":"Villa Pa\u010detina \u2013 idealer Ort f\u00fcr die Martinja-Feier"}]},{"@type":"WebSite","@id":"https:\/\/villa-pacetina.com\/de\/#website","url":"https:\/\/villa-pacetina.com\/de\/","name":"Villa Pa\u010detina","description":"Idealno mjesto za odmor, u oazi mira i zelenilu","potentialAction":[{"@type":"SearchAction","target":{"@type":"EntryPoint","urlTemplate":"https:\/\/villa-pacetina.com\/de\/?s={search_term_string}"},"query-input":{"@type":"PropertyValueSpecification","valueRequired":true,"valueName":"search_term_string"}}],"inLanguage":"de"},{"@type":"Person","@id":"https:\/\/villa-pacetina.com\/de\/#\/schema\/person\/1c68f551c9ed88ed99f8be2a16ae526b","name":"admin","image":{"@type":"ImageObject","inLanguage":"de","@id":"https:\/\/villa-pacetina.com\/de\/#\/schema\/person\/image\/","url":"https:\/\/secure.gravatar.com\/avatar\/f98ec6756cb20d61f922dfb50f66c1bb9dc60bbcf7b8ab4672001b466ee773f8?s=96&d=mm&r=g","contentUrl":"https:\/\/secure.gravatar.com\/avatar\/f98ec6756cb20d61f922dfb50f66c1bb9dc60bbcf7b8ab4672001b466ee773f8?s=96&d=mm&r=g","caption":"admin"},"sameAs":["https:\/\/villa-pacetina.com"],"url":"https:\/\/villa-pacetina.com\/de\/author\/admin\/"}]}},"_links":{"self":[{"href":"https:\/\/villa-pacetina.com\/de\/wp-json\/wp\/v2\/posts\/6176","targetHints":{"allow":["GET"]}}],"collection":[{"href":"https:\/\/villa-pacetina.com\/de\/wp-json\/wp\/v2\/posts"}],"about":[{"href":"https:\/\/villa-pacetina.com\/de\/wp-json\/wp\/v2\/types\/post"}],"author":[{"embeddable":true,"href":"https:\/\/villa-pacetina.com\/de\/wp-json\/wp\/v2\/users\/1"}],"replies":[{"embeddable":true,"href":"https:\/\/villa-pacetina.com\/de\/wp-json\/wp\/v2\/comments?post=6176"}],"version-history":[{"count":0,"href":"https:\/\/villa-pacetina.com\/de\/wp-json\/wp\/v2\/posts\/6176\/revisions"}],"wp:featuredmedia":[{"embeddable":true,"href":"https:\/\/villa-pacetina.com\/de\/wp-json\/wp\/v2\/media\/6168"}],"wp:attachment":[{"href":"https:\/\/villa-pacetina.com\/de\/wp-json\/wp\/v2\/media?parent=6176"}],"wp:term":[{"taxonomy":"category","embeddable":true,"href":"https:\/\/villa-pacetina.com\/de\/wp-json\/wp\/v2\/categories?post=6176"},{"taxonomy":"post_tag","embeddable":true,"href":"https:\/\/villa-pacetina.com\/de\/wp-json\/wp\/v2\/tags?post=6176"}],"curies":[{"name":"wp","href":"https:\/\/api.w.org\/{rel}","templated":true}]}}