{"id":6243,"date":"2023-04-12T08:42:34","date_gmt":"2023-04-12T08:42:34","guid":{"rendered":"https:\/\/villa-pacetina.com\/villa-pacetina-festigt-seine-position-als-umweltbewusstes-reiseziel-neue-moeglichkeit-zum-aufladen-von-elektroautos\/"},"modified":"2024-10-25T10:34:21","modified_gmt":"2024-10-25T10:34:21","slug":"villa-pacetina-festigt-seine-position-als-umweltbewusstes-reiseziel-neue-moeglichkeit-zum-aufladen-von-elektroautos","status":"publish","type":"post","link":"https:\/\/villa-pacetina.com\/de\/villa-pacetina-festigt-seine-position-als-umweltbewusstes-reiseziel-neue-moeglichkeit-zum-aufladen-von-elektroautos\/","title":{"rendered":"Villa Pa\u010detina festigt ihre Position als \u00f6kologisches Reiseziel: Neue M\u00f6glichkeit, Elektroautos kostenlos aufzuladen"},"content":{"rendered":"<div class=\"fusion-fullwidth fullwidth-box fusion-builder-row-1 fusion-flex-container nonhundred-percent-fullwidth non-hundred-percent-height-scrolling\" style=\"--awb-border-radius-top-left:0px;--awb-border-radius-top-right:0px;--awb-border-radius-bottom-right:0px;--awb-border-radius-bottom-left:0px;--awb-flex-wrap:wrap;\" ><div class=\"fusion-builder-row fusion-row fusion-flex-align-items-flex-start fusion-flex-content-wrap\" style=\"max-width:1300px;margin-left: calc(-4% \/ 2 );margin-right: calc(-4% \/ 2 );\"><div class=\"fusion-layout-column fusion_builder_column fusion-builder-column-0 fusion_builder_column_1_1 1_1 fusion-flex-column\" style=\"--awb-bg-size:cover;--awb-width-large:100%;--awb-margin-top-large:0px;--awb-spacing-right-large:1.92%;--awb-margin-bottom-large:20px;--awb-spacing-left-large:1.92%;--awb-width-medium:100%;--awb-order-medium:0;--awb-spacing-right-medium:1.92%;--awb-spacing-left-medium:1.92%;--awb-width-small:100%;--awb-order-small:0;--awb-spacing-right-small:1.92%;--awb-spacing-left-small:1.92%;\"><div class=\"fusion-column-wrapper fusion-column-has-shadow fusion-flex-justify-content-flex-start fusion-content-layout-column\"><div class=\"fusion-builder-row fusion-builder-row-inner fusion-row fusion-flex-align-items-flex-start fusion-flex-content-wrap\" style=\"width:104% !important;max-width:104% !important;margin-left: calc(-4% \/ 2 );margin-right: calc(-4% \/ 2 );\"><div class=\"fusion-layout-column fusion_builder_column_inner fusion-builder-nested-column-0 fusion_builder_column_inner_1_1 1_1 fusion-flex-column\" style=\"--awb-bg-size:cover;--awb-width-large:100%;--awb-margin-top-large:0px;--awb-spacing-right-large:1.92%;--awb-margin-bottom-large:20px;--awb-spacing-left-large:1.92%;--awb-width-medium:100%;--awb-order-medium:0;--awb-spacing-right-medium:1.92%;--awb-spacing-left-medium:1.92%;--awb-width-small:100%;--awb-order-small:0;--awb-spacing-right-small:1.92%;--awb-spacing-left-small:1.92%;\"><div class=\"fusion-column-wrapper fusion-column-has-shadow fusion-flex-justify-content-flex-start fusion-content-layout-column\"><div class=\"fusion-title title fusion-title-1 fusion-title-center fusion-title-text fusion-title-size-two\" style=\"--awb-margin-bottom:0px;--awb-margin-bottom-small:0px;--awb-font-size:var(--awb-typography2-font-size);\"><div class=\"title-sep-container title-sep-container-left\"><div class=\"title-sep sep- sep-solid\" style=\"border-color:var(--awb-color3);\"><\/div><\/div><span class=\"awb-title-spacer\"><\/span><h2 class=\"fusion-title-heading title-heading-center fusion-responsive-typography-calculated\" style=\"font-family:var(--awb-typography2-font-family);font-weight:var(--awb-typography2-font-weight);font-style:var(--awb-typography2-font-style);margin:0;font-size:1em;letter-spacing:var(--awb-typography2-letter-spacing);text-transform:var(--awb-typography2-text-transform);--fontSize:13;--minFontSize:13;line-height:var(--awb-typography2-line-height);\">Villa Pacetina<\/h2><span class=\"awb-title-spacer\"><\/span><div class=\"title-sep-container title-sep-container-right\"><div class=\"title-sep sep- sep-solid\" style=\"border-color:var(--awb-color3);\"><\/div><\/div><\/div><div class=\"fusion-title title fusion-title-2 fusion-title-center fusion-title-text fusion-title-size-one\" style=\"--awb-margin-bottom-small:15px;--awb-font-size:46px;\"><div class=\"title-sep-container title-sep-container-left\"><div class=\"title-sep sep- sep-solid\" style=\"border-color:var(--awb-color3);\"><\/div><\/div><span class=\"awb-title-spacer\"><\/span><h1 class=\"fusion-title-heading title-heading-center fusion-responsive-typography-calculated\" style=\"margin:0;font-size:1em;text-transform:none;--fontSize:46;line-height:var(--awb-typography1-line-height);\">Villa Pa\u010detina festigt ihre Position als \u00f6kologisches Reiseziel: Neue M\u00f6glichkeit, Elektroautos kostenlos aufzuladen<\/h1><span class=\"awb-title-spacer\"><\/span><div class=\"title-sep-container title-sep-container-right\"><div class=\"title-sep sep- sep-solid\" style=\"border-color:var(--awb-color3);\"><\/div><\/div><\/div><\/div><\/div><\/div><\/div><\/div><div class=\"fusion-layout-column fusion_builder_column fusion-builder-column-1 fusion_builder_column_1_1 1_1 fusion-flex-column\" style=\"--awb-bg-size:cover;--awb-width-large:100%;--awb-margin-top-large:0px;--awb-spacing-right-large:1.92%;--awb-margin-bottom-large:0px;--awb-spacing-left-large:1.92%;--awb-width-medium:100%;--awb-spacing-right-medium:1.92%;--awb-spacing-left-medium:1.92%;--awb-width-small:100%;--awb-spacing-right-small:1.92%;--awb-spacing-left-small:1.92%;\"><div class=\"fusion-column-wrapper fusion-flex-justify-content-flex-start fusion-content-layout-column\"><div class=\"fusion-text fusion-text-1\"><p>Villa Pa\u010detina, bekannt f\u00fcr ihre Eleganz und ihren Komfort, war schon immer ein Synonym f\u00fcr Innovation und Modernit\u00e4t. K\u00fcrzlich k\u00fcndigte diese wundersch\u00f6ne Villa stolz ihre neueste M\u00f6glichkeit an \u2013 das Laden von Elektroautos mithilfe der Schrach &amp; Charge-Technologie. Mit dieser Neuerung steht Villa Pa\u010detina an der Spitze nachhaltiger Mobilit\u00e4tstrends und tr\u00e4gt zu ihrem Ruf als umweltbewusstes Reiseziel bei.<\/p>\n<p>Die Schrach &amp; Charge-Technologie, die in der luxuri\u00f6sen Umgebung der Villa platziert ist, erm\u00f6glicht G\u00e4sten und Besuchern das einfache und schnelle Aufladen ihrer Elektrofahrzeuge. Dadurch m\u00fcssen sie sich keine Gedanken mehr dar\u00fcber machen, wo sie eine Ladestation finden oder mit sporadisch verf\u00fcgbaren Steckdosen rechnen m\u00fcssen. Jetzt k\u00f6nnen sie einfach zur Villa fahren, die Vorz\u00fcge genie\u00dfen und gleichzeitig ihr Fahrzeug aufladen, um sicherzustellen, dass sie f\u00fcr ihr n\u00e4chstes Abenteuer bereit sind.<\/p>\n<p>Dieses neue Feature erleichtert G\u00e4sten nicht nur das Reisen, sondern f\u00f6rdert auch Nachhaltigkeit und Umweltverantwortung. Angesichts der zunehmenden Zahl von Elektrofahrzeugen auf den Stra\u00dfen auf der ganzen Welt erkannte Villa Pa\u010detina die Notwendigkeit, ihre Dienstleistungen an die Bed\u00fcrfnisse moderner Reisender anzupassen. Es zeichnet sich als Branchenf\u00fchrer aus und ist Vorbild f\u00fcr andere Luxusdestinationen auf der ganzen Welt.<\/p>\n<p>Villa Pa\u010detina bietet ihren G\u00e4sten nicht nur Komfort und Luxus, sondern spielt auch eine aktive Rolle im Umweltschutz. Die Reduzierung des CO2-Aussto\u00dfes wird immer wichtiger und diese Innovation zeigt, dass Luxus und Umweltbewusstsein Hand in Hand gehen k\u00f6nnen.<\/p>\n<p>Letztendlich setzt die Villa Pa\u010detina ihre Tradition fort, Ma\u00dfst\u00e4be in der Welt der Luxusunterk\u00fcnfte zu setzen. Seine neue M\u00f6glichkeit, Elektroautos mit der Schrach &amp; Charge-Technologie aufzuladen, ist nicht nur ein Schritt in die Zukunft, sondern auch eine Best\u00e4tigung seines Engagements f\u00fcr Komfort, Innovation und Nachhaltigkeit.<\/p>\n<\/div><\/div><\/div><\/div><\/div>\n","protected":false},"excerpt":{"rendered":"","protected":false},"author":1,"featured_media":6279,"comment_status":"open","ping_status":"open","sticky":false,"template":"","format":"standard","meta":{"footnotes":""},"categories":[29],"tags":[],"class_list":["post-6243","post","type-post","status-publish","format-standard","has-post-thumbnail","hentry","category-unkategorisiert"],"yoast_head":"<!-- This site is optimized with the Yoast SEO plugin v27.1.1 - https:\/\/yoast.com\/product\/yoast-seo-wordpress\/ -->\n<title>Villa Pa\u010detina festigt ihre Position als \u00f6kologisches Reiseziel: Neue M\u00f6glichkeit, Elektroautos kostenlos aufzuladen - Villa Pa\u010detina<\/title>\n<meta name=\"robots\" content=\"index, follow, max-snippet:-1, max-image-preview:large, max-video-preview:-1\" \/>\n<link rel=\"canonical\" href=\"https:\/\/villa-pacetina.com\/de\/villa-pacetina-festigt-seine-position-als-umweltbewusstes-reiseziel-neue-moeglichkeit-zum-aufladen-von-elektroautos\/\" \/>\n<meta property=\"og:locale\" content=\"de_DE\" \/>\n<meta property=\"og:type\" content=\"article\" \/>\n<meta property=\"og:title\" content=\"Villa Pa\u010detina festigt ihre Position als \u00f6kologisches Reiseziel: Neue M\u00f6glichkeit, Elektroautos kostenlos aufzuladen - Villa Pa\u010detina\" \/>\n<meta property=\"og:url\" content=\"https:\/\/villa-pacetina.com\/de\/villa-pacetina-festigt-seine-position-als-umweltbewusstes-reiseziel-neue-moeglichkeit-zum-aufladen-von-elektroautos\/\" \/>\n<meta property=\"og:site_name\" content=\"Villa Pa\u010detina\" \/>\n<meta property=\"article:publisher\" content=\"https:\/\/www.facebook.com\/vilapacetina\/\" \/>\n<meta property=\"article:published_time\" content=\"2023-04-12T08:42:34+00:00\" \/>\n<meta property=\"article:modified_time\" content=\"2024-10-25T10:34:21+00:00\" \/>\n<meta property=\"og:image\" content=\"https:\/\/villa-pacetina.com\/wp-content\/uploads\/2024\/04\/villa-pacetina.com-villa-zagorje-zagorje-smjestaj-s-bazenom-slider32-800x450-copy-400x225-copy.jpg\" \/>\n\t<meta property=\"og:image:width\" content=\"400\" \/>\n\t<meta property=\"og:image:height\" content=\"225\" \/>\n\t<meta property=\"og:image:type\" content=\"image\/jpeg\" \/>\n<meta name=\"author\" content=\"admin\" \/>\n<meta name=\"twitter:card\" content=\"summary_large_image\" \/>\n<meta name=\"twitter:label1\" content=\"Verfasst von\" \/>\n\t<meta name=\"twitter:data1\" content=\"admin\" \/>\n\t<meta name=\"twitter:label2\" content=\"Gesch\u00e4tzte Lesezeit\" \/>\n\t<meta name=\"twitter:data2\" content=\"9\u00a0Minuten\" \/>\n<script type=\"application\/ld+json\" class=\"yoast-schema-graph\">{\"@context\":\"https:\/\/schema.org\",\"@graph\":[{\"@type\":\"Article\",\"@id\":\"https:\/\/villa-pacetina.com\/de\/villa-pacetina-festigt-seine-position-als-umweltbewusstes-reiseziel-neue-moeglichkeit-zum-aufladen-von-elektroautos\/#article\",\"isPartOf\":{\"@id\":\"https:\/\/villa-pacetina.com\/de\/villa-pacetina-festigt-seine-position-als-umweltbewusstes-reiseziel-neue-moeglichkeit-zum-aufladen-von-elektroautos\/\"},\"author\":{\"name\":\"admin\",\"@id\":\"https:\/\/villa-pacetina.com\/de\/#\/schema\/person\/1c68f551c9ed88ed99f8be2a16ae526b\"},\"headline\":\"Villa Pa\u010detina festigt ihre Position als \u00f6kologisches Reiseziel: Neue M\u00f6glichkeit, Elektroautos kostenlos aufzuladen\",\"datePublished\":\"2023-04-12T08:42:34+00:00\",\"dateModified\":\"2024-10-25T10:34:21+00:00\",\"mainEntityOfPage\":{\"@id\":\"https:\/\/villa-pacetina.com\/de\/villa-pacetina-festigt-seine-position-als-umweltbewusstes-reiseziel-neue-moeglichkeit-zum-aufladen-von-elektroautos\/\"},\"wordCount\":1816,\"commentCount\":0,\"image\":{\"@id\":\"https:\/\/villa-pacetina.com\/de\/villa-pacetina-festigt-seine-position-als-umweltbewusstes-reiseziel-neue-moeglichkeit-zum-aufladen-von-elektroautos\/#primaryimage\"},\"thumbnailUrl\":\"https:\/\/villa-pacetina.com\/wp-content\/uploads\/2024\/04\/villa-pacetina.com-villa-zagorje-zagorje-smjestaj-s-bazenom-slider32-800x450-copy-400x225-copy.jpg\",\"articleSection\":[\"Unkategorisiert\"],\"inLanguage\":\"de\",\"potentialAction\":[{\"@type\":\"CommentAction\",\"name\":\"Comment\",\"target\":[\"https:\/\/villa-pacetina.com\/de\/villa-pacetina-festigt-seine-position-als-umweltbewusstes-reiseziel-neue-moeglichkeit-zum-aufladen-von-elektroautos\/#respond\"]}]},{\"@type\":\"WebPage\",\"@id\":\"https:\/\/villa-pacetina.com\/de\/villa-pacetina-festigt-seine-position-als-umweltbewusstes-reiseziel-neue-moeglichkeit-zum-aufladen-von-elektroautos\/\",\"url\":\"https:\/\/villa-pacetina.com\/de\/villa-pacetina-festigt-seine-position-als-umweltbewusstes-reiseziel-neue-moeglichkeit-zum-aufladen-von-elektroautos\/\",\"name\":\"Villa Pa\u010detina festigt ihre Position als \u00f6kologisches Reiseziel: Neue M\u00f6glichkeit, Elektroautos kostenlos aufzuladen - Villa Pa\u010detina\",\"isPartOf\":{\"@id\":\"https:\/\/villa-pacetina.com\/de\/#website\"},\"primaryImageOfPage\":{\"@id\":\"https:\/\/villa-pacetina.com\/de\/villa-pacetina-festigt-seine-position-als-umweltbewusstes-reiseziel-neue-moeglichkeit-zum-aufladen-von-elektroautos\/#primaryimage\"},\"image\":{\"@id\":\"https:\/\/villa-pacetina.com\/de\/villa-pacetina-festigt-seine-position-als-umweltbewusstes-reiseziel-neue-moeglichkeit-zum-aufladen-von-elektroautos\/#primaryimage\"},\"thumbnailUrl\":\"https:\/\/villa-pacetina.com\/wp-content\/uploads\/2024\/04\/villa-pacetina.com-villa-zagorje-zagorje-smjestaj-s-bazenom-slider32-800x450-copy-400x225-copy.jpg\",\"datePublished\":\"2023-04-12T08:42:34+00:00\",\"dateModified\":\"2024-10-25T10:34:21+00:00\",\"author\":{\"@id\":\"https:\/\/villa-pacetina.com\/de\/#\/schema\/person\/1c68f551c9ed88ed99f8be2a16ae526b\"},\"breadcrumb\":{\"@id\":\"https:\/\/villa-pacetina.com\/de\/villa-pacetina-festigt-seine-position-als-umweltbewusstes-reiseziel-neue-moeglichkeit-zum-aufladen-von-elektroautos\/#breadcrumb\"},\"inLanguage\":\"de\",\"potentialAction\":[{\"@type\":\"ReadAction\",\"target\":[\"https:\/\/villa-pacetina.com\/de\/villa-pacetina-festigt-seine-position-als-umweltbewusstes-reiseziel-neue-moeglichkeit-zum-aufladen-von-elektroautos\/\"]}]},{\"@type\":\"ImageObject\",\"inLanguage\":\"de\",\"@id\":\"https:\/\/villa-pacetina.com\/de\/villa-pacetina-festigt-seine-position-als-umweltbewusstes-reiseziel-neue-moeglichkeit-zum-aufladen-von-elektroautos\/#primaryimage\",\"url\":\"https:\/\/villa-pacetina.com\/wp-content\/uploads\/2024\/04\/villa-pacetina.com-villa-zagorje-zagorje-smjestaj-s-bazenom-slider32-800x450-copy-400x225-copy.jpg\",\"contentUrl\":\"https:\/\/villa-pacetina.com\/wp-content\/uploads\/2024\/04\/villa-pacetina.com-villa-zagorje-zagorje-smjestaj-s-bazenom-slider32-800x450-copy-400x225-copy.jpg\",\"width\":400,\"height\":225},{\"@type\":\"BreadcrumbList\",\"@id\":\"https:\/\/villa-pacetina.com\/de\/villa-pacetina-festigt-seine-position-als-umweltbewusstes-reiseziel-neue-moeglichkeit-zum-aufladen-von-elektroautos\/#breadcrumb\",\"itemListElement\":[{\"@type\":\"ListItem\",\"position\":1,\"name\":\"Po\u010detna stranica\",\"item\":\"https:\/\/villa-pacetina.com\/de\/\"},{\"@type\":\"ListItem\",\"position\":2,\"name\":\"Villa Pa\u010detina festigt ihre Position als \u00f6kologisches Reiseziel: Neue M\u00f6glichkeit, Elektroautos kostenlos aufzuladen\"}]},{\"@type\":\"WebSite\",\"@id\":\"https:\/\/villa-pacetina.com\/de\/#website\",\"url\":\"https:\/\/villa-pacetina.com\/de\/\",\"name\":\"Villa Pa\u010detina\",\"description\":\"Idealno mjesto za odmor, u oazi mira i zelenilu\",\"potentialAction\":[{\"@type\":\"SearchAction\",\"target\":{\"@type\":\"EntryPoint\",\"urlTemplate\":\"https:\/\/villa-pacetina.com\/de\/?s={search_term_string}\"},\"query-input\":{\"@type\":\"PropertyValueSpecification\",\"valueRequired\":true,\"valueName\":\"search_term_string\"}}],\"inLanguage\":\"de\"},{\"@type\":\"Person\",\"@id\":\"https:\/\/villa-pacetina.com\/de\/#\/schema\/person\/1c68f551c9ed88ed99f8be2a16ae526b\",\"name\":\"admin\",\"image\":{\"@type\":\"ImageObject\",\"inLanguage\":\"de\",\"@id\":\"https:\/\/villa-pacetina.com\/de\/#\/schema\/person\/image\/\",\"url\":\"https:\/\/secure.gravatar.com\/avatar\/f98ec6756cb20d61f922dfb50f66c1bb9dc60bbcf7b8ab4672001b466ee773f8?s=96&d=mm&r=g\",\"contentUrl\":\"https:\/\/secure.gravatar.com\/avatar\/f98ec6756cb20d61f922dfb50f66c1bb9dc60bbcf7b8ab4672001b466ee773f8?s=96&d=mm&r=g\",\"caption\":\"admin\"},\"sameAs\":[\"https:\/\/villa-pacetina.com\"],\"url\":\"https:\/\/villa-pacetina.com\/de\/author\/admin\/\"}]}<\/script>\n<!-- \/ Yoast SEO plugin. -->","yoast_head_json":{"title":"Villa Pa\u010detina festigt ihre Position als \u00f6kologisches Reiseziel: Neue M\u00f6glichkeit, Elektroautos kostenlos aufzuladen - Villa Pa\u010detina","robots":{"index":"index","follow":"follow","max-snippet":"max-snippet:-1","max-image-preview":"max-image-preview:large","max-video-preview":"max-video-preview:-1"},"canonical":"https:\/\/villa-pacetina.com\/de\/villa-pacetina-festigt-seine-position-als-umweltbewusstes-reiseziel-neue-moeglichkeit-zum-aufladen-von-elektroautos\/","og_locale":"de_DE","og_type":"article","og_title":"Villa Pa\u010detina festigt ihre Position als \u00f6kologisches Reiseziel: Neue M\u00f6glichkeit, Elektroautos kostenlos aufzuladen - Villa Pa\u010detina","og_url":"https:\/\/villa-pacetina.com\/de\/villa-pacetina-festigt-seine-position-als-umweltbewusstes-reiseziel-neue-moeglichkeit-zum-aufladen-von-elektroautos\/","og_site_name":"Villa Pa\u010detina","article_publisher":"https:\/\/www.facebook.com\/vilapacetina\/","article_published_time":"2023-04-12T08:42:34+00:00","article_modified_time":"2024-10-25T10:34:21+00:00","og_image":[{"width":400,"height":225,"url":"https:\/\/villa-pacetina.com\/wp-content\/uploads\/2024\/04\/villa-pacetina.com-villa-zagorje-zagorje-smjestaj-s-bazenom-slider32-800x450-copy-400x225-copy.jpg","type":"image\/jpeg"}],"author":"admin","twitter_card":"summary_large_image","twitter_misc":{"Verfasst von":"admin","Gesch\u00e4tzte Lesezeit":"9\u00a0Minuten"},"schema":{"@context":"https:\/\/schema.org","@graph":[{"@type":"Article","@id":"https:\/\/villa-pacetina.com\/de\/villa-pacetina-festigt-seine-position-als-umweltbewusstes-reiseziel-neue-moeglichkeit-zum-aufladen-von-elektroautos\/#article","isPartOf":{"@id":"https:\/\/villa-pacetina.com\/de\/villa-pacetina-festigt-seine-position-als-umweltbewusstes-reiseziel-neue-moeglichkeit-zum-aufladen-von-elektroautos\/"},"author":{"name":"admin","@id":"https:\/\/villa-pacetina.com\/de\/#\/schema\/person\/1c68f551c9ed88ed99f8be2a16ae526b"},"headline":"Villa Pa\u010detina festigt ihre Position als \u00f6kologisches Reiseziel: Neue M\u00f6glichkeit, Elektroautos kostenlos aufzuladen","datePublished":"2023-04-12T08:42:34+00:00","dateModified":"2024-10-25T10:34:21+00:00","mainEntityOfPage":{"@id":"https:\/\/villa-pacetina.com\/de\/villa-pacetina-festigt-seine-position-als-umweltbewusstes-reiseziel-neue-moeglichkeit-zum-aufladen-von-elektroautos\/"},"wordCount":1816,"commentCount":0,"image":{"@id":"https:\/\/villa-pacetina.com\/de\/villa-pacetina-festigt-seine-position-als-umweltbewusstes-reiseziel-neue-moeglichkeit-zum-aufladen-von-elektroautos\/#primaryimage"},"thumbnailUrl":"https:\/\/villa-pacetina.com\/wp-content\/uploads\/2024\/04\/villa-pacetina.com-villa-zagorje-zagorje-smjestaj-s-bazenom-slider32-800x450-copy-400x225-copy.jpg","articleSection":["Unkategorisiert"],"inLanguage":"de","potentialAction":[{"@type":"CommentAction","name":"Comment","target":["https:\/\/villa-pacetina.com\/de\/villa-pacetina-festigt-seine-position-als-umweltbewusstes-reiseziel-neue-moeglichkeit-zum-aufladen-von-elektroautos\/#respond"]}]},{"@type":"WebPage","@id":"https:\/\/villa-pacetina.com\/de\/villa-pacetina-festigt-seine-position-als-umweltbewusstes-reiseziel-neue-moeglichkeit-zum-aufladen-von-elektroautos\/","url":"https:\/\/villa-pacetina.com\/de\/villa-pacetina-festigt-seine-position-als-umweltbewusstes-reiseziel-neue-moeglichkeit-zum-aufladen-von-elektroautos\/","name":"Villa Pa\u010detina festigt ihre Position als \u00f6kologisches Reiseziel: Neue M\u00f6glichkeit, Elektroautos kostenlos aufzuladen - Villa Pa\u010detina","isPartOf":{"@id":"https:\/\/villa-pacetina.com\/de\/#website"},"primaryImageOfPage":{"@id":"https:\/\/villa-pacetina.com\/de\/villa-pacetina-festigt-seine-position-als-umweltbewusstes-reiseziel-neue-moeglichkeit-zum-aufladen-von-elektroautos\/#primaryimage"},"image":{"@id":"https:\/\/villa-pacetina.com\/de\/villa-pacetina-festigt-seine-position-als-umweltbewusstes-reiseziel-neue-moeglichkeit-zum-aufladen-von-elektroautos\/#primaryimage"},"thumbnailUrl":"https:\/\/villa-pacetina.com\/wp-content\/uploads\/2024\/04\/villa-pacetina.com-villa-zagorje-zagorje-smjestaj-s-bazenom-slider32-800x450-copy-400x225-copy.jpg","datePublished":"2023-04-12T08:42:34+00:00","dateModified":"2024-10-25T10:34:21+00:00","author":{"@id":"https:\/\/villa-pacetina.com\/de\/#\/schema\/person\/1c68f551c9ed88ed99f8be2a16ae526b"},"breadcrumb":{"@id":"https:\/\/villa-pacetina.com\/de\/villa-pacetina-festigt-seine-position-als-umweltbewusstes-reiseziel-neue-moeglichkeit-zum-aufladen-von-elektroautos\/#breadcrumb"},"inLanguage":"de","potentialAction":[{"@type":"ReadAction","target":["https:\/\/villa-pacetina.com\/de\/villa-pacetina-festigt-seine-position-als-umweltbewusstes-reiseziel-neue-moeglichkeit-zum-aufladen-von-elektroautos\/"]}]},{"@type":"ImageObject","inLanguage":"de","@id":"https:\/\/villa-pacetina.com\/de\/villa-pacetina-festigt-seine-position-als-umweltbewusstes-reiseziel-neue-moeglichkeit-zum-aufladen-von-elektroautos\/#primaryimage","url":"https:\/\/villa-pacetina.com\/wp-content\/uploads\/2024\/04\/villa-pacetina.com-villa-zagorje-zagorje-smjestaj-s-bazenom-slider32-800x450-copy-400x225-copy.jpg","contentUrl":"https:\/\/villa-pacetina.com\/wp-content\/uploads\/2024\/04\/villa-pacetina.com-villa-zagorje-zagorje-smjestaj-s-bazenom-slider32-800x450-copy-400x225-copy.jpg","width":400,"height":225},{"@type":"BreadcrumbList","@id":"https:\/\/villa-pacetina.com\/de\/villa-pacetina-festigt-seine-position-als-umweltbewusstes-reiseziel-neue-moeglichkeit-zum-aufladen-von-elektroautos\/#breadcrumb","itemListElement":[{"@type":"ListItem","position":1,"name":"Po\u010detna stranica","item":"https:\/\/villa-pacetina.com\/de\/"},{"@type":"ListItem","position":2,"name":"Villa Pa\u010detina festigt ihre Position als \u00f6kologisches Reiseziel: Neue M\u00f6glichkeit, Elektroautos kostenlos aufzuladen"}]},{"@type":"WebSite","@id":"https:\/\/villa-pacetina.com\/de\/#website","url":"https:\/\/villa-pacetina.com\/de\/","name":"Villa Pa\u010detina","description":"Idealno mjesto za odmor, u oazi mira i zelenilu","potentialAction":[{"@type":"SearchAction","target":{"@type":"EntryPoint","urlTemplate":"https:\/\/villa-pacetina.com\/de\/?s={search_term_string}"},"query-input":{"@type":"PropertyValueSpecification","valueRequired":true,"valueName":"search_term_string"}}],"inLanguage":"de"},{"@type":"Person","@id":"https:\/\/villa-pacetina.com\/de\/#\/schema\/person\/1c68f551c9ed88ed99f8be2a16ae526b","name":"admin","image":{"@type":"ImageObject","inLanguage":"de","@id":"https:\/\/villa-pacetina.com\/de\/#\/schema\/person\/image\/","url":"https:\/\/secure.gravatar.com\/avatar\/f98ec6756cb20d61f922dfb50f66c1bb9dc60bbcf7b8ab4672001b466ee773f8?s=96&d=mm&r=g","contentUrl":"https:\/\/secure.gravatar.com\/avatar\/f98ec6756cb20d61f922dfb50f66c1bb9dc60bbcf7b8ab4672001b466ee773f8?s=96&d=mm&r=g","caption":"admin"},"sameAs":["https:\/\/villa-pacetina.com"],"url":"https:\/\/villa-pacetina.com\/de\/author\/admin\/"}]}},"_links":{"self":[{"href":"https:\/\/villa-pacetina.com\/de\/wp-json\/wp\/v2\/posts\/6243","targetHints":{"allow":["GET"]}}],"collection":[{"href":"https:\/\/villa-pacetina.com\/de\/wp-json\/wp\/v2\/posts"}],"about":[{"href":"https:\/\/villa-pacetina.com\/de\/wp-json\/wp\/v2\/types\/post"}],"author":[{"embeddable":true,"href":"https:\/\/villa-pacetina.com\/de\/wp-json\/wp\/v2\/users\/1"}],"replies":[{"embeddable":true,"href":"https:\/\/villa-pacetina.com\/de\/wp-json\/wp\/v2\/comments?post=6243"}],"version-history":[{"count":0,"href":"https:\/\/villa-pacetina.com\/de\/wp-json\/wp\/v2\/posts\/6243\/revisions"}],"wp:featuredmedia":[{"embeddable":true,"href":"https:\/\/villa-pacetina.com\/de\/wp-json\/wp\/v2\/media\/6279"}],"wp:attachment":[{"href":"https:\/\/villa-pacetina.com\/de\/wp-json\/wp\/v2\/media?parent=6243"}],"wp:term":[{"taxonomy":"category","embeddable":true,"href":"https:\/\/villa-pacetina.com\/de\/wp-json\/wp\/v2\/categories?post=6243"},{"taxonomy":"post_tag","embeddable":true,"href":"https:\/\/villa-pacetina.com\/de\/wp-json\/wp\/v2\/tags?post=6243"}],"curies":[{"name":"wp","href":"https:\/\/api.w.org\/{rel}","templated":true}]}}