{"id":7392,"date":"2025-06-11T07:30:36","date_gmt":"2025-06-11T07:30:36","guid":{"rendered":"https:\/\/villa-pacetina.com\/villa-pacetina-fuehrt-sie-mit-dem-e-bike-ueber-die-gruenen-huegel\/"},"modified":"2025-08-25T08:46:47","modified_gmt":"2025-08-25T08:46:47","slug":"villa-pacetina-fuehrt-sie-mit-dem-e-bike-ueber-die-gruenen-huegel","status":"publish","type":"post","link":"https:\/\/villa-pacetina.com\/de\/villa-pacetina-fuehrt-sie-mit-dem-e-bike-ueber-die-gruenen-huegel\/","title":{"rendered":"Villa Pa\u010detina f\u00fchrt Sie mit dem E-Bike \u00fcber die gr\u00fcnen H\u00fcgel"},"content":{"rendered":"<p><div class=\"fusion-fullwidth fullwidth-box fusion-builder-row-1 fusion-flex-container has-pattern-background has-mask-background fusion-parallax-none hundred-percent-fullwidth non-hundred-percent-height-scrolling lazyload\" style=\"--awb-border-radius-top-left:0px;--awb-border-radius-top-right:0px;--awb-border-radius-bottom-right:0px;--awb-border-radius-bottom-left:0px;--awb-padding-right:0px;--awb-padding-bottom:0px;--awb-padding-left:0px;--awb-margin-bottom:50px;--awb-min-height:700px;--awb-min-height-small:300px;--awb-background-size:cover;--awb-flex-wrap:wrap;\" data-bg=\"https:\/\/villa-pacetina.com\/wp-content\/uploads\/2025\/06\/20250526_134013-copy.jpg\" ><div class=\"fusion-builder-row fusion-row fusion-flex-align-items-center fusion-flex-align-content-flex-end fusion-flex-content-wrap\" style=\"width:104% !important;max-width:104% !important;margin-left: calc(-4% \/ 2 );margin-right: calc(-4% \/ 2 );\"><div class=\"fusion-layout-column fusion_builder_column fusion-builder-column-0 fusion_builder_column_1_1 1_1 fusion-flex-column\" style=\"--awb-bg-size:cover;--awb-width-large:100%;--awb-margin-top-large:0px;--awb-spacing-right-large:1.92%;--awb-margin-bottom-large:0px;--awb-spacing-left-large:1.92%;--awb-width-medium:100%;--awb-order-medium:0;--awb-spacing-right-medium:1.92%;--awb-spacing-left-medium:1.92%;--awb-width-small:100%;--awb-order-small:0;--awb-spacing-right-small:1.92%;--awb-spacing-left-small:1.92%;\"><div class=\"fusion-column-wrapper fusion-column-has-shadow fusion-flex-justify-content-flex-start fusion-content-layout-column\"><div class=\"fusion-section-separator section-separator hills-opacity fusion-section-separator-1\" style=\"--awb-spacer-padding-top:inherit;--awb-svg-margin-left:1.92%;--awb-svg-margin-right:1.92%;--awb-svg-margin-left-medium:1.92%;--awb-svg-margin-right-medium:1.92%;--awb-svg-margin-left-small:1.92%;--awb-svg-margin-right-small:1.92%;--awb-divider-height:50px;--awb-spacer-height:50px;--awb-sep-font-size:0;--awb-sep-line-height:0;--awb-margin-right:0px;--awb-margin-bottom:0px;--awb-margin-left:0px;\"><div class=\"fusion-section-separator-svg\"><svg class=\"fusion-hills-opacity-candy\" xmlns=\"http:\/\/www.w3.org\/2000\/svg\" version=\"1.1\" width=\"100%\" viewBox=\"0 -0.5 1024 182\" preserveAspectRatio=\"none\" fill=\"rgba(255,255,255,1)\"><path class=\"st0\" d=\"M0 182.086h1024V41.593c-28.058-21.504-60.109-37.581-97.075-37.581-112.845 0-198.144 93.798-289.792 93.798S437.658 6.777 351.846 6.777s-142.234 82.125-238.49 82.125c-63.078 0-75.776-31.744-113.357-53.658L0 182.086z\"\/>\n\t\t\t\t\t\t\t\t\t<path class=\"st1\" d=\"M1024 181.062v-75.878c-39.731 15.872-80.794 27.341-117.658 25.805-110.387-4.506-191.795-109.773-325.53-116.224-109.158-5.12-344.166 120.115-429.466 166.298H1024v-.001z\"\/>\n\t\t\t\t\t\t\t\t\t<path class=\"st2\" d=\"M0 182.086h1024V90.028C966.451 59.103 907.059 16.3 824.115 15.071 690.278 13.023 665.19 102.93 482.099 102.93S202.138-1.62 74.24.019C46.49.326 21.811 4.217 0 9.849v172.237z\"\/>\n\t\t\t\t\t\t\t\t\t<path class=\"st3\" d=\"M0 182.086h1024V80.505c-37.171 19.558-80.691 35.328-139.571 36.25-151.142 2.355-141.619-28.57-298.496-29.184s-138.854 47.002-305.459 43.725C132.813 128.428 91.238 44.563 0 28.179v153.907z\"\/>\n\t\t\t\t\t\t\t\t\t<path class=\"st4\" d=\"M0 182.086h1024v-77.312c-49.05 20.07-120.525 42.394-193.229 42.086-128.922-.512-159.846-72.294-255.795-72.294-89.088 0-134.656 80.179-245.043 82.022S169.063 99.346 49.971 97.401C32.768 97.094 16.077 99.244 0 103.135v78.951z\"\/>\n\t\t\t\t\t\t\t\t<\/svg><\/div><div class=\"fusion-section-separator-spacer\"><div class=\"fusion-section-separator-spacer-height\"><\/div><\/div><\/div><\/div><\/div><\/div><\/div><div class=\"fusion-fullwidth fullwidth-box fusion-builder-row-2 fusion-flex-container nonhundred-percent-fullwidth non-hundred-percent-height-scrolling\" style=\"--awb-border-radius-top-left:0px;--awb-border-radius-top-right:0px;--awb-border-radius-bottom-right:0px;--awb-border-radius-bottom-left:0px;--awb-flex-wrap:wrap;\" ><div class=\"fusion-builder-row fusion-row fusion-flex-align-items-flex-start fusion-flex-content-wrap\" style=\"max-width:1300px;margin-left: calc(-4% \/ 2 );margin-right: calc(-4% \/ 2 );\"><div class=\"fusion-layout-column fusion_builder_column fusion-builder-column-1 fusion_builder_column_1_1 1_1 fusion-flex-column\" style=\"--awb-bg-size:cover;--awb-width-large:100%;--awb-margin-top-large:0px;--awb-spacing-right-large:1.92%;--awb-margin-bottom-large:20px;--awb-spacing-left-large:1.92%;--awb-width-medium:100%;--awb-order-medium:0;--awb-spacing-right-medium:1.92%;--awb-spacing-left-medium:1.92%;--awb-width-small:100%;--awb-order-small:0;--awb-spacing-right-small:1.92%;--awb-spacing-left-small:1.92%;\"><div class=\"fusion-column-wrapper fusion-column-has-shadow fusion-flex-justify-content-flex-start fusion-content-layout-column\"><div class=\"fusion-builder-row fusion-builder-row-inner fusion-row fusion-flex-align-items-flex-start fusion-flex-content-wrap\" style=\"width:104% !important;max-width:104% !important;margin-left: calc(-4% \/ 2 );margin-right: calc(-4% \/ 2 );\"><div class=\"fusion-layout-column fusion_builder_column_inner fusion-builder-nested-column-0 fusion_builder_column_inner_1_1 1_1 fusion-flex-column\" style=\"--awb-bg-size:cover;--awb-width-large:100%;--awb-margin-top-large:0px;--awb-spacing-right-large:1.92%;--awb-margin-bottom-large:20px;--awb-spacing-left-large:1.92%;--awb-width-medium:100%;--awb-order-medium:0;--awb-spacing-right-medium:1.92%;--awb-spacing-left-medium:1.92%;--awb-width-small:100%;--awb-order-small:0;--awb-spacing-right-small:1.92%;--awb-spacing-left-small:1.92%;\"><div class=\"fusion-column-wrapper fusion-column-has-shadow fusion-flex-justify-content-flex-start fusion-content-layout-column\"><div class=\"fusion-title title fusion-title-1 fusion-title-center fusion-title-text fusion-title-size-one\" style=\"--awb-margin-bottom-small:15px;--awb-font-size:46px;\"><div class=\"title-sep-container title-sep-container-left\"><div class=\"title-sep sep- sep-solid\" style=\"border-color:var(--awb-color3);\"><\/div><\/div><span class=\"awb-title-spacer\"><\/span><h1 class=\"fusion-title-heading title-heading-center fusion-responsive-typography-calculated\" style=\"margin:0;font-size:1em;text-transform:none;--fontSize:46;line-height:var(--awb-typography1-line-height);\">Villa Pa\u010detina f\u00fchrt Sie mit dem E-Bike \u00fcber die gr\u00fcnen H\u00fcgel<\/h1><span class=\"awb-title-spacer\"><\/span><div class=\"title-sep-container title-sep-container-right\"><div class=\"title-sep sep- sep-solid\" style=\"border-color:var(--awb-color3);\"><\/div><\/div><\/div><\/div><\/div><\/div><\/div><\/div><div class=\"fusion-layout-column fusion_builder_column fusion-builder-column-2 fusion_builder_column_1_1 1_1 fusion-flex-column\" style=\"--awb-bg-size:cover;--awb-width-large:100%;--awb-margin-top-large:0px;--awb-spacing-right-large:1.92%;--awb-margin-bottom-large:0px;--awb-spacing-left-large:1.92%;--awb-width-medium:100%;--awb-spacing-right-medium:1.92%;--awb-spacing-left-medium:1.92%;--awb-width-small:100%;--awb-spacing-right-small:1.92%;--awb-spacing-left-small:1.92%;\"><div class=\"fusion-column-wrapper fusion-flex-justify-content-flex-start fusion-content-layout-column\"><div class=\"fusion-text fusion-text-1\"><p data-start=\"0\" data-end=\"424\">Die Villa Pa\u010detina bietet ihren G\u00e4sten drei brandneue Elektrofahrr\u00e4der \u2013 diskret leistungsstark, leise und perfekt an die kurvenreichen Stra\u00dfen von Zagorje angepasst. Dank moderner Motoren und langlebiger Batterien wird jeder Anstieg zu einer gem\u00fctlichen Fahrt, und oben angekommen, belohnt Sie die atemberaubende Aussicht auf goldgr\u00fcne Weinberge, markante Kircht\u00fcrme und m\u00e4rchenhafte Schl\u00f6sser, die \u00fcber die H\u00fcgel verstreut liegen. <\/p>\n<p data-start=\"426\" data-end=\"931\">Die Wege f\u00fchren zu Aussichtspunkten, Thermalb\u00e4dern in den Kurzentren von Krapinske Toplice, aber auch zu authentischen Zagorje-Weinkellern.<\/p>\n<p data-start=\"933\" data-end=\"1464\" data-is-last-node=\"\" data-is-only-node=\"\">Wenn Sie einen aktiven Urlaub verbringen m\u00f6chten, lassen Sie sich von unseren Mitarbeitern eine Route vorschlagen, die auf Ihr Fitnessniveau zugeschnitten ist: von einer morgendlichen \u201eKaffeefahrt\u201c mit dem Duft herbstlicher Weinberge bis hin zu einem ganzt\u00e4gigen Abenteuer durch schattige Buchenw\u00e4lder. Keine Sorgen ums Parken oder M\u00fcdigkeit \u2013 der Elektroantrieb sorgt daf\u00fcr, dass Sie genug Energie haben, um lokale Produkte zu probieren und die Terrasse der Villa Pa\u010detina zu genie\u00dfen, w\u00e4hrend die Sonne hinter den H\u00fcgeln von Zagorje verschwindet. Schalten Sie in den E-Modus, fangen Sie den Rhythmus der Natur ein und entdecken Sie, wie viel sch\u00f6ner Zagorje ist, wenn Sie es auf zwei R\u00e4dern erkunden!  <\/p>\n<\/div><\/div><\/div><\/div><\/div><\/p>\n","protected":false},"excerpt":{"rendered":"","protected":false},"author":1,"featured_media":0,"comment_status":"open","ping_status":"open","sticky":false,"template":"","format":"standard","meta":{"footnotes":""},"categories":[29],"tags":[],"class_list":["post-7392","post","type-post","status-publish","format-standard","hentry","category-unkategorisiert"],"yoast_head":"<!-- This site is optimized with the Yoast SEO plugin v27.1.1 - https:\/\/yoast.com\/product\/yoast-seo-wordpress\/ -->\n<title>Villa Pa\u010detina f\u00fchrt Sie mit dem E-Bike \u00fcber die gr\u00fcnen H\u00fcgel - Villa Pa\u010detina<\/title>\n<meta name=\"robots\" content=\"index, follow, max-snippet:-1, max-image-preview:large, max-video-preview:-1\" \/>\n<link rel=\"canonical\" href=\"https:\/\/villa-pacetina.com\/de\/villa-pacetina-fuehrt-sie-mit-dem-e-bike-ueber-die-gruenen-huegel\/\" \/>\n<meta property=\"og:locale\" content=\"de_DE\" \/>\n<meta property=\"og:type\" content=\"article\" \/>\n<meta property=\"og:title\" content=\"Villa Pa\u010detina f\u00fchrt Sie mit dem E-Bike \u00fcber die gr\u00fcnen H\u00fcgel - Villa Pa\u010detina\" \/>\n<meta property=\"og:url\" content=\"https:\/\/villa-pacetina.com\/de\/villa-pacetina-fuehrt-sie-mit-dem-e-bike-ueber-die-gruenen-huegel\/\" \/>\n<meta property=\"og:site_name\" content=\"Villa Pa\u010detina\" \/>\n<meta property=\"article:publisher\" content=\"https:\/\/www.facebook.com\/vilapacetina\/\" \/>\n<meta property=\"article:published_time\" content=\"2025-06-11T07:30:36+00:00\" \/>\n<meta property=\"article:modified_time\" content=\"2025-08-25T08:46:47+00:00\" \/>\n<meta property=\"og:image\" content=\"https:\/\/villa-pacetina.com\/wp-content\/uploads\/2025\/06\/Villa-Pacetina-vas-vodi-e-bikeom-preko-zelenih-bregova.jpg\" \/>\n\t<meta property=\"og:image:width\" content=\"1920\" \/>\n\t<meta property=\"og:image:height\" content=\"1279\" \/>\n\t<meta property=\"og:image:type\" content=\"image\/jpeg\" \/>\n<meta name=\"author\" content=\"admin\" \/>\n<meta name=\"twitter:card\" content=\"summary_large_image\" \/>\n<meta name=\"twitter:label1\" content=\"Verfasst von\" \/>\n\t<meta name=\"twitter:data1\" content=\"admin\" \/>\n\t<meta name=\"twitter:label2\" content=\"Gesch\u00e4tzte Lesezeit\" \/>\n\t<meta name=\"twitter:data2\" content=\"12\u00a0Minuten\" \/>\n<script type=\"application\/ld+json\" class=\"yoast-schema-graph\">{\"@context\":\"https:\/\/schema.org\",\"@graph\":[{\"@type\":\"Article\",\"@id\":\"https:\/\/villa-pacetina.com\/de\/villa-pacetina-fuehrt-sie-mit-dem-e-bike-ueber-die-gruenen-huegel\/#article\",\"isPartOf\":{\"@id\":\"https:\/\/villa-pacetina.com\/de\/villa-pacetina-fuehrt-sie-mit-dem-e-bike-ueber-die-gruenen-huegel\/\"},\"author\":{\"name\":\"admin\",\"@id\":\"https:\/\/villa-pacetina.com\/de\/#\/schema\/person\/1c68f551c9ed88ed99f8be2a16ae526b\"},\"headline\":\"Villa Pa\u010detina f\u00fchrt Sie mit dem E-Bike \u00fcber die gr\u00fcnen H\u00fcgel\",\"datePublished\":\"2025-06-11T07:30:36+00:00\",\"dateModified\":\"2025-08-25T08:46:47+00:00\",\"mainEntityOfPage\":{\"@id\":\"https:\/\/villa-pacetina.com\/de\/villa-pacetina-fuehrt-sie-mit-dem-e-bike-ueber-die-gruenen-huegel\/\"},\"wordCount\":2423,\"commentCount\":0,\"articleSection\":[\"Unkategorisiert\"],\"inLanguage\":\"de\",\"potentialAction\":[{\"@type\":\"CommentAction\",\"name\":\"Comment\",\"target\":[\"https:\/\/villa-pacetina.com\/de\/villa-pacetina-fuehrt-sie-mit-dem-e-bike-ueber-die-gruenen-huegel\/#respond\"]}]},{\"@type\":\"WebPage\",\"@id\":\"https:\/\/villa-pacetina.com\/de\/villa-pacetina-fuehrt-sie-mit-dem-e-bike-ueber-die-gruenen-huegel\/\",\"url\":\"https:\/\/villa-pacetina.com\/de\/villa-pacetina-fuehrt-sie-mit-dem-e-bike-ueber-die-gruenen-huegel\/\",\"name\":\"Villa Pa\u010detina f\u00fchrt Sie mit dem E-Bike \u00fcber die gr\u00fcnen H\u00fcgel - Villa Pa\u010detina\",\"isPartOf\":{\"@id\":\"https:\/\/villa-pacetina.com\/de\/#website\"},\"datePublished\":\"2025-06-11T07:30:36+00:00\",\"dateModified\":\"2025-08-25T08:46:47+00:00\",\"author\":{\"@id\":\"https:\/\/villa-pacetina.com\/de\/#\/schema\/person\/1c68f551c9ed88ed99f8be2a16ae526b\"},\"breadcrumb\":{\"@id\":\"https:\/\/villa-pacetina.com\/de\/villa-pacetina-fuehrt-sie-mit-dem-e-bike-ueber-die-gruenen-huegel\/#breadcrumb\"},\"inLanguage\":\"de\",\"potentialAction\":[{\"@type\":\"ReadAction\",\"target\":[\"https:\/\/villa-pacetina.com\/de\/villa-pacetina-fuehrt-sie-mit-dem-e-bike-ueber-die-gruenen-huegel\/\"]}]},{\"@type\":\"BreadcrumbList\",\"@id\":\"https:\/\/villa-pacetina.com\/de\/villa-pacetina-fuehrt-sie-mit-dem-e-bike-ueber-die-gruenen-huegel\/#breadcrumb\",\"itemListElement\":[{\"@type\":\"ListItem\",\"position\":1,\"name\":\"Po\u010detna stranica\",\"item\":\"https:\/\/villa-pacetina.com\/de\/\"},{\"@type\":\"ListItem\",\"position\":2,\"name\":\"Villa Pa\u010detina f\u00fchrt Sie mit dem E-Bike \u00fcber die gr\u00fcnen H\u00fcgel\"}]},{\"@type\":\"WebSite\",\"@id\":\"https:\/\/villa-pacetina.com\/de\/#website\",\"url\":\"https:\/\/villa-pacetina.com\/de\/\",\"name\":\"Villa Pa\u010detina\",\"description\":\"Idealno mjesto za odmor, u oazi mira i zelenilu\",\"potentialAction\":[{\"@type\":\"SearchAction\",\"target\":{\"@type\":\"EntryPoint\",\"urlTemplate\":\"https:\/\/villa-pacetina.com\/de\/?s={search_term_string}\"},\"query-input\":{\"@type\":\"PropertyValueSpecification\",\"valueRequired\":true,\"valueName\":\"search_term_string\"}}],\"inLanguage\":\"de\"},{\"@type\":\"Person\",\"@id\":\"https:\/\/villa-pacetina.com\/de\/#\/schema\/person\/1c68f551c9ed88ed99f8be2a16ae526b\",\"name\":\"admin\",\"image\":{\"@type\":\"ImageObject\",\"inLanguage\":\"de\",\"@id\":\"https:\/\/villa-pacetina.com\/de\/#\/schema\/person\/image\/\",\"url\":\"https:\/\/secure.gravatar.com\/avatar\/f98ec6756cb20d61f922dfb50f66c1bb9dc60bbcf7b8ab4672001b466ee773f8?s=96&d=mm&r=g\",\"contentUrl\":\"https:\/\/secure.gravatar.com\/avatar\/f98ec6756cb20d61f922dfb50f66c1bb9dc60bbcf7b8ab4672001b466ee773f8?s=96&d=mm&r=g\",\"caption\":\"admin\"},\"sameAs\":[\"https:\/\/villa-pacetina.com\"],\"url\":\"https:\/\/villa-pacetina.com\/de\/author\/admin\/\"}]}<\/script>\n<!-- \/ Yoast SEO plugin. -->","yoast_head_json":{"title":"Villa Pa\u010detina f\u00fchrt Sie mit dem E-Bike \u00fcber die gr\u00fcnen H\u00fcgel - Villa Pa\u010detina","robots":{"index":"index","follow":"follow","max-snippet":"max-snippet:-1","max-image-preview":"max-image-preview:large","max-video-preview":"max-video-preview:-1"},"canonical":"https:\/\/villa-pacetina.com\/de\/villa-pacetina-fuehrt-sie-mit-dem-e-bike-ueber-die-gruenen-huegel\/","og_locale":"de_DE","og_type":"article","og_title":"Villa Pa\u010detina f\u00fchrt Sie mit dem E-Bike \u00fcber die gr\u00fcnen H\u00fcgel - Villa Pa\u010detina","og_url":"https:\/\/villa-pacetina.com\/de\/villa-pacetina-fuehrt-sie-mit-dem-e-bike-ueber-die-gruenen-huegel\/","og_site_name":"Villa Pa\u010detina","article_publisher":"https:\/\/www.facebook.com\/vilapacetina\/","article_published_time":"2025-06-11T07:30:36+00:00","article_modified_time":"2025-08-25T08:46:47+00:00","og_image":[{"width":1920,"height":1279,"url":"https:\/\/villa-pacetina.com\/wp-content\/uploads\/2025\/06\/Villa-Pacetina-vas-vodi-e-bikeom-preko-zelenih-bregova.jpg","type":"image\/jpeg"}],"author":"admin","twitter_card":"summary_large_image","twitter_misc":{"Verfasst von":"admin","Gesch\u00e4tzte Lesezeit":"12\u00a0Minuten"},"schema":{"@context":"https:\/\/schema.org","@graph":[{"@type":"Article","@id":"https:\/\/villa-pacetina.com\/de\/villa-pacetina-fuehrt-sie-mit-dem-e-bike-ueber-die-gruenen-huegel\/#article","isPartOf":{"@id":"https:\/\/villa-pacetina.com\/de\/villa-pacetina-fuehrt-sie-mit-dem-e-bike-ueber-die-gruenen-huegel\/"},"author":{"name":"admin","@id":"https:\/\/villa-pacetina.com\/de\/#\/schema\/person\/1c68f551c9ed88ed99f8be2a16ae526b"},"headline":"Villa Pa\u010detina f\u00fchrt Sie mit dem E-Bike \u00fcber die gr\u00fcnen H\u00fcgel","datePublished":"2025-06-11T07:30:36+00:00","dateModified":"2025-08-25T08:46:47+00:00","mainEntityOfPage":{"@id":"https:\/\/villa-pacetina.com\/de\/villa-pacetina-fuehrt-sie-mit-dem-e-bike-ueber-die-gruenen-huegel\/"},"wordCount":2423,"commentCount":0,"articleSection":["Unkategorisiert"],"inLanguage":"de","potentialAction":[{"@type":"CommentAction","name":"Comment","target":["https:\/\/villa-pacetina.com\/de\/villa-pacetina-fuehrt-sie-mit-dem-e-bike-ueber-die-gruenen-huegel\/#respond"]}]},{"@type":"WebPage","@id":"https:\/\/villa-pacetina.com\/de\/villa-pacetina-fuehrt-sie-mit-dem-e-bike-ueber-die-gruenen-huegel\/","url":"https:\/\/villa-pacetina.com\/de\/villa-pacetina-fuehrt-sie-mit-dem-e-bike-ueber-die-gruenen-huegel\/","name":"Villa Pa\u010detina f\u00fchrt Sie mit dem E-Bike \u00fcber die gr\u00fcnen H\u00fcgel - Villa Pa\u010detina","isPartOf":{"@id":"https:\/\/villa-pacetina.com\/de\/#website"},"datePublished":"2025-06-11T07:30:36+00:00","dateModified":"2025-08-25T08:46:47+00:00","author":{"@id":"https:\/\/villa-pacetina.com\/de\/#\/schema\/person\/1c68f551c9ed88ed99f8be2a16ae526b"},"breadcrumb":{"@id":"https:\/\/villa-pacetina.com\/de\/villa-pacetina-fuehrt-sie-mit-dem-e-bike-ueber-die-gruenen-huegel\/#breadcrumb"},"inLanguage":"de","potentialAction":[{"@type":"ReadAction","target":["https:\/\/villa-pacetina.com\/de\/villa-pacetina-fuehrt-sie-mit-dem-e-bike-ueber-die-gruenen-huegel\/"]}]},{"@type":"BreadcrumbList","@id":"https:\/\/villa-pacetina.com\/de\/villa-pacetina-fuehrt-sie-mit-dem-e-bike-ueber-die-gruenen-huegel\/#breadcrumb","itemListElement":[{"@type":"ListItem","position":1,"name":"Po\u010detna stranica","item":"https:\/\/villa-pacetina.com\/de\/"},{"@type":"ListItem","position":2,"name":"Villa Pa\u010detina f\u00fchrt Sie mit dem E-Bike \u00fcber die gr\u00fcnen H\u00fcgel"}]},{"@type":"WebSite","@id":"https:\/\/villa-pacetina.com\/de\/#website","url":"https:\/\/villa-pacetina.com\/de\/","name":"Villa Pa\u010detina","description":"Idealno mjesto za odmor, u oazi mira i zelenilu","potentialAction":[{"@type":"SearchAction","target":{"@type":"EntryPoint","urlTemplate":"https:\/\/villa-pacetina.com\/de\/?s={search_term_string}"},"query-input":{"@type":"PropertyValueSpecification","valueRequired":true,"valueName":"search_term_string"}}],"inLanguage":"de"},{"@type":"Person","@id":"https:\/\/villa-pacetina.com\/de\/#\/schema\/person\/1c68f551c9ed88ed99f8be2a16ae526b","name":"admin","image":{"@type":"ImageObject","inLanguage":"de","@id":"https:\/\/villa-pacetina.com\/de\/#\/schema\/person\/image\/","url":"https:\/\/secure.gravatar.com\/avatar\/f98ec6756cb20d61f922dfb50f66c1bb9dc60bbcf7b8ab4672001b466ee773f8?s=96&d=mm&r=g","contentUrl":"https:\/\/secure.gravatar.com\/avatar\/f98ec6756cb20d61f922dfb50f66c1bb9dc60bbcf7b8ab4672001b466ee773f8?s=96&d=mm&r=g","caption":"admin"},"sameAs":["https:\/\/villa-pacetina.com"],"url":"https:\/\/villa-pacetina.com\/de\/author\/admin\/"}]}},"_links":{"self":[{"href":"https:\/\/villa-pacetina.com\/de\/wp-json\/wp\/v2\/posts\/7392","targetHints":{"allow":["GET"]}}],"collection":[{"href":"https:\/\/villa-pacetina.com\/de\/wp-json\/wp\/v2\/posts"}],"about":[{"href":"https:\/\/villa-pacetina.com\/de\/wp-json\/wp\/v2\/types\/post"}],"author":[{"embeddable":true,"href":"https:\/\/villa-pacetina.com\/de\/wp-json\/wp\/v2\/users\/1"}],"replies":[{"embeddable":true,"href":"https:\/\/villa-pacetina.com\/de\/wp-json\/wp\/v2\/comments?post=7392"}],"version-history":[{"count":0,"href":"https:\/\/villa-pacetina.com\/de\/wp-json\/wp\/v2\/posts\/7392\/revisions"}],"wp:attachment":[{"href":"https:\/\/villa-pacetina.com\/de\/wp-json\/wp\/v2\/media?parent=7392"}],"wp:term":[{"taxonomy":"category","embeddable":true,"href":"https:\/\/villa-pacetina.com\/de\/wp-json\/wp\/v2\/categories?post=7392"},{"taxonomy":"post_tag","embeddable":true,"href":"https:\/\/villa-pacetina.com\/de\/wp-json\/wp\/v2\/tags?post=7392"}],"curies":[{"name":"wp","href":"https:\/\/api.w.org\/{rel}","templated":true}]}}