{"id":5348,"date":"2023-04-25T13:38:20","date_gmt":"2023-04-25T13:38:20","guid":{"rendered":"https:\/\/villa-pacetina.com\/non-categorizzato\/villa-pacetina-ville-esclusive\/"},"modified":"2023-04-25T13:38:20","modified_gmt":"2023-04-25T13:38:20","slug":"villa-pacetina-ville-esclusive","status":"publish","type":"post","link":"https:\/\/villa-pacetina.com\/it\/villa-pacetina-ville-esclusive\/","title":{"rendered":"Villa Pa\u010detina ville esclusive"},"content":{"rendered":"<p>Villa Pa\u010detina \u00e8 un insieme di <strong><span style=\"text-decoration: underline;\"><a href=\"https:\/\/villa-pacetina.com\/en\/ville\/\">ville esclusive<\/a><\/span><\/strong> situate su una bellissima collina in completo isolamento, circondate da un bosco, a soli 30 minuti da Zagabria ea 20 minuti dal confine sloveno. Le ville sono una perfetta combinazione di lusso e natura, offrendo un ambiente tranquillo per rilassarsi e distendersi. Ogni villa ha le sue caratteristiche uniche ed \u00e8 progettata per soddisfare esigenze diverse.<\/p>\n<p><a href=\"https:\/\/villa-pacetina.com\/en\/villas\/villa-lara\/\">Villa Lara<\/a> \u00e8 una villa di 120 mq con interni in legno che offrono un&#8217;atmosfera unica e confortevole. La villa \u00e8 composta da una cucina, una zona pranzo, un soggiorno, tre camere da letto, un bagno al piano terra e un bagno al primo piano con mini sauna e vasca idromassaggio. L&#8217;esterno della villa \u00e8 altrettanto impressionante, con una terrazza coperta recentemente rinnovata che ha una cucina estiva, un solarium, una piscina riscaldata e un camino. C&#8217;\u00e8 anche un parco giochi per bambini, che lo rende perfetto per famiglie con bambini. La villa pu\u00f2 ospitare fino a otto persone.<\/p>\n<p><a href=\"https:\/\/villa-pacetina.com\/en\/villas\/villa-nina\/\">Villa Nina<\/a> \u00e8 una villa modernista con un design d&#8217;interni scelto con cura che crea un&#8217;atmosfera accogliente con il calore del legno. La villa ha una superficie totale di 150 mq e si compone di un ampio soggiorno con zona pranzo e cucina, quattro camere da letto con bagni e servizi en-suite, e una vasta area SPA &#8211; relax che ospita una vasca idromassaggio per cinque persone, una sauna per quattro persone, e una doccia. Inoltre, ci sono ping pong, calcio balilla e una piscina per il divertimento degli ospiti. La villa pu\u00f2 ospitare fino a otto persone.<\/p>\n<p><a href=\"https:\/\/villa-pacetina.com\/en\/villas\/villa-nina\/\">Villa Nina<\/a> \u00e8 la villa di nuova costruzione orgogliosa della sua zona SPA. \u00c8 dotata di una vasca idromassaggio per sei persone e di una sauna, e l&#8217;intera zona SPA e il soggiorno sono collegati con la natura attraverso una grande parete di vetro che pu\u00f2 essere aperta per tutta la lunghezza della villa, permettendo agli ospiti di godere dello splendido scenario. <a href=\"https:\/\/villa-pacetina.com\/en\/villas\/villa-nina\/\">Villa Nina<\/a> \u00e8 l&#8217;ideale per le vacanze estive e il relax.<\/p>\n<p>La zona SPA di Villa Pa\u010detina offre la possibilit\u00e0 di rilassarsi e distendersi con i servizi di un massaggiatore\/massaggiatrice professionista che verr\u00e0 direttamente nella vostra villa. Questo concetto unico consente agli ospiti di godersi un massaggio nel comfort della propria villa, senza la necessit\u00e0 di recarsi in un centro SPA. I massaggiatori professionisti sono abili ed esperti e faranno in modo che gli ospiti se ne vadano riposati e ringiovaniti.<\/p>\n<p>Oltre alle lussuose ville, Villa Pa\u010detina offre numerose attivit\u00e0 all&#8217;aria aperta e attrazioni nei dintorni. La posizione \u00e8 perfetta per una variet\u00e0 di attivit\u00e0 all&#8217;aria aperta, come trekking, mountain bike, raccolta di frutta nei frutteti vicini, sport e intrattenimento. Villa Pa\u010detina \u00e8 il luogo ideale per vacanze in famiglia, fughe di amici, riunioni di lavoro, team building, riunioni organizzate, conferenze professionali e presentazioni.<\/p>\n<p>Gli ospiti possono anche godere delle diverse offerte culturali e gastronomiche della regione croata dello Zagorje, rendendo Villa Pa\u010detina una scelta eccellente per una vacanza unica e indimenticabile.<\/p>\n","protected":false},"excerpt":{"rendered":"<p>Villa Pa\u010detina \u00e8 un insieme di ville esclusive situate su una bellissima collina in completo isolamento, circondate da un bosco, a soli 30 minuti da Zagabria ea 20 minuti dal confine sloveno. Le ville sono una perfetta combinazione di lusso [&hellip;]<\/p>\n","protected":false},"author":1,"featured_media":0,"comment_status":"open","ping_status":"open","sticky":false,"template":"","format":"standard","meta":{"footnotes":""},"categories":[],"tags":[],"class_list":["post-5348","post","type-post","status-publish","format-standard","hentry"],"yoast_head":"<!-- This site is optimized with the Yoast SEO plugin v27.1.1 - https:\/\/yoast.com\/product\/yoast-seo-wordpress\/ -->\n<title>Villa Pa\u010detina ville esclusive - Villa Pa\u010detina<\/title>\n<meta name=\"robots\" content=\"index, follow, max-snippet:-1, max-image-preview:large, max-video-preview:-1\" \/>\n<link rel=\"canonical\" href=\"https:\/\/villa-pacetina.com\/it\/villa-pacetina-ville-esclusive\/\" \/>\n<meta property=\"og:locale\" content=\"it_IT\" \/>\n<meta property=\"og:type\" content=\"article\" \/>\n<meta property=\"og:title\" content=\"Villa Pa\u010detina ville esclusive - Villa Pa\u010detina\" \/>\n<meta property=\"og:description\" content=\"Villa Pa\u010detina \u00e8 un insieme di ville esclusive situate su una bellissima collina in completo isolamento, circondate da un bosco, a soli 30 minuti da Zagabria ea 20 minuti dal confine sloveno. Le ville sono una perfetta combinazione di lusso [&hellip;]\" \/>\n<meta property=\"og:url\" content=\"https:\/\/villa-pacetina.com\/it\/villa-pacetina-ville-esclusive\/\" \/>\n<meta property=\"og:site_name\" content=\"Villa Pa\u010detina\" \/>\n<meta property=\"article:publisher\" content=\"https:\/\/www.facebook.com\/vilapacetina\/\" \/>\n<meta property=\"article:published_time\" content=\"2023-04-25T13:38:20+00:00\" \/>\n<meta name=\"author\" content=\"admin\" \/>\n<meta name=\"twitter:card\" content=\"summary_large_image\" \/>\n<meta name=\"twitter:label1\" content=\"Scritto da\" \/>\n\t<meta name=\"twitter:data1\" content=\"admin\" \/>\n\t<meta name=\"twitter:label2\" content=\"Tempo di lettura stimato\" \/>\n\t<meta name=\"twitter:data2\" content=\"2 minuti\" \/>\n<script type=\"application\/ld+json\" class=\"yoast-schema-graph\">{\"@context\":\"https:\/\/schema.org\",\"@graph\":[{\"@type\":\"Article\",\"@id\":\"https:\/\/villa-pacetina.com\/it\/villa-pacetina-ville-esclusive\/#article\",\"isPartOf\":{\"@id\":\"https:\/\/villa-pacetina.com\/it\/villa-pacetina-ville-esclusive\/\"},\"author\":{\"name\":\"admin\",\"@id\":\"https:\/\/villa-pacetina.com\/it\/#\/schema\/person\/1c68f551c9ed88ed99f8be2a16ae526b\"},\"headline\":\"Villa Pa\u010detina ville esclusive\",\"datePublished\":\"2023-04-25T13:38:20+00:00\",\"mainEntityOfPage\":{\"@id\":\"https:\/\/villa-pacetina.com\/it\/villa-pacetina-ville-esclusive\/\"},\"wordCount\":499,\"commentCount\":0,\"inLanguage\":\"it-IT\",\"potentialAction\":[{\"@type\":\"CommentAction\",\"name\":\"Comment\",\"target\":[\"https:\/\/villa-pacetina.com\/it\/villa-pacetina-ville-esclusive\/#respond\"]}]},{\"@type\":\"WebPage\",\"@id\":\"https:\/\/villa-pacetina.com\/it\/villa-pacetina-ville-esclusive\/\",\"url\":\"https:\/\/villa-pacetina.com\/it\/villa-pacetina-ville-esclusive\/\",\"name\":\"Villa Pa\u010detina ville esclusive - Villa Pa\u010detina\",\"isPartOf\":{\"@id\":\"https:\/\/villa-pacetina.com\/it\/#website\"},\"datePublished\":\"2023-04-25T13:38:20+00:00\",\"author\":{\"@id\":\"https:\/\/villa-pacetina.com\/it\/#\/schema\/person\/1c68f551c9ed88ed99f8be2a16ae526b\"},\"breadcrumb\":{\"@id\":\"https:\/\/villa-pacetina.com\/it\/villa-pacetina-ville-esclusive\/#breadcrumb\"},\"inLanguage\":\"it-IT\",\"potentialAction\":[{\"@type\":\"ReadAction\",\"target\":[\"https:\/\/villa-pacetina.com\/it\/villa-pacetina-ville-esclusive\/\"]}]},{\"@type\":\"BreadcrumbList\",\"@id\":\"https:\/\/villa-pacetina.com\/it\/villa-pacetina-ville-esclusive\/#breadcrumb\",\"itemListElement\":[{\"@type\":\"ListItem\",\"position\":1,\"name\":\"Po\u010detna stranica\",\"item\":\"https:\/\/villa-pacetina.com\/it\/prima-pagina\/\"},{\"@type\":\"ListItem\",\"position\":2,\"name\":\"Villa Pa\u010detina ville esclusive\"}]},{\"@type\":\"WebSite\",\"@id\":\"https:\/\/villa-pacetina.com\/it\/#website\",\"url\":\"https:\/\/villa-pacetina.com\/it\/\",\"name\":\"Villa Pa\u010detina\",\"description\":\"Idealno mjesto za odmor, u oazi mira i zelenilu\",\"potentialAction\":[{\"@type\":\"SearchAction\",\"target\":{\"@type\":\"EntryPoint\",\"urlTemplate\":\"https:\/\/villa-pacetina.com\/it\/?s={search_term_string}\"},\"query-input\":{\"@type\":\"PropertyValueSpecification\",\"valueRequired\":true,\"valueName\":\"search_term_string\"}}],\"inLanguage\":\"it-IT\"},{\"@type\":\"Person\",\"@id\":\"https:\/\/villa-pacetina.com\/it\/#\/schema\/person\/1c68f551c9ed88ed99f8be2a16ae526b\",\"name\":\"admin\",\"image\":{\"@type\":\"ImageObject\",\"inLanguage\":\"it-IT\",\"@id\":\"https:\/\/villa-pacetina.com\/it\/#\/schema\/person\/image\/\",\"url\":\"https:\/\/secure.gravatar.com\/avatar\/f98ec6756cb20d61f922dfb50f66c1bb9dc60bbcf7b8ab4672001b466ee773f8?s=96&d=mm&r=g\",\"contentUrl\":\"https:\/\/secure.gravatar.com\/avatar\/f98ec6756cb20d61f922dfb50f66c1bb9dc60bbcf7b8ab4672001b466ee773f8?s=96&d=mm&r=g\",\"caption\":\"admin\"},\"sameAs\":[\"https:\/\/villa-pacetina.com\"],\"url\":\"https:\/\/villa-pacetina.com\/it\/author\/admin\/\"}]}<\/script>\n<!-- \/ Yoast SEO plugin. -->","yoast_head_json":{"title":"Villa Pa\u010detina ville esclusive - Villa Pa\u010detina","robots":{"index":"index","follow":"follow","max-snippet":"max-snippet:-1","max-image-preview":"max-image-preview:large","max-video-preview":"max-video-preview:-1"},"canonical":"https:\/\/villa-pacetina.com\/it\/villa-pacetina-ville-esclusive\/","og_locale":"it_IT","og_type":"article","og_title":"Villa Pa\u010detina ville esclusive - Villa Pa\u010detina","og_description":"Villa Pa\u010detina \u00e8 un insieme di ville esclusive situate su una bellissima collina in completo isolamento, circondate da un bosco, a soli 30 minuti da Zagabria ea 20 minuti dal confine sloveno. Le ville sono una perfetta combinazione di lusso [&hellip;]","og_url":"https:\/\/villa-pacetina.com\/it\/villa-pacetina-ville-esclusive\/","og_site_name":"Villa Pa\u010detina","article_publisher":"https:\/\/www.facebook.com\/vilapacetina\/","article_published_time":"2023-04-25T13:38:20+00:00","author":"admin","twitter_card":"summary_large_image","twitter_misc":{"Scritto da":"admin","Tempo di lettura stimato":"2 minuti"},"schema":{"@context":"https:\/\/schema.org","@graph":[{"@type":"Article","@id":"https:\/\/villa-pacetina.com\/it\/villa-pacetina-ville-esclusive\/#article","isPartOf":{"@id":"https:\/\/villa-pacetina.com\/it\/villa-pacetina-ville-esclusive\/"},"author":{"name":"admin","@id":"https:\/\/villa-pacetina.com\/it\/#\/schema\/person\/1c68f551c9ed88ed99f8be2a16ae526b"},"headline":"Villa Pa\u010detina ville esclusive","datePublished":"2023-04-25T13:38:20+00:00","mainEntityOfPage":{"@id":"https:\/\/villa-pacetina.com\/it\/villa-pacetina-ville-esclusive\/"},"wordCount":499,"commentCount":0,"inLanguage":"it-IT","potentialAction":[{"@type":"CommentAction","name":"Comment","target":["https:\/\/villa-pacetina.com\/it\/villa-pacetina-ville-esclusive\/#respond"]}]},{"@type":"WebPage","@id":"https:\/\/villa-pacetina.com\/it\/villa-pacetina-ville-esclusive\/","url":"https:\/\/villa-pacetina.com\/it\/villa-pacetina-ville-esclusive\/","name":"Villa Pa\u010detina ville esclusive - Villa Pa\u010detina","isPartOf":{"@id":"https:\/\/villa-pacetina.com\/it\/#website"},"datePublished":"2023-04-25T13:38:20+00:00","author":{"@id":"https:\/\/villa-pacetina.com\/it\/#\/schema\/person\/1c68f551c9ed88ed99f8be2a16ae526b"},"breadcrumb":{"@id":"https:\/\/villa-pacetina.com\/it\/villa-pacetina-ville-esclusive\/#breadcrumb"},"inLanguage":"it-IT","potentialAction":[{"@type":"ReadAction","target":["https:\/\/villa-pacetina.com\/it\/villa-pacetina-ville-esclusive\/"]}]},{"@type":"BreadcrumbList","@id":"https:\/\/villa-pacetina.com\/it\/villa-pacetina-ville-esclusive\/#breadcrumb","itemListElement":[{"@type":"ListItem","position":1,"name":"Po\u010detna stranica","item":"https:\/\/villa-pacetina.com\/it\/prima-pagina\/"},{"@type":"ListItem","position":2,"name":"Villa Pa\u010detina ville esclusive"}]},{"@type":"WebSite","@id":"https:\/\/villa-pacetina.com\/it\/#website","url":"https:\/\/villa-pacetina.com\/it\/","name":"Villa Pa\u010detina","description":"Idealno mjesto za odmor, u oazi mira i zelenilu","potentialAction":[{"@type":"SearchAction","target":{"@type":"EntryPoint","urlTemplate":"https:\/\/villa-pacetina.com\/it\/?s={search_term_string}"},"query-input":{"@type":"PropertyValueSpecification","valueRequired":true,"valueName":"search_term_string"}}],"inLanguage":"it-IT"},{"@type":"Person","@id":"https:\/\/villa-pacetina.com\/it\/#\/schema\/person\/1c68f551c9ed88ed99f8be2a16ae526b","name":"admin","image":{"@type":"ImageObject","inLanguage":"it-IT","@id":"https:\/\/villa-pacetina.com\/it\/#\/schema\/person\/image\/","url":"https:\/\/secure.gravatar.com\/avatar\/f98ec6756cb20d61f922dfb50f66c1bb9dc60bbcf7b8ab4672001b466ee773f8?s=96&d=mm&r=g","contentUrl":"https:\/\/secure.gravatar.com\/avatar\/f98ec6756cb20d61f922dfb50f66c1bb9dc60bbcf7b8ab4672001b466ee773f8?s=96&d=mm&r=g","caption":"admin"},"sameAs":["https:\/\/villa-pacetina.com"],"url":"https:\/\/villa-pacetina.com\/it\/author\/admin\/"}]}},"_links":{"self":[{"href":"https:\/\/villa-pacetina.com\/it\/wp-json\/wp\/v2\/posts\/5348","targetHints":{"allow":["GET"]}}],"collection":[{"href":"https:\/\/villa-pacetina.com\/it\/wp-json\/wp\/v2\/posts"}],"about":[{"href":"https:\/\/villa-pacetina.com\/it\/wp-json\/wp\/v2\/types\/post"}],"author":[{"embeddable":true,"href":"https:\/\/villa-pacetina.com\/it\/wp-json\/wp\/v2\/users\/1"}],"replies":[{"embeddable":true,"href":"https:\/\/villa-pacetina.com\/it\/wp-json\/wp\/v2\/comments?post=5348"}],"version-history":[{"count":0,"href":"https:\/\/villa-pacetina.com\/it\/wp-json\/wp\/v2\/posts\/5348\/revisions"}],"wp:attachment":[{"href":"https:\/\/villa-pacetina.com\/it\/wp-json\/wp\/v2\/media?parent=5348"}],"wp:term":[{"taxonomy":"category","embeddable":true,"href":"https:\/\/villa-pacetina.com\/it\/wp-json\/wp\/v2\/categories?post=5348"},{"taxonomy":"post_tag","embeddable":true,"href":"https:\/\/villa-pacetina.com\/it\/wp-json\/wp\/v2\/tags?post=5348"}],"curies":[{"name":"wp","href":"https:\/\/api.w.org\/{rel}","templated":true}]}}