{"id":6143,"date":"2023-10-03T12:20:24","date_gmt":"2023-10-03T12:20:24","guid":{"rendered":"https:\/\/villa-pacetina.com\/autunno-a-villa-pacetina-unoasi-di-lusso-nel-centro-dello-zagorje-croato\/"},"modified":"2024-10-25T10:36:00","modified_gmt":"2024-10-25T10:36:00","slug":"autunno-a-villa-pacetina-unoasi-di-lusso-nel-centro-dello-zagorje-croato","status":"publish","type":"post","link":"https:\/\/villa-pacetina.com\/it\/autunno-a-villa-pacetina-unoasi-di-lusso-nel-centro-dello-zagorje-croato\/","title":{"rendered":"Autunno a Villa Pa\u010detina: un&#8217;oasi di lusso nel centro dello Zagorje croato"},"content":{"rendered":"<div class=\"fusion-fullwidth fullwidth-box fusion-builder-row-1 fusion-flex-container has-pattern-background has-mask-background nonhundred-percent-fullwidth non-hundred-percent-height-scrolling\" style=\"--awb-border-radius-top-left:0px;--awb-border-radius-top-right:0px;--awb-border-radius-bottom-right:0px;--awb-border-radius-bottom-left:0px;--awb-padding-top:0px;--awb-margin-top:0px;--awb-flex-wrap:wrap;\" ><div class=\"fusion-builder-row fusion-row fusion-flex-align-items-flex-start fusion-flex-content-wrap\" style=\"max-width:1300px;margin-left: calc(-4% \/ 2 );margin-right: calc(-4% \/ 2 );\"><div class=\"fusion-layout-column fusion_builder_column fusion-builder-column-0 fusion_builder_column_1_1 1_1 fusion-flex-column\" style=\"--awb-bg-size:cover;--awb-width-large:100%;--awb-margin-top-large:0px;--awb-spacing-right-large:1.92%;--awb-margin-bottom-large:20px;--awb-spacing-left-large:1.92%;--awb-width-medium:100%;--awb-order-medium:0;--awb-spacing-right-medium:1.92%;--awb-spacing-left-medium:1.92%;--awb-width-small:100%;--awb-order-small:0;--awb-spacing-right-small:1.92%;--awb-spacing-left-small:1.92%;\"><div class=\"fusion-column-wrapper fusion-column-has-shadow fusion-flex-justify-content-flex-start fusion-content-layout-column\"><div class=\"fusion-builder-row fusion-builder-row-inner fusion-row fusion-flex-align-items-flex-start fusion-flex-content-wrap\" style=\"width:104% !important;max-width:104% !important;margin-left: calc(-4% \/ 2 );margin-right: calc(-4% \/ 2 );\"><div class=\"fusion-layout-column fusion_builder_column_inner fusion-builder-nested-column-0 fusion_builder_column_inner_1_1 1_1 fusion-flex-column\" style=\"--awb-bg-size:cover;--awb-width-large:100%;--awb-margin-top-large:0px;--awb-spacing-right-large:1.92%;--awb-margin-bottom-large:20px;--awb-spacing-left-large:1.92%;--awb-width-medium:100%;--awb-order-medium:0;--awb-spacing-right-medium:1.92%;--awb-spacing-left-medium:1.92%;--awb-width-small:100%;--awb-order-small:0;--awb-spacing-right-small:1.92%;--awb-spacing-left-small:1.92%;\"><div class=\"fusion-column-wrapper fusion-column-has-shadow fusion-flex-justify-content-flex-start fusion-content-layout-column\"><div class=\"fusion-title title fusion-title-1 fusion-title-center fusion-title-text fusion-title-size-two\" style=\"--awb-margin-bottom:0px;--awb-margin-bottom-small:0px;--awb-font-size:var(--awb-typography2-font-size);\"><div class=\"title-sep-container title-sep-container-left\"><div class=\"title-sep sep- sep-solid\" style=\"border-color:var(--awb-color3);\"><\/div><\/div><span class=\"awb-title-spacer\"><\/span><h2 class=\"fusion-title-heading title-heading-center fusion-responsive-typography-calculated\" style=\"font-family:var(--awb-typography2-font-family);font-weight:var(--awb-typography2-font-weight);font-style:var(--awb-typography2-font-style);margin:0;font-size:1em;letter-spacing:var(--awb-typography2-letter-spacing);text-transform:var(--awb-typography2-text-transform);--fontSize:13;--minFontSize:13;line-height:var(--awb-typography2-line-height);\">Villa Pa\u010detina<\/h2><span class=\"awb-title-spacer\"><\/span><div class=\"title-sep-container title-sep-container-right\"><div class=\"title-sep sep- sep-solid\" style=\"border-color:var(--awb-color3);\"><\/div><\/div><\/div><div class=\"fusion-title title fusion-title-2 fusion-title-center fusion-title-text fusion-title-size-one\" style=\"--awb-margin-bottom-small:15px;--awb-font-size:46px;\"><div class=\"title-sep-container title-sep-container-left\"><div class=\"title-sep sep- sep-solid\" style=\"border-color:var(--awb-color3);\"><\/div><\/div><span class=\"awb-title-spacer\"><\/span><h1 class=\"fusion-title-heading title-heading-center fusion-responsive-typography-calculated\" style=\"margin:0;font-size:1em;text-transform:none;--fontSize:46;line-height:var(--awb-typography1-line-height);\">Autunno a Villa Pa\u010detina: un&#8217;oasi di lusso nel centro dello Zagorje croato<\/h1><span class=\"awb-title-spacer\"><\/span><div class=\"title-sep-container title-sep-container-right\"><div class=\"title-sep sep- sep-solid\" style=\"border-color:var(--awb-color3);\"><\/div><\/div><\/div><\/div><\/div><\/div><\/div><\/div><div class=\"fusion-layout-column fusion_builder_column fusion-builder-column-1 fusion_builder_column_1_1 1_1 fusion-flex-column\" style=\"--awb-bg-size:cover;--awb-width-large:100%;--awb-margin-top-large:0px;--awb-spacing-right-large:1.92%;--awb-margin-bottom-large:20px;--awb-spacing-left-large:1.92%;--awb-width-medium:100%;--awb-order-medium:0;--awb-spacing-right-medium:1.92%;--awb-spacing-left-medium:1.92%;--awb-width-small:100%;--awb-order-small:0;--awb-spacing-right-small:1.92%;--awb-spacing-left-small:1.92%;\"><div class=\"fusion-column-wrapper fusion-column-has-shadow fusion-flex-justify-content-flex-start fusion-content-layout-column\"><div class=\"fusion-image-element \" style=\"--awb-margin-bottom:50px;--awb-caption-title-font-family:var(--h2_typography-font-family);--awb-caption-title-font-weight:var(--h2_typography-font-weight);--awb-caption-title-font-style:var(--h2_typography-font-style);--awb-caption-title-size:var(--h2_typography-font-size);--awb-caption-title-transform:var(--h2_typography-text-transform);--awb-caption-title-line-height:var(--h2_typography-line-height);--awb-caption-title-letter-spacing:var(--h2_typography-letter-spacing);\"><span class=\" fusion-imageframe imageframe-none imageframe-1 hover-type-none\"><img decoding=\"async\" width=\"1980\" height=\"562\" title=\"villa pa\u010detina &#8211; ku\u0107e za odmor zagorje s bazenom\" src=\"https:\/\/villa-pacetina.com\/wp-content\/uploads\/2023\/10\/villa-pacetina-kuce-za-odmor-zagorje-s-bazenom.jpg\" data-orig-src=\"https:\/\/villa-pacetina.com\/wp-content\/uploads\/2023\/10\/villa-pacetina-kuce-za-odmor-zagorje-s-bazenom.jpg\" alt class=\"lazyload img-responsive wp-image-5927\" srcset=\"data:image\/svg+xml,%3Csvg%20xmlns%3D%27http%3A%2F%2Fwww.w3.org%2F2000%2Fsvg%27%20width%3D%271980%27%20height%3D%27562%27%20viewBox%3D%270%200%201980%20562%27%3E%3Crect%20width%3D%271980%27%20height%3D%27562%27%20fill-opacity%3D%220%22%2F%3E%3C%2Fsvg%3E\" data-srcset=\"https:\/\/villa-pacetina.com\/wp-content\/uploads\/2023\/10\/villa-pacetina-kuce-za-odmor-zagorje-s-bazenom-200x57.jpg 200w, https:\/\/villa-pacetina.com\/wp-content\/uploads\/2023\/10\/villa-pacetina-kuce-za-odmor-zagorje-s-bazenom-400x114.jpg 400w, https:\/\/villa-pacetina.com\/wp-content\/uploads\/2023\/10\/villa-pacetina-kuce-za-odmor-zagorje-s-bazenom-600x170.jpg 600w, https:\/\/villa-pacetina.com\/wp-content\/uploads\/2023\/10\/villa-pacetina-kuce-za-odmor-zagorje-s-bazenom-800x227.jpg 800w, https:\/\/villa-pacetina.com\/wp-content\/uploads\/2023\/10\/villa-pacetina-kuce-za-odmor-zagorje-s-bazenom-1200x341.jpg 1200w, https:\/\/villa-pacetina.com\/wp-content\/uploads\/2023\/10\/villa-pacetina-kuce-za-odmor-zagorje-s-bazenom.jpg 1980w\" data-sizes=\"auto\" data-orig-sizes=\"(max-width: 1024px) 100vw, (max-width: 640px) 100vw, 1980px\" \/><\/span><\/div><div class=\"fusion-text fusion-text-1\"><p>A soli 30 minuti di auto da Zagabria e a 20 minuti dal confine con la Slovenia, si trovano le ville Pa\u010detina. Ville esclusive posizionate su una bella e dolce collina, in completa solitudine circondate dalla foresta. Si tratta di strutture ricettive sorprendenti che permettono di vivere la magia dell&#8217;autunno in modo unico. In questo testo, esploreremo come l&#8217;autunno porta una magia speciale a Villa Pa\u010detin attraverso una galleria fotografica.<\/p>\n<p><strong>Autunno a Villa Pa\u010detina: la stagione pittoresca<\/strong><\/p>\n<p>L&#8217;autunno \u00e8 un&#8217;eterna ispirazione per gli amanti della natura, e a Villa Pa\u010detina potete vivere questa ispirazione nel migliore dei modi. Guarda le nostre ultime foto che mostrano come questa stagione trasforma l&#8217;ambiente delle ville in una vera magia di colori e odori.<\/p>\n<p>Nella pace, nella quiete, nel verde e nell&#8217;atmosfera piacevole delle lussuose case vacanza, vivrete indimenticabili momenti di relax. L&#8217;autunno \u00e8 il periodo ideale per passeggiate nei boschi e nei frutteti circostanti. Goditi l&#8217;aria fresca e pulita mentre raccogli la frutta dai frutteti vicini. Inoltre, Villa Pa\u010detina offre numerose opportunit\u00e0 per attivit\u00e0 all&#8217;aria aperta, come escursioni a piedi e in bicicletta, permettendovi di connettervi completamente con la natura.<\/p>\n<p>Date le numerose risorse naturali e le nuove infrastrutture, Hrvatsko Zagorje e le citt\u00e0 circostanti offrono numerose attivit\u00e0. Tuttavia, se prendiamo in considerazione che Villa Pa\u010detina si trova proprio nel cuore di Hrvatski Zagorje, otterrai la combinazione ideale per iniziare la tua vacanza attiva nella natura.<\/p>\n<\/div><div class=\"awb-gallery-wrapper awb-gallery-wrapper-1 button-span-no\" style=\"--more-btn-alignment:center;margin-top:20px;margin-bottom:30px;\"><div style=\"margin:-5px;--awb-bordersize:0px;\" class=\"fusion-gallery fusion-gallery-container fusion-grid-4 fusion-columns-total-4 fusion-gallery-layout-grid fusion-gallery-1\"><div style=\"padding:5px;\" class=\"fusion-grid-column fusion-gallery-column fusion-gallery-column-4\"><div class=\"fusion-gallery-image fusion-gallery-image-liftup\"><a href=\"https:\/\/villa-pacetina.com\/wp-content\/uploads\/2023\/11\/villa-pacetina-ville-i-kuce-s-bazenom-zagorje-2.jpg\" rel=\"noreferrer\" data-rel=\"iLightbox[gallery_image_1]\" class=\"fusion-lightbox\" target=\"_self\"><img decoding=\"async\" src=\"https:\/\/villa-pacetina.com\/wp-content\/uploads\/2023\/11\/villa-pacetina-ville-i-kuce-s-bazenom-zagorje-2.jpg\" data-orig-src=\"https:\/\/villa-pacetina.com\/wp-content\/uploads\/2023\/11\/villa-pacetina-ville-i-kuce-s-bazenom-zagorje-2.jpg\" width=\"2000\" height=\"1333\" alt=\"\" title=\"villa pa\u010detina &#8211; ville i ku\u0107e s bazenom zagorje (2)\" aria-label=\"villa pa\u010detina &#8211; ville i ku\u0107e s bazenom zagorje (2)\" class=\"lazyload img-responsive wp-image-6047\" srcset=\"data:image\/svg+xml,%3Csvg%20xmlns%3D%27http%3A%2F%2Fwww.w3.org%2F2000%2Fsvg%27%20width%3D%272000%27%20height%3D%271333%27%20viewBox%3D%270%200%202000%201333%27%3E%3Crect%20width%3D%272000%27%20height%3D%271333%27%20fill-opacity%3D%220%22%2F%3E%3C%2Fsvg%3E\" data-srcset=\"https:\/\/villa-pacetina.com\/wp-content\/uploads\/2023\/11\/villa-pacetina-ville-i-kuce-s-bazenom-zagorje-2-200x133.jpg 200w, https:\/\/villa-pacetina.com\/wp-content\/uploads\/2023\/11\/villa-pacetina-ville-i-kuce-s-bazenom-zagorje-2-400x267.jpg 400w, https:\/\/villa-pacetina.com\/wp-content\/uploads\/2023\/11\/villa-pacetina-ville-i-kuce-s-bazenom-zagorje-2-600x400.jpg 600w, https:\/\/villa-pacetina.com\/wp-content\/uploads\/2023\/11\/villa-pacetina-ville-i-kuce-s-bazenom-zagorje-2-800x533.jpg 800w, https:\/\/villa-pacetina.com\/wp-content\/uploads\/2023\/11\/villa-pacetina-ville-i-kuce-s-bazenom-zagorje-2-1200x800.jpg 1200w, https:\/\/villa-pacetina.com\/wp-content\/uploads\/2023\/11\/villa-pacetina-ville-i-kuce-s-bazenom-zagorje-2.jpg 2000w\" data-sizes=\"auto\" data-orig-sizes=\"(min-width: 2200px) 100vw, (min-width: 915px) 309px, (min-width: 824px) 412px, (min-width: 732px) 618px, (min-width: 640px) 732px, \" \/><\/a><\/div><\/div><div style=\"padding:5px;\" class=\"fusion-grid-column fusion-gallery-column fusion-gallery-column-4\"><div class=\"fusion-gallery-image fusion-gallery-image-liftup\"><a href=\"https:\/\/villa-pacetina.com\/wp-content\/uploads\/2023\/11\/villa-pacetina-ville-i-kuce-s-bazenom-zagorje-4.jpg\" rel=\"noreferrer\" data-rel=\"iLightbox[gallery_image_1]\" class=\"fusion-lightbox\" target=\"_self\"><img decoding=\"async\" src=\"https:\/\/villa-pacetina.com\/wp-content\/uploads\/2023\/11\/villa-pacetina-ville-i-kuce-s-bazenom-zagorje-4.jpg\" data-orig-src=\"https:\/\/villa-pacetina.com\/wp-content\/uploads\/2023\/11\/villa-pacetina-ville-i-kuce-s-bazenom-zagorje-4.jpg\" width=\"2000\" height=\"1333\" alt=\"\" title=\"villa pa\u010detina &#8211; ville i ku\u0107e s bazenom zagorje (4)\" aria-label=\"villa pa\u010detina &#8211; ville i ku\u0107e s bazenom zagorje (4)\" class=\"lazyload img-responsive wp-image-6057\" srcset=\"data:image\/svg+xml,%3Csvg%20xmlns%3D%27http%3A%2F%2Fwww.w3.org%2F2000%2Fsvg%27%20width%3D%272000%27%20height%3D%271333%27%20viewBox%3D%270%200%202000%201333%27%3E%3Crect%20width%3D%272000%27%20height%3D%271333%27%20fill-opacity%3D%220%22%2F%3E%3C%2Fsvg%3E\" data-srcset=\"https:\/\/villa-pacetina.com\/wp-content\/uploads\/2023\/11\/villa-pacetina-ville-i-kuce-s-bazenom-zagorje-4-200x133.jpg 200w, https:\/\/villa-pacetina.com\/wp-content\/uploads\/2023\/11\/villa-pacetina-ville-i-kuce-s-bazenom-zagorje-4-400x267.jpg 400w, https:\/\/villa-pacetina.com\/wp-content\/uploads\/2023\/11\/villa-pacetina-ville-i-kuce-s-bazenom-zagorje-4-600x400.jpg 600w, https:\/\/villa-pacetina.com\/wp-content\/uploads\/2023\/11\/villa-pacetina-ville-i-kuce-s-bazenom-zagorje-4-800x533.jpg 800w, https:\/\/villa-pacetina.com\/wp-content\/uploads\/2023\/11\/villa-pacetina-ville-i-kuce-s-bazenom-zagorje-4-1200x800.jpg 1200w, https:\/\/villa-pacetina.com\/wp-content\/uploads\/2023\/11\/villa-pacetina-ville-i-kuce-s-bazenom-zagorje-4.jpg 2000w\" data-sizes=\"auto\" data-orig-sizes=\"(min-width: 2200px) 100vw, (min-width: 915px) 309px, (min-width: 824px) 412px, (min-width: 732px) 618px, (min-width: 640px) 732px, \" \/><\/a><\/div><\/div><div style=\"padding:5px;\" class=\"fusion-grid-column fusion-gallery-column fusion-gallery-column-4\"><div class=\"fusion-gallery-image fusion-gallery-image-liftup\"><a href=\"https:\/\/villa-pacetina.com\/wp-content\/uploads\/2023\/11\/villa-pacetina-ville-i-kuce-s-bazenom-zagorje.jpg\" rel=\"noreferrer\" data-rel=\"iLightbox[gallery_image_1]\" class=\"fusion-lightbox\" target=\"_self\"><img decoding=\"async\" src=\"https:\/\/villa-pacetina.com\/wp-content\/uploads\/2023\/11\/villa-pacetina-ville-i-kuce-s-bazenom-zagorje.jpg\" data-orig-src=\"https:\/\/villa-pacetina.com\/wp-content\/uploads\/2023\/11\/villa-pacetina-ville-i-kuce-s-bazenom-zagorje.jpg\" width=\"2000\" height=\"1332\" alt=\"\" title=\"villa pa\u010detina &#8211; ville i ku\u0107e s bazenom zagorje\" aria-label=\"villa pa\u010detina &#8211; ville i ku\u0107e s bazenom zagorje\" class=\"lazyload img-responsive wp-image-6062\" srcset=\"data:image\/svg+xml,%3Csvg%20xmlns%3D%27http%3A%2F%2Fwww.w3.org%2F2000%2Fsvg%27%20width%3D%272000%27%20height%3D%271332%27%20viewBox%3D%270%200%202000%201332%27%3E%3Crect%20width%3D%272000%27%20height%3D%271332%27%20fill-opacity%3D%220%22%2F%3E%3C%2Fsvg%3E\" data-srcset=\"https:\/\/villa-pacetina.com\/wp-content\/uploads\/2023\/11\/villa-pacetina-ville-i-kuce-s-bazenom-zagorje-200x133.jpg 200w, https:\/\/villa-pacetina.com\/wp-content\/uploads\/2023\/11\/villa-pacetina-ville-i-kuce-s-bazenom-zagorje-400x266.jpg 400w, https:\/\/villa-pacetina.com\/wp-content\/uploads\/2023\/11\/villa-pacetina-ville-i-kuce-s-bazenom-zagorje-600x400.jpg 600w, https:\/\/villa-pacetina.com\/wp-content\/uploads\/2023\/11\/villa-pacetina-ville-i-kuce-s-bazenom-zagorje-800x533.jpg 800w, https:\/\/villa-pacetina.com\/wp-content\/uploads\/2023\/11\/villa-pacetina-ville-i-kuce-s-bazenom-zagorje-1200x799.jpg 1200w, https:\/\/villa-pacetina.com\/wp-content\/uploads\/2023\/11\/villa-pacetina-ville-i-kuce-s-bazenom-zagorje.jpg 2000w\" data-sizes=\"auto\" data-orig-sizes=\"(min-width: 2200px) 100vw, (min-width: 915px) 309px, (min-width: 824px) 412px, (min-width: 732px) 618px, (min-width: 640px) 732px, \" \/><\/a><\/div><\/div><div style=\"padding:5px;\" class=\"fusion-grid-column fusion-gallery-column fusion-gallery-column-4\"><div class=\"fusion-gallery-image fusion-gallery-image-liftup\"><a href=\"https:\/\/villa-pacetina.com\/wp-content\/uploads\/2023\/11\/villa-pacetina-ville-i-kuce-s-bazenom-zagorje-1.jpg\" rel=\"noreferrer\" data-rel=\"iLightbox[gallery_image_1]\" class=\"fusion-lightbox\" target=\"_self\"><img decoding=\"async\" src=\"https:\/\/villa-pacetina.com\/wp-content\/uploads\/2023\/11\/villa-pacetina-ville-i-kuce-s-bazenom-zagorje-1.jpg\" data-orig-src=\"https:\/\/villa-pacetina.com\/wp-content\/uploads\/2023\/11\/villa-pacetina-ville-i-kuce-s-bazenom-zagorje-1.jpg\" width=\"2000\" height=\"1332\" alt=\"\" title=\"villa pa\u010detina &#8211; ville i ku\u0107e s bazenom zagorje (1)\" aria-label=\"villa pa\u010detina &#8211; ville i ku\u0107e s bazenom zagorje (1)\" class=\"lazyload img-responsive wp-image-6067\" srcset=\"data:image\/svg+xml,%3Csvg%20xmlns%3D%27http%3A%2F%2Fwww.w3.org%2F2000%2Fsvg%27%20width%3D%272000%27%20height%3D%271332%27%20viewBox%3D%270%200%202000%201332%27%3E%3Crect%20width%3D%272000%27%20height%3D%271332%27%20fill-opacity%3D%220%22%2F%3E%3C%2Fsvg%3E\" data-srcset=\"https:\/\/villa-pacetina.com\/wp-content\/uploads\/2023\/11\/villa-pacetina-ville-i-kuce-s-bazenom-zagorje-1-200x133.jpg 200w, https:\/\/villa-pacetina.com\/wp-content\/uploads\/2023\/11\/villa-pacetina-ville-i-kuce-s-bazenom-zagorje-1-400x266.jpg 400w, https:\/\/villa-pacetina.com\/wp-content\/uploads\/2023\/11\/villa-pacetina-ville-i-kuce-s-bazenom-zagorje-1-600x400.jpg 600w, https:\/\/villa-pacetina.com\/wp-content\/uploads\/2023\/11\/villa-pacetina-ville-i-kuce-s-bazenom-zagorje-1-800x533.jpg 800w, https:\/\/villa-pacetina.com\/wp-content\/uploads\/2023\/11\/villa-pacetina-ville-i-kuce-s-bazenom-zagorje-1-1200x799.jpg 1200w, https:\/\/villa-pacetina.com\/wp-content\/uploads\/2023\/11\/villa-pacetina-ville-i-kuce-s-bazenom-zagorje-1.jpg 2000w\" data-sizes=\"auto\" data-orig-sizes=\"(min-width: 2200px) 100vw, (min-width: 915px) 309px, (min-width: 824px) 412px, (min-width: 732px) 618px, (min-width: 640px) 732px, \" \/><\/a><\/div><\/div><div class=\"clearfix\"><\/div><\/div><\/div><div class=\"fusion-text fusion-text-2\"><p><strong>Vacanze attive e divertimento nelle vicinanze<\/strong><\/p>\n<p>Villa Pa\u010detina non \u00e8 solo un luogo di relax, ma anche un&#8217;ottima base da cui partire per esplorare le attrazioni circostanti. Nelle vicinanze delle case vacanza Villa Pa\u010detina, si pu\u00f2 sperimentare quasi tutto: da una passeggiata spensierata attraverso la natura incontaminata all&#8217;aria fresca e pulita a una variet\u00e0 di sport e divertimento. Pertanto, sono un luogo ideale per vacanze in famiglia o con gli amici, riunioni ed eventi di lavoro, team building, riunioni organizzate, riunioni professionali e presentazioni.<\/p>\n<p>Godetevi le numerose attivit\u00e0 e i diversi contenuti, sia culturali che gastronomici, offerti da Hrvatsko Zagorje. Visita i ristoranti locali e assaggia i piatti tradizionali con un sapore autunnale. Allo stesso modo, esplora i punti di riferimento, i musei e gli eventi culturali nelle vicinanze che rendono unica questa zona.<\/p>\n<p>L&#8217;autunno a Villa Pa\u010detina porta armonia tra lusso e natura e offre un&#8217;esperienza indimenticabile che ricorderete a lungo. Prenota il tuo soggiorno e vivi in prima persona questa magia.<\/p>\n<\/div><\/div><\/div><\/div><\/div>\n","protected":false},"excerpt":{"rendered":"","protected":false},"author":1,"featured_media":6078,"comment_status":"open","ping_status":"open","sticky":false,"template":"","format":"standard","meta":{"footnotes":""},"categories":[31],"tags":[],"class_list":["post-6143","post","type-post","status-publish","format-standard","has-post-thumbnail","hentry","category-non-categorizzato"],"yoast_head":"<!-- This site is optimized with the Yoast SEO plugin v27.1.1 - https:\/\/yoast.com\/product\/yoast-seo-wordpress\/ -->\n<title>Autunno a Villa Pa\u010detina: un&#039;oasi di lusso nel centro dello Zagorje croato - Villa Pa\u010detina<\/title>\n<meta name=\"robots\" content=\"index, follow, max-snippet:-1, max-image-preview:large, max-video-preview:-1\" \/>\n<link rel=\"canonical\" href=\"https:\/\/villa-pacetina.com\/it\/autunno-a-villa-pacetina-unoasi-di-lusso-nel-centro-dello-zagorje-croato\/\" \/>\n<meta property=\"og:locale\" content=\"it_IT\" \/>\n<meta property=\"og:type\" content=\"article\" \/>\n<meta property=\"og:title\" content=\"Autunno a Villa Pa\u010detina: un&#039;oasi di lusso nel centro dello Zagorje croato - Villa Pa\u010detina\" \/>\n<meta property=\"og:url\" content=\"https:\/\/villa-pacetina.com\/it\/autunno-a-villa-pacetina-unoasi-di-lusso-nel-centro-dello-zagorje-croato\/\" \/>\n<meta property=\"og:site_name\" content=\"Villa Pa\u010detina\" \/>\n<meta property=\"article:publisher\" content=\"https:\/\/www.facebook.com\/vilapacetina\/\" \/>\n<meta property=\"article:published_time\" content=\"2023-10-03T12:20:24+00:00\" \/>\n<meta property=\"article:modified_time\" content=\"2024-10-25T10:36:00+00:00\" \/>\n<meta property=\"og:image\" content=\"https:\/\/villa-pacetina.com\/wp-content\/uploads\/2023\/10\/villa-pacetina.com-villa-zagorje-zagorje-smjestaj-s-bazenom-slider32-800x450-copy.jpg\" \/>\n\t<meta property=\"og:image:width\" content=\"800\" \/>\n\t<meta property=\"og:image:height\" content=\"450\" \/>\n\t<meta property=\"og:image:type\" content=\"image\/jpeg\" \/>\n<meta name=\"author\" content=\"admin\" \/>\n<meta name=\"twitter:card\" content=\"summary_large_image\" \/>\n<meta name=\"twitter:label1\" content=\"Scritto da\" \/>\n\t<meta name=\"twitter:data1\" content=\"admin\" \/>\n\t<meta name=\"twitter:label2\" content=\"Tempo di lettura stimato\" \/>\n\t<meta name=\"twitter:data2\" content=\"16 minuti\" \/>\n<script type=\"application\/ld+json\" class=\"yoast-schema-graph\">{\"@context\":\"https:\/\/schema.org\",\"@graph\":[{\"@type\":\"Article\",\"@id\":\"https:\/\/villa-pacetina.com\/it\/autunno-a-villa-pacetina-unoasi-di-lusso-nel-centro-dello-zagorje-croato\/#article\",\"isPartOf\":{\"@id\":\"https:\/\/villa-pacetina.com\/it\/autunno-a-villa-pacetina-unoasi-di-lusso-nel-centro-dello-zagorje-croato\/\"},\"author\":{\"name\":\"admin\",\"@id\":\"https:\/\/villa-pacetina.com\/it\/#\/schema\/person\/1c68f551c9ed88ed99f8be2a16ae526b\"},\"headline\":\"Autunno a Villa Pa\u010detina: un&#8217;oasi di lusso nel centro dello Zagorje croato\",\"datePublished\":\"2023-10-03T12:20:24+00:00\",\"dateModified\":\"2024-10-25T10:36:00+00:00\",\"mainEntityOfPage\":{\"@id\":\"https:\/\/villa-pacetina.com\/it\/autunno-a-villa-pacetina-unoasi-di-lusso-nel-centro-dello-zagorje-croato\/\"},\"wordCount\":3143,\"commentCount\":0,\"image\":{\"@id\":\"https:\/\/villa-pacetina.com\/it\/autunno-a-villa-pacetina-unoasi-di-lusso-nel-centro-dello-zagorje-croato\/#primaryimage\"},\"thumbnailUrl\":\"https:\/\/villa-pacetina.com\/wp-content\/uploads\/2023\/10\/villa-pacetina.com-villa-zagorje-zagorje-smjestaj-s-bazenom-slider32-800x450-copy.jpg\",\"articleSection\":[\"Non categorizzato\"],\"inLanguage\":\"it-IT\",\"potentialAction\":[{\"@type\":\"CommentAction\",\"name\":\"Comment\",\"target\":[\"https:\/\/villa-pacetina.com\/it\/autunno-a-villa-pacetina-unoasi-di-lusso-nel-centro-dello-zagorje-croato\/#respond\"]}]},{\"@type\":\"WebPage\",\"@id\":\"https:\/\/villa-pacetina.com\/it\/autunno-a-villa-pacetina-unoasi-di-lusso-nel-centro-dello-zagorje-croato\/\",\"url\":\"https:\/\/villa-pacetina.com\/it\/autunno-a-villa-pacetina-unoasi-di-lusso-nel-centro-dello-zagorje-croato\/\",\"name\":\"Autunno a Villa Pa\u010detina: un'oasi di lusso nel centro dello Zagorje croato - Villa Pa\u010detina\",\"isPartOf\":{\"@id\":\"https:\/\/villa-pacetina.com\/it\/#website\"},\"primaryImageOfPage\":{\"@id\":\"https:\/\/villa-pacetina.com\/it\/autunno-a-villa-pacetina-unoasi-di-lusso-nel-centro-dello-zagorje-croato\/#primaryimage\"},\"image\":{\"@id\":\"https:\/\/villa-pacetina.com\/it\/autunno-a-villa-pacetina-unoasi-di-lusso-nel-centro-dello-zagorje-croato\/#primaryimage\"},\"thumbnailUrl\":\"https:\/\/villa-pacetina.com\/wp-content\/uploads\/2023\/10\/villa-pacetina.com-villa-zagorje-zagorje-smjestaj-s-bazenom-slider32-800x450-copy.jpg\",\"datePublished\":\"2023-10-03T12:20:24+00:00\",\"dateModified\":\"2024-10-25T10:36:00+00:00\",\"author\":{\"@id\":\"https:\/\/villa-pacetina.com\/it\/#\/schema\/person\/1c68f551c9ed88ed99f8be2a16ae526b\"},\"breadcrumb\":{\"@id\":\"https:\/\/villa-pacetina.com\/it\/autunno-a-villa-pacetina-unoasi-di-lusso-nel-centro-dello-zagorje-croato\/#breadcrumb\"},\"inLanguage\":\"it-IT\",\"potentialAction\":[{\"@type\":\"ReadAction\",\"target\":[\"https:\/\/villa-pacetina.com\/it\/autunno-a-villa-pacetina-unoasi-di-lusso-nel-centro-dello-zagorje-croato\/\"]}]},{\"@type\":\"ImageObject\",\"inLanguage\":\"it-IT\",\"@id\":\"https:\/\/villa-pacetina.com\/it\/autunno-a-villa-pacetina-unoasi-di-lusso-nel-centro-dello-zagorje-croato\/#primaryimage\",\"url\":\"https:\/\/villa-pacetina.com\/wp-content\/uploads\/2023\/10\/villa-pacetina.com-villa-zagorje-zagorje-smjestaj-s-bazenom-slider32-800x450-copy.jpg\",\"contentUrl\":\"https:\/\/villa-pacetina.com\/wp-content\/uploads\/2023\/10\/villa-pacetina.com-villa-zagorje-zagorje-smjestaj-s-bazenom-slider32-800x450-copy.jpg\",\"width\":800,\"height\":450},{\"@type\":\"BreadcrumbList\",\"@id\":\"https:\/\/villa-pacetina.com\/it\/autunno-a-villa-pacetina-unoasi-di-lusso-nel-centro-dello-zagorje-croato\/#breadcrumb\",\"itemListElement\":[{\"@type\":\"ListItem\",\"position\":1,\"name\":\"Po\u010detna stranica\",\"item\":\"https:\/\/villa-pacetina.com\/it\/prima-pagina\/\"},{\"@type\":\"ListItem\",\"position\":2,\"name\":\"Autunno a Villa Pa\u010detina: un&#8217;oasi di lusso nel centro dello Zagorje croato\"}]},{\"@type\":\"WebSite\",\"@id\":\"https:\/\/villa-pacetina.com\/it\/#website\",\"url\":\"https:\/\/villa-pacetina.com\/it\/\",\"name\":\"Villa Pa\u010detina\",\"description\":\"Idealno mjesto za odmor, u oazi mira i zelenilu\",\"potentialAction\":[{\"@type\":\"SearchAction\",\"target\":{\"@type\":\"EntryPoint\",\"urlTemplate\":\"https:\/\/villa-pacetina.com\/it\/?s={search_term_string}\"},\"query-input\":{\"@type\":\"PropertyValueSpecification\",\"valueRequired\":true,\"valueName\":\"search_term_string\"}}],\"inLanguage\":\"it-IT\"},{\"@type\":\"Person\",\"@id\":\"https:\/\/villa-pacetina.com\/it\/#\/schema\/person\/1c68f551c9ed88ed99f8be2a16ae526b\",\"name\":\"admin\",\"image\":{\"@type\":\"ImageObject\",\"inLanguage\":\"it-IT\",\"@id\":\"https:\/\/villa-pacetina.com\/it\/#\/schema\/person\/image\/\",\"url\":\"https:\/\/secure.gravatar.com\/avatar\/f98ec6756cb20d61f922dfb50f66c1bb9dc60bbcf7b8ab4672001b466ee773f8?s=96&d=mm&r=g\",\"contentUrl\":\"https:\/\/secure.gravatar.com\/avatar\/f98ec6756cb20d61f922dfb50f66c1bb9dc60bbcf7b8ab4672001b466ee773f8?s=96&d=mm&r=g\",\"caption\":\"admin\"},\"sameAs\":[\"https:\/\/villa-pacetina.com\"],\"url\":\"https:\/\/villa-pacetina.com\/it\/author\/admin\/\"}]}<\/script>\n<!-- \/ Yoast SEO plugin. -->","yoast_head_json":{"title":"Autunno a Villa Pa\u010detina: un'oasi di lusso nel centro dello Zagorje croato - Villa Pa\u010detina","robots":{"index":"index","follow":"follow","max-snippet":"max-snippet:-1","max-image-preview":"max-image-preview:large","max-video-preview":"max-video-preview:-1"},"canonical":"https:\/\/villa-pacetina.com\/it\/autunno-a-villa-pacetina-unoasi-di-lusso-nel-centro-dello-zagorje-croato\/","og_locale":"it_IT","og_type":"article","og_title":"Autunno a Villa Pa\u010detina: un'oasi di lusso nel centro dello Zagorje croato - Villa Pa\u010detina","og_url":"https:\/\/villa-pacetina.com\/it\/autunno-a-villa-pacetina-unoasi-di-lusso-nel-centro-dello-zagorje-croato\/","og_site_name":"Villa Pa\u010detina","article_publisher":"https:\/\/www.facebook.com\/vilapacetina\/","article_published_time":"2023-10-03T12:20:24+00:00","article_modified_time":"2024-10-25T10:36:00+00:00","og_image":[{"width":800,"height":450,"url":"https:\/\/villa-pacetina.com\/wp-content\/uploads\/2023\/10\/villa-pacetina.com-villa-zagorje-zagorje-smjestaj-s-bazenom-slider32-800x450-copy.jpg","type":"image\/jpeg"}],"author":"admin","twitter_card":"summary_large_image","twitter_misc":{"Scritto da":"admin","Tempo di lettura stimato":"16 minuti"},"schema":{"@context":"https:\/\/schema.org","@graph":[{"@type":"Article","@id":"https:\/\/villa-pacetina.com\/it\/autunno-a-villa-pacetina-unoasi-di-lusso-nel-centro-dello-zagorje-croato\/#article","isPartOf":{"@id":"https:\/\/villa-pacetina.com\/it\/autunno-a-villa-pacetina-unoasi-di-lusso-nel-centro-dello-zagorje-croato\/"},"author":{"name":"admin","@id":"https:\/\/villa-pacetina.com\/it\/#\/schema\/person\/1c68f551c9ed88ed99f8be2a16ae526b"},"headline":"Autunno a Villa Pa\u010detina: un&#8217;oasi di lusso nel centro dello Zagorje croato","datePublished":"2023-10-03T12:20:24+00:00","dateModified":"2024-10-25T10:36:00+00:00","mainEntityOfPage":{"@id":"https:\/\/villa-pacetina.com\/it\/autunno-a-villa-pacetina-unoasi-di-lusso-nel-centro-dello-zagorje-croato\/"},"wordCount":3143,"commentCount":0,"image":{"@id":"https:\/\/villa-pacetina.com\/it\/autunno-a-villa-pacetina-unoasi-di-lusso-nel-centro-dello-zagorje-croato\/#primaryimage"},"thumbnailUrl":"https:\/\/villa-pacetina.com\/wp-content\/uploads\/2023\/10\/villa-pacetina.com-villa-zagorje-zagorje-smjestaj-s-bazenom-slider32-800x450-copy.jpg","articleSection":["Non categorizzato"],"inLanguage":"it-IT","potentialAction":[{"@type":"CommentAction","name":"Comment","target":["https:\/\/villa-pacetina.com\/it\/autunno-a-villa-pacetina-unoasi-di-lusso-nel-centro-dello-zagorje-croato\/#respond"]}]},{"@type":"WebPage","@id":"https:\/\/villa-pacetina.com\/it\/autunno-a-villa-pacetina-unoasi-di-lusso-nel-centro-dello-zagorje-croato\/","url":"https:\/\/villa-pacetina.com\/it\/autunno-a-villa-pacetina-unoasi-di-lusso-nel-centro-dello-zagorje-croato\/","name":"Autunno a Villa Pa\u010detina: un'oasi di lusso nel centro dello Zagorje croato - Villa Pa\u010detina","isPartOf":{"@id":"https:\/\/villa-pacetina.com\/it\/#website"},"primaryImageOfPage":{"@id":"https:\/\/villa-pacetina.com\/it\/autunno-a-villa-pacetina-unoasi-di-lusso-nel-centro-dello-zagorje-croato\/#primaryimage"},"image":{"@id":"https:\/\/villa-pacetina.com\/it\/autunno-a-villa-pacetina-unoasi-di-lusso-nel-centro-dello-zagorje-croato\/#primaryimage"},"thumbnailUrl":"https:\/\/villa-pacetina.com\/wp-content\/uploads\/2023\/10\/villa-pacetina.com-villa-zagorje-zagorje-smjestaj-s-bazenom-slider32-800x450-copy.jpg","datePublished":"2023-10-03T12:20:24+00:00","dateModified":"2024-10-25T10:36:00+00:00","author":{"@id":"https:\/\/villa-pacetina.com\/it\/#\/schema\/person\/1c68f551c9ed88ed99f8be2a16ae526b"},"breadcrumb":{"@id":"https:\/\/villa-pacetina.com\/it\/autunno-a-villa-pacetina-unoasi-di-lusso-nel-centro-dello-zagorje-croato\/#breadcrumb"},"inLanguage":"it-IT","potentialAction":[{"@type":"ReadAction","target":["https:\/\/villa-pacetina.com\/it\/autunno-a-villa-pacetina-unoasi-di-lusso-nel-centro-dello-zagorje-croato\/"]}]},{"@type":"ImageObject","inLanguage":"it-IT","@id":"https:\/\/villa-pacetina.com\/it\/autunno-a-villa-pacetina-unoasi-di-lusso-nel-centro-dello-zagorje-croato\/#primaryimage","url":"https:\/\/villa-pacetina.com\/wp-content\/uploads\/2023\/10\/villa-pacetina.com-villa-zagorje-zagorje-smjestaj-s-bazenom-slider32-800x450-copy.jpg","contentUrl":"https:\/\/villa-pacetina.com\/wp-content\/uploads\/2023\/10\/villa-pacetina.com-villa-zagorje-zagorje-smjestaj-s-bazenom-slider32-800x450-copy.jpg","width":800,"height":450},{"@type":"BreadcrumbList","@id":"https:\/\/villa-pacetina.com\/it\/autunno-a-villa-pacetina-unoasi-di-lusso-nel-centro-dello-zagorje-croato\/#breadcrumb","itemListElement":[{"@type":"ListItem","position":1,"name":"Po\u010detna stranica","item":"https:\/\/villa-pacetina.com\/it\/prima-pagina\/"},{"@type":"ListItem","position":2,"name":"Autunno a Villa Pa\u010detina: un&#8217;oasi di lusso nel centro dello Zagorje croato"}]},{"@type":"WebSite","@id":"https:\/\/villa-pacetina.com\/it\/#website","url":"https:\/\/villa-pacetina.com\/it\/","name":"Villa Pa\u010detina","description":"Idealno mjesto za odmor, u oazi mira i zelenilu","potentialAction":[{"@type":"SearchAction","target":{"@type":"EntryPoint","urlTemplate":"https:\/\/villa-pacetina.com\/it\/?s={search_term_string}"},"query-input":{"@type":"PropertyValueSpecification","valueRequired":true,"valueName":"search_term_string"}}],"inLanguage":"it-IT"},{"@type":"Person","@id":"https:\/\/villa-pacetina.com\/it\/#\/schema\/person\/1c68f551c9ed88ed99f8be2a16ae526b","name":"admin","image":{"@type":"ImageObject","inLanguage":"it-IT","@id":"https:\/\/villa-pacetina.com\/it\/#\/schema\/person\/image\/","url":"https:\/\/secure.gravatar.com\/avatar\/f98ec6756cb20d61f922dfb50f66c1bb9dc60bbcf7b8ab4672001b466ee773f8?s=96&d=mm&r=g","contentUrl":"https:\/\/secure.gravatar.com\/avatar\/f98ec6756cb20d61f922dfb50f66c1bb9dc60bbcf7b8ab4672001b466ee773f8?s=96&d=mm&r=g","caption":"admin"},"sameAs":["https:\/\/villa-pacetina.com"],"url":"https:\/\/villa-pacetina.com\/it\/author\/admin\/"}]}},"_links":{"self":[{"href":"https:\/\/villa-pacetina.com\/it\/wp-json\/wp\/v2\/posts\/6143","targetHints":{"allow":["GET"]}}],"collection":[{"href":"https:\/\/villa-pacetina.com\/it\/wp-json\/wp\/v2\/posts"}],"about":[{"href":"https:\/\/villa-pacetina.com\/it\/wp-json\/wp\/v2\/types\/post"}],"author":[{"embeddable":true,"href":"https:\/\/villa-pacetina.com\/it\/wp-json\/wp\/v2\/users\/1"}],"replies":[{"embeddable":true,"href":"https:\/\/villa-pacetina.com\/it\/wp-json\/wp\/v2\/comments?post=6143"}],"version-history":[{"count":0,"href":"https:\/\/villa-pacetina.com\/it\/wp-json\/wp\/v2\/posts\/6143\/revisions"}],"wp:featuredmedia":[{"embeddable":true,"href":"https:\/\/villa-pacetina.com\/it\/wp-json\/wp\/v2\/media\/6078"}],"wp:attachment":[{"href":"https:\/\/villa-pacetina.com\/it\/wp-json\/wp\/v2\/media?parent=6143"}],"wp:term":[{"taxonomy":"category","embeddable":true,"href":"https:\/\/villa-pacetina.com\/it\/wp-json\/wp\/v2\/categories?post=6143"},{"taxonomy":"post_tag","embeddable":true,"href":"https:\/\/villa-pacetina.com\/it\/wp-json\/wp\/v2\/tags?post=6143"}],"curies":[{"name":"wp","href":"https:\/\/api.w.org\/{rel}","templated":true}]}}