{"id":6948,"date":"2024-10-24T13:23:22","date_gmt":"2024-10-24T13:23:22","guid":{"rendered":"https:\/\/villa-pacetina.com\/villa-pacetina-il-luogo-perfetto-per-un-teambuilding-indimenticabile\/"},"modified":"2024-10-25T10:34:30","modified_gmt":"2024-10-25T10:34:30","slug":"villa-pacetina-il-luogo-perfetto-per-un-teambuilding-indimenticabile","status":"publish","type":"post","link":"https:\/\/villa-pacetina.com\/it\/villa-pacetina-il-luogo-perfetto-per-un-teambuilding-indimenticabile\/","title":{"rendered":"Villa Pa\u010detina: il luogo perfetto per un teambuilding indimenticabile"},"content":{"rendered":"<p><div class=\"fusion-fullwidth fullwidth-box fusion-builder-row-1 fusion-flex-container has-pattern-background has-mask-background fusion-parallax-none hundred-percent-fullwidth non-hundred-percent-height-scrolling lazyload\" style=\"--awb-border-radius-top-left:0px;--awb-border-radius-top-right:0px;--awb-border-radius-bottom-right:0px;--awb-border-radius-bottom-left:0px;--awb-padding-right:0px;--awb-padding-bottom:0px;--awb-padding-left:0px;--awb-margin-bottom:50px;--awb-min-height:500px;--awb-min-height-small:300px;--awb-background-size:cover;--awb-flex-wrap:wrap;\" data-bg=\"https:\/\/villa-pacetina.com\/wp-content\/uploads\/2015\/04\/VillaPacetina52_Jurinec-photography_19052022-copy-e1675255823294.jpg\" ><div class=\"fusion-builder-row fusion-row fusion-flex-align-items-center fusion-flex-align-content-flex-end fusion-flex-content-wrap\" style=\"width:104% !important;max-width:104% !important;margin-left: calc(-4% \/ 2 );margin-right: calc(-4% \/ 2 );\"><div class=\"fusion-layout-column fusion_builder_column fusion-builder-column-0 fusion_builder_column_1_1 1_1 fusion-flex-column\" style=\"--awb-bg-size:cover;--awb-width-large:100%;--awb-margin-top-large:0px;--awb-spacing-right-large:1.92%;--awb-margin-bottom-large:0px;--awb-spacing-left-large:1.92%;--awb-width-medium:100%;--awb-order-medium:0;--awb-spacing-right-medium:1.92%;--awb-spacing-left-medium:1.92%;--awb-width-small:100%;--awb-order-small:0;--awb-spacing-right-small:1.92%;--awb-spacing-left-small:1.92%;\"><div class=\"fusion-column-wrapper fusion-column-has-shadow fusion-flex-justify-content-flex-start fusion-content-layout-column\"><div class=\"fusion-section-separator section-separator hills-opacity fusion-section-separator-1\" style=\"--awb-spacer-padding-top:inherit;--awb-svg-margin-left:1.92%;--awb-svg-margin-right:1.92%;--awb-svg-margin-left-medium:1.92%;--awb-svg-margin-right-medium:1.92%;--awb-svg-margin-left-small:1.92%;--awb-svg-margin-right-small:1.92%;--awb-divider-height:50px;--awb-spacer-height:50px;--awb-sep-font-size:0;--awb-sep-line-height:0;--awb-margin-right:0px;--awb-margin-bottom:0px;--awb-margin-left:0px;\"><div class=\"fusion-section-separator-svg\"><svg class=\"fusion-hills-opacity-candy\" xmlns=\"http:\/\/www.w3.org\/2000\/svg\" version=\"1.1\" width=\"100%\" viewBox=\"0 -0.5 1024 182\" preserveAspectRatio=\"none\" fill=\"rgba(255,255,255,1)\"><path class=\"st0\" d=\"M0 182.086h1024V41.593c-28.058-21.504-60.109-37.581-97.075-37.581-112.845 0-198.144 93.798-289.792 93.798S437.658 6.777 351.846 6.777s-142.234 82.125-238.49 82.125c-63.078 0-75.776-31.744-113.357-53.658L0 182.086z\"\/>\n\t\t\t\t\t\t\t\t\t<path class=\"st1\" d=\"M1024 181.062v-75.878c-39.731 15.872-80.794 27.341-117.658 25.805-110.387-4.506-191.795-109.773-325.53-116.224-109.158-5.12-344.166 120.115-429.466 166.298H1024v-.001z\"\/>\n\t\t\t\t\t\t\t\t\t<path class=\"st2\" d=\"M0 182.086h1024V90.028C966.451 59.103 907.059 16.3 824.115 15.071 690.278 13.023 665.19 102.93 482.099 102.93S202.138-1.62 74.24.019C46.49.326 21.811 4.217 0 9.849v172.237z\"\/>\n\t\t\t\t\t\t\t\t\t<path class=\"st3\" d=\"M0 182.086h1024V80.505c-37.171 19.558-80.691 35.328-139.571 36.25-151.142 2.355-141.619-28.57-298.496-29.184s-138.854 47.002-305.459 43.725C132.813 128.428 91.238 44.563 0 28.179v153.907z\"\/>\n\t\t\t\t\t\t\t\t\t<path class=\"st4\" d=\"M0 182.086h1024v-77.312c-49.05 20.07-120.525 42.394-193.229 42.086-128.922-.512-159.846-72.294-255.795-72.294-89.088 0-134.656 80.179-245.043 82.022S169.063 99.346 49.971 97.401C32.768 97.094 16.077 99.244 0 103.135v78.951z\"\/>\n\t\t\t\t\t\t\t\t<\/svg><\/div><div class=\"fusion-section-separator-spacer\"><div class=\"fusion-section-separator-spacer-height\"><\/div><\/div><\/div><\/div><\/div><\/div><\/div><div class=\"fusion-fullwidth fullwidth-box fusion-builder-row-2 fusion-flex-container has-pattern-background has-mask-background nonhundred-percent-fullwidth non-hundred-percent-height-scrolling\" style=\"--awb-background-position:left top;--awb-border-sizes-top:0px;--awb-border-sizes-bottom:0px;--awb-border-sizes-left:0px;--awb-border-sizes-right:0px;--awb-border-radius-top-left:0px;--awb-border-radius-top-right:0px;--awb-border-radius-bottom-right:0px;--awb-border-radius-bottom-left:0px;--awb-padding-top:0px;--awb-padding-bottom:40px;--awb-padding-bottom-medium:60px;--awb-padding-bottom-small:10px;--awb-flex-wrap:wrap;\" id=\"apply\" ><div class=\"fusion-builder-row fusion-row fusion-flex-align-items-center fusion-flex-content-wrap\" style=\"max-width:1300px;margin-left: calc(-4% \/ 2 );margin-right: calc(-4% \/ 2 );\"><div class=\"fusion-layout-column fusion_builder_column fusion-builder-column-1 fusion_builder_column_1_1 1_1 fusion-flex-column\" style=\"--awb-bg-size:cover;--awb-width-large:100%;--awb-margin-top-large:0px;--awb-spacing-right-large:1.92%;--awb-margin-bottom-large:20px;--awb-spacing-left-large:1.92%;--awb-width-medium:100%;--awb-order-medium:0;--awb-spacing-right-medium:1.92%;--awb-spacing-left-medium:1.92%;--awb-width-small:100%;--awb-order-small:0;--awb-spacing-right-small:1.92%;--awb-spacing-left-small:1.92%;\"><div class=\"fusion-column-wrapper fusion-column-has-shadow fusion-flex-justify-content-flex-start fusion-content-layout-column\"><div class=\"fusion-builder-row fusion-builder-row-inner fusion-row fusion-flex-align-items-center fusion-flex-content-wrap\" style=\"width:104% !important;max-width:104% !important;margin-left: calc(-4% \/ 2 );margin-right: calc(-4% \/ 2 );\"><div class=\"fusion-layout-column fusion_builder_column_inner fusion-builder-nested-column-0 fusion_builder_column_inner_1_1 1_1 fusion-flex-column\" style=\"--awb-bg-size:cover;--awb-width-large:100%;--awb-margin-top-large:0px;--awb-spacing-right-large:1.92%;--awb-margin-bottom-large:20px;--awb-spacing-left-large:1.92%;--awb-width-medium:100%;--awb-order-medium:0;--awb-spacing-right-medium:1.92%;--awb-spacing-left-medium:1.92%;--awb-width-small:100%;--awb-order-small:0;--awb-spacing-right-small:1.92%;--awb-spacing-left-small:1.92%;\"><div class=\"fusion-column-wrapper fusion-column-has-shadow fusion-flex-justify-content-flex-start fusion-content-layout-column\"><div class=\"fusion-title title fusion-title-1 fusion-title-center fusion-title-text fusion-title-size-two\" style=\"--awb-margin-bottom:0px;--awb-margin-bottom-small:0px;--awb-font-size:var(--awb-typography2-font-size);\"><div class=\"title-sep-container title-sep-container-left\"><div class=\"title-sep sep- sep-solid\" style=\"border-color:var(--awb-color3);\"><\/div><\/div><span class=\"awb-title-spacer\"><\/span><h2 class=\"fusion-title-heading title-heading-center fusion-responsive-typography-calculated\" style=\"font-family:var(--awb-typography2-font-family);font-weight:var(--awb-typography2-font-weight);font-style:var(--awb-typography2-font-style);margin:0;font-size:1em;letter-spacing:var(--awb-typography2-letter-spacing);text-transform:var(--awb-typography2-text-transform);--fontSize:13;--minFontSize:13;line-height:var(--awb-typography2-line-height);\">Villa Pa\u010detina<\/h2><span class=\"awb-title-spacer\"><\/span><div class=\"title-sep-container title-sep-container-right\"><div class=\"title-sep sep- sep-solid\" style=\"border-color:var(--awb-color3);\"><\/div><\/div><\/div><div class=\"fusion-title title fusion-title-2 fusion-title-center fusion-title-text fusion-title-size-one\" style=\"--awb-margin-bottom-small:15px;--awb-font-size:46px;\"><div class=\"title-sep-container title-sep-container-left\"><div class=\"title-sep sep- sep-solid\" style=\"border-color:var(--awb-color3);\"><\/div><\/div><span class=\"awb-title-spacer\"><\/span><h1 class=\"fusion-title-heading title-heading-center fusion-responsive-typography-calculated\" style=\"margin:0;font-size:1em;text-transform:none;--fontSize:46;line-height:var(--awb-typography1-line-height);\">Il luogo perfetto per un team building indimenticabile<\/h1><span class=\"awb-title-spacer\"><\/span><div class=\"title-sep-container title-sep-container-right\"><div class=\"title-sep sep- sep-solid\" style=\"border-color:var(--awb-color3);\"><\/div><\/div><\/div><\/div><\/div><\/div><\/div><\/div><div class=\"fusion-layout-column fusion_builder_column fusion-builder-column-2 fusion_builder_column_3_5 3_5 fusion-flex-column\" style=\"--awb-bg-position:right bottom;--awb-bg-blend:overlay;--awb-bg-size:cover;--awb-width-large:60%;--awb-margin-top-large:0px;--awb-spacing-right-large:3.84%;--awb-margin-bottom-large:20px;--awb-spacing-left-large:3.2%;--awb-width-medium:40%;--awb-order-medium:0;--awb-spacing-right-medium:5.76%;--awb-spacing-left-medium:4.8%;--awb-width-small:100%;--awb-order-small:0;--awb-spacing-right-small:0px;--awb-spacing-left-small:1.92%;\"><div class=\"fusion-column-wrapper fusion-column-has-shadow fusion-flex-justify-content-flex-start fusion-content-layout-column\"><div class=\"fusion-builder-row fusion-builder-row-inner fusion-row fusion-flex-align-items-center fusion-flex-content-wrap\" style=\"width:104% !important;max-width:104% !important;margin-left: calc(-4% \/ 2 );margin-right: calc(-4% \/ 2 );\"><div class=\"fusion-layout-column fusion_builder_column_inner fusion-builder-nested-column-1 fusion_builder_column_inner_1_4 1_4 fusion-flex-column\" style=\"--awb-bg-size:cover;--awb-width-large:25%;--awb-margin-top-large:0px;--awb-spacing-right-large:7.68%;--awb-margin-bottom-large:20px;--awb-spacing-left-large:7.68%;--awb-width-medium:100%;--awb-order-medium:0;--awb-spacing-right-medium:1.92%;--awb-spacing-left-medium:1.92%;--awb-width-small:40%;--awb-order-small:0;--awb-spacing-right-small:4.8%;--awb-spacing-left-small:4.8%;\"><div class=\"fusion-column-wrapper fusion-column-has-shadow fusion-flex-justify-content-flex-start fusion-content-layout-column\"><ul style=\"--awb-size:26px;--awb-iconcolor:var(--awb-color4);--awb-line-height:44.2px;--awb-icon-width:44.2px;--awb-icon-height:44.2px;--awb-icon-margin:18.2px;--awb-content-margin:62.4px;\" class=\"fusion-checklist fusion-checklist-1 fusion-checklist-default type-icons\"><li class=\"fusion-li-item\" style=\"\"><span class=\"icon-wrapper circle-no\"><i class=\"fusion-li-icon fa-bed fas\" aria-hidden=\"true\"><\/i><\/span><div class=\"fusion-li-item-content\">\n<p>x16<\/p>\n<\/div><\/li><\/ul><\/div><\/div><div class=\"fusion-layout-column fusion_builder_column_inner fusion-builder-nested-column-2 fusion_builder_column_inner_1_4 1_4 fusion-flex-column\" style=\"--awb-bg-size:cover;--awb-width-large:25%;--awb-margin-top-large:0px;--awb-spacing-right-large:7.68%;--awb-margin-bottom-large:20px;--awb-spacing-left-large:7.68%;--awb-width-medium:100%;--awb-order-medium:0;--awb-spacing-right-medium:1.92%;--awb-spacing-left-medium:1.92%;--awb-width-small:40%;--awb-order-small:0;--awb-spacing-right-small:4.8%;--awb-spacing-left-small:4.8%;\"><div class=\"fusion-column-wrapper fusion-column-has-shadow fusion-flex-justify-content-flex-start fusion-content-layout-column\"><ul style=\"--awb-size:26px;--awb-iconcolor:var(--awb-color4);--awb-line-height:44.2px;--awb-icon-width:44.2px;--awb-icon-height:44.2px;--awb-icon-margin:18.2px;--awb-content-margin:62.4px;\" class=\"fusion-checklist fusion-checklist-2 fusion-checklist-default type-icons\"><li class=\"fusion-li-item\" style=\"\"><span class=\"icon-wrapper circle-no\"><i class=\"fusion-li-icon fa-bath fas\" aria-hidden=\"true\"><\/i><\/span><div class=\"fusion-li-item-content\">\n<p>x2\/x4<\/p>\n<\/div><\/li><\/ul><\/div><\/div><\/div><div class=\"fusion-separator\" style=\"align-self: flex-start;margin-right:auto;margin-top:0px;margin-bottom:20px;width:100%;max-width:50px;\"><div class=\"fusion-separator-border sep-single sep-solid\" style=\"--awb-height:20px;--awb-amount:20px;--awb-sep-color:var(--awb-color4);border-color:var(--awb-color4);border-top-width:1px;\"><\/div><\/div><div class=\"fusion-text fusion-text-1\"><p>Stai cercando il luogo perfetto per il teambuilding che rafforzer\u00e0 lo spirito di squadra e offrir\u00e0 un&#8217;esperienza indimenticabile? Ville Pa\u010detina, situate nel cuore di Hrvatski Zagorje, a soli 30 minuti da Zagabria, offrono una combinazione ideale di lusso, ambiente naturale e servizio superiore per il vostro evento aziendale. <\/p>\n<p>Le ville Lara e Nina, con attrezzature e strutture di alta qualit\u00e0 come piscina privata, benessere, vasca idromassaggio, sauna e splendide viste sulle colline di Zagorje, sono perfettamente adatte per il relax e l&#8217;unione della vostra squadra. Goditi la privacy, gli interni spaziosi e gli spazi esterni progettati per socializzare e intrattenere. <\/p>\n<h3>Cosa ti aspetta:<\/h3>\n<ul>\n<li><strong>Ingresso gratuito ad Aquae Vivae<\/strong> \u2013 relax in acque termali a disposizione di tutti gli ospiti.<\/li>\n<li><strong>Chef privato<\/strong> : goditi l&#8217;autentica cucina di Zagorje preparata appositamente per te.<\/li>\n<li><strong>Catering con specialit\u00e0 tradizionali<\/strong> &#8211; provate i migliori sapori di Zagorje.<\/li>\n<li><strong>Private SPA<\/strong> &#8211; la possibilit\u00e0 di un massaggiatore privato per un&#8217;esperienza di benessere completa.<\/li>\n<li><strong>Ricche strutture<\/strong> : piscina, terrazza esterna, PlayStation per l&#8217;intrattenimento, parco giochi per bambini e molto altro.<\/li>\n<\/ul>\n<p>Sia che stiate pianificando una strategia aziendale rilassante nella natura o divertenti attivit\u00e0 di squadra come l&#8217;escursionismo, il ciclismo o il quad, Pa\u010detina Villas offre tutto il necessario per un teambuilding di successo.<\/p>\n<\/div><\/div><\/div><div class=\"fusion-layout-column fusion_builder_column fusion-builder-column-3 fusion_builder_column_2_5 2_5 fusion-flex-column\" style=\"--awb-padding-top:30px;--awb-padding-right:30px;--awb-padding-bottom:20px;--awb-padding-left:30px;--awb-padding-top-small:25px;--awb-padding-right-small:25px;--awb-padding-bottom-small:25px;--awb-padding-left-small:25px;--awb-bg-color:hsla(var(--awb-color2-h),var(--awb-color2-s),calc(var(--awb-color2-l) + 4%),var(--awb-color2-a));--awb-bg-color-hover:hsla(var(--awb-color2-h),var(--awb-color2-s),calc(var(--awb-color2-l) + 4%),var(--awb-color2-a));--awb-bg-position:right bottom;--awb-bg-size:cover;--awb-border-color:var(--awb-color2);--awb-border-top:1px;--awb-border-right:1px;--awb-border-bottom:1px;--awb-border-left:1px;--awb-border-style:solid;--awb-width-large:40%;--awb-margin-top-large:0px;--awb-spacing-right-large:4.8%;--awb-margin-bottom-large:20px;--awb-spacing-left-large:3.84%;--awb-width-medium:60%;--awb-order-medium:0;--awb-spacing-right-medium:3.2%;--awb-spacing-left-medium:2.56%;--awb-width-small:100%;--awb-order-small:0;--awb-spacing-right-small:1.92%;--awb-spacing-left-small:1.92%;\" data-scroll-devices=\"small-visibility,medium-visibility,large-visibility\"><div class=\"fusion-column-wrapper fusion-column-has-shadow fusion-flex-justify-content-flex-start fusion-content-layout-column\"><div class=\"fusion-title title fusion-title-3 fusion-title-center fusion-title-text fusion-title-size-three\" style=\"--awb-margin-bottom:35px;--awb-margin-bottom-small:35px;--awb-margin-bottom-medium:30px;--awb-font-size:38px;\"><div class=\"title-sep-container title-sep-container-left\"><div class=\"title-sep sep- sep-solid\" style=\"border-color:var(--awb-color3);\"><\/div><\/div><span class=\"awb-title-spacer\"><\/span><h3 class=\"fusion-title-heading title-heading-center fusion-responsive-typography-calculated\" style=\"margin:0;font-size:1em;--fontSize:38;line-height:var(--awb-typography1-line-height);\">Contatto<\/h3><span class=\"awb-title-spacer\"><\/span><div class=\"title-sep-container title-sep-container-right\"><div class=\"title-sep sep- sep-solid\" style=\"border-color:var(--awb-color3);\"><\/div><\/div><\/div><div class=\"fusion-separator fusion-full-width-sep\" style=\"align-self: center;margin-left: auto;margin-right: auto;margin-top:0px;margin-bottom:20px;width:100%;\"><div class=\"fusion-separator-border sep-single sep-solid\" style=\"--awb-height:20px;--awb-amount:20px;--awb-sep-color:var(--awb-color4);border-color:var(--awb-color4);border-top-width:1px;\"><\/div><\/div><div class=\"fusion-text fusion-text-2\"><script type=\"text\/javascript\">\n\/* <![CDATA[ *\/\nvar gform;gform||(document.addEventListener(\"gform_main_scripts_loaded\",function(){gform.scriptsLoaded=!0}),document.addEventListener(\"gform\/theme\/scripts_loaded\",function(){gform.themeScriptsLoaded=!0}),window.addEventListener(\"DOMContentLoaded\",function(){gform.domLoaded=!0}),gform={domLoaded:!1,scriptsLoaded:!1,themeScriptsLoaded:!1,isFormEditor:()=>\"function\"==typeof InitializeEditor,callIfLoaded:function(o){return!(!gform.domLoaded||!gform.scriptsLoaded||!gform.themeScriptsLoaded&&!gform.isFormEditor()||(gform.isFormEditor()&&console.warn(\"The use of gform.initializeOnLoaded() is deprecated in the form editor context and will be removed in Gravity Forms 3.1.\"),o(),0))},initializeOnLoaded:function(o){gform.callIfLoaded(o)||(document.addEventListener(\"gform_main_scripts_loaded\",()=>{gform.scriptsLoaded=!0,gform.callIfLoaded(o)}),document.addEventListener(\"gform\/theme\/scripts_loaded\",()=>{gform.themeScriptsLoaded=!0,gform.callIfLoaded(o)}),window.addEventListener(\"DOMContentLoaded\",()=>{gform.domLoaded=!0,gform.callIfLoaded(o)}))},hooks:{action:{},filter:{}},addAction:function(o,r,e,t){gform.addHook(\"action\",o,r,e,t)},addFilter:function(o,r,e,t){gform.addHook(\"filter\",o,r,e,t)},doAction:function(o){gform.doHook(\"action\",o,arguments)},applyFilters:function(o){return gform.doHook(\"filter\",o,arguments)},removeAction:function(o,r){gform.removeHook(\"action\",o,r)},removeFilter:function(o,r,e){gform.removeHook(\"filter\",o,r,e)},addHook:function(o,r,e,t,n){null==gform.hooks[o][r]&&(gform.hooks[o][r]=[]);var d=gform.hooks[o][r];null==n&&(n=r+\"_\"+d.length),gform.hooks[o][r].push({tag:n,callable:e,priority:t=null==t?10:t})},doHook:function(r,o,e){var t;if(e=Array.prototype.slice.call(e,1),null!=gform.hooks[r][o]&&((o=gform.hooks[r][o]).sort(function(o,r){return o.priority-r.priority}),o.forEach(function(o){\"function\"!=typeof(t=o.callable)&&(t=window[t]),\"action\"==r?t.apply(null,e):e[0]=t.apply(null,e)})),\"filter\"==r)return e[0]},removeHook:function(o,r,t,n){var e;null!=gform.hooks[o][r]&&(e=(e=gform.hooks[o][r]).filter(function(o,r,e){return!!(null!=n&&n!=o.tag||null!=t&&t!=o.priority)}),gform.hooks[o][r]=e)}});\n\/* ]]> *\/\n<\/script>\n\n                <div class='gf_browser_gecko gform_wrapper gravity-theme gform-theme--no-framework' data-form-theme='gravity-theme' data-form-index='0' id='gform_wrapper_1' >\n                        <div class='gform_heading'>\n                            <h2 class=\"gform_title\">contatto<\/h2>\n\t\t\t\t\t\t\t<p class='gform_required_legend'>&quot;<span class=\"gfield_required gfield_required_asterisk\">*<\/span>&quot; indica i campi obbligatori<\/p>\n                        <\/div><form method='post' enctype='multipart\/form-data'  id='gform_1'  action='\/it\/wp-json\/wp\/v2\/posts\/6948' data-formid='1' novalidate>\n                        <div class='gform-body gform_body'><div id='gform_fields_1' class='gform_fields top_label form_sublabel_below description_below validation_below'><div id=\"field_1_8\" class=\"gfield gfield--type-honeypot gform_validation_container field_sublabel_below gfield--has-description field_description_below field_validation_below gfield_visibility_visible\"  ><label class='gfield_label gform-field-label' for='input_1_8'>Comments<\/label><div class='ginput_container'><input name='input_8' id='input_1_8' type='text' value='' autocomplete='new-password'\/><\/div><div class='gfield_description' id='gfield_description_1_8'>Questo campo serve per la convalida e dovrebbe essere lasciato inalterato.<\/div><\/div><div id=\"field_1_1\" class=\"gfield gfield--type-text gfield--input-type-text gfield--width-third gfield_contains_required field_sublabel_below gfield--no-description field_description_below field_validation_below gfield_visibility_visible\"  ><label class='gfield_label gform-field-label' for='input_1_1'>Nome e cognome:<span class=\"gfield_required\"><span class=\"gfield_required gfield_required_asterisk\">*<\/span><\/span><\/label><div class='ginput_container ginput_container_text'><input name='input_1' id='input_1_1' type='text' value='' class='large'     aria-required=\"true\" aria-invalid=\"false\"   \/><\/div><\/div><div id=\"field_1_5\" class=\"gfield gfield--type-email gfield--input-type-email gfield--width-third gfield_contains_required field_sublabel_below gfield--no-description field_description_below field_validation_below gfield_visibility_visible\"  ><label class='gfield_label gform-field-label' for='input_1_5'>E-mail:<span class=\"gfield_required\"><span class=\"gfield_required gfield_required_asterisk\">*<\/span><\/span><\/label><div class='ginput_container ginput_container_email'>\n                            <input name='input_5' id='input_1_5' type='email' value='' class='large'    aria-required=\"true\" aria-invalid=\"false\"  \/>\n                        <\/div><\/div><div id=\"field_1_3\" class=\"gfield gfield--type-text gfield--input-type-text gfield--width-third gfield_contains_required field_sublabel_below gfield--no-description field_description_below field_validation_below gfield_visibility_visible\"  ><label class='gfield_label gform-field-label' for='input_1_3'>Numero di telefono:<span class=\"gfield_required\"><span class=\"gfield_required gfield_required_asterisk\">*<\/span><\/span><\/label><div class='ginput_container ginput_container_text'><input name='input_3' id='input_1_3' type='text' value='' class='large'     aria-required=\"true\" aria-invalid=\"false\"   \/><\/div><\/div><div id=\"field_1_6\" class=\"gfield gfield--type-textarea gfield--input-type-textarea gfield--width-full gfield_contains_required field_sublabel_below gfield--no-description field_description_below field_validation_below gfield_visibility_visible\"  ><label class='gfield_label gform-field-label' for='input_1_6'>Messaggio:<span class=\"gfield_required\"><span class=\"gfield_required gfield_required_asterisk\">*<\/span><\/span><\/label><div class='ginput_container ginput_container_textarea'><textarea name='input_6' id='input_1_6' class='textarea small'     aria-required=\"true\" aria-invalid=\"false\"   rows='10' cols='50'><\/textarea><\/div><\/div><div id=\"field_1_7\" class=\"gfield gfield--type-captcha gfield--input-type-captcha gfield--width-full field_sublabel_below gfield--no-description field_description_below field_validation_below gfield_visibility_visible\"  ><label class='gfield_label gform-field-label screen-reader-text' for='input_1_7'><\/label><div id='input_1_7' class='ginput_container ginput_recaptcha' data-sitekey='6LcRwQ4kAAAAAH7fNcZRSVPHmLcaX86S-THOzDKt'  data-theme='light' data-tabindex='0'  data-badge=''><\/div><\/div><\/div><\/div>\n        <div class='gform-footer gform_footer top_label'> <input type='submit' id='gform_submit_button_1' class='gform_button button' onclick='gform.submission.handleButtonClick(this);' data-submission-type='submit' value='Spedire'  \/> \n            <input type='hidden' class='gform_hidden' name='gform_submission_method' data-js='gform_submission_method_1' value='postback' \/>\n            <input type='hidden' class='gform_hidden' name='gform_theme' data-js='gform_theme_1' id='gform_theme_1' value='gravity-theme' \/>\n            <input type='hidden' class='gform_hidden' name='gform_style_settings' data-js='gform_style_settings_1' id='gform_style_settings_1' value='[]' \/>\n            <input type='hidden' class='gform_hidden' name='is_submit_1' value='1' \/>\n            <input type='hidden' class='gform_hidden' name='gform_submit' value='1' \/>\n            \n            <input type='hidden' class='gform_hidden' name='gform_currency' data-currency='EUR' value='4HQhB0KG5UlPHasHi++ltu3hyqcP8hITQyRulBHz3rGWFyKA1ghQBVg7T7yox3TgDQm0poYDQiI7x\/1uxR0\/EHn0rHCfRaJbnswnQvA5UnSBkPI=' \/>\n            <input type='hidden' class='gform_hidden' name='gform_unique_id' value='' \/>\n            <input type='hidden' class='gform_hidden' name='state_1' value='WyJbXSIsImQzZmUyMTQzNGQ1YWJmZWY3OWFiMjM5MDIzN2JjM2Y3Il0=' \/>\n            <input type='hidden' autocomplete='off' class='gform_hidden' name='gform_target_page_number_1' id='gform_target_page_number_1' value='0' \/>\n            <input type='hidden' autocomplete='off' class='gform_hidden' name='gform_source_page_number_1' id='gform_source_page_number_1' value='1' \/>\n            <input type='hidden' name='gform_field_values' value='' \/>\n            \n        <\/div>\n                        <input type=\"hidden\" id=\"ct_checkjs_53e3a7161e428b65688f14b84d61c610\" name=\"ct_checkjs\" value=\"0\" \/><script >setTimeout(function(){var ct_input_name = \"ct_checkjs_53e3a7161e428b65688f14b84d61c610\";if (document.getElementById(ct_input_name) !== null) {var ct_input_value = document.getElementById(ct_input_name).value;document.getElementById(ct_input_name).value = document.getElementById(ct_input_name).value.replace(ct_input_value, 'c13234a4d08287727fb58eccd144565b8dd8541aa87a061f03cd46eb47526658');}}, 1000);<\/script><input\n                    class=\"apbct_special_field apbct_email_id__gravity_form\"\n                    name=\"apbct__email_id__gravity_form\"\n                    aria-label=\"apbct__label_id__gravity_form\"\n                    type=\"text\" size=\"30\" maxlength=\"200\" autocomplete=\"off\"\n                    value=\"\"\n                \/><\/form>\n                        <\/div><script type=\"text\/javascript\">\n\/* <![CDATA[ *\/\n gform.initializeOnLoaded( function() {gformInitSpinner( 1, 'https:\/\/villa-pacetina.com\/wp-content\/plugins\/gravityforms\/images\/spinner.svg', true );jQuery('#gform_ajax_frame_1').on('load',function(){var contents = jQuery(this).contents().find('*').html();var is_postback = contents.indexOf('GF_AJAX_POSTBACK') >= 0;if(!is_postback){return;}var form_content = jQuery(this).contents().find('#gform_wrapper_1');var is_confirmation = jQuery(this).contents().find('#gform_confirmation_wrapper_1').length > 0;var is_redirect = contents.indexOf('gformRedirect(){') >= 0;var is_form = form_content.length > 0 && ! is_redirect && ! is_confirmation;var mt = parseInt(jQuery('html').css('margin-top'), 10) + parseInt(jQuery('body').css('margin-top'), 10) + 100;if(is_form){jQuery('#gform_wrapper_1').html(form_content.html());if(form_content.hasClass('gform_validation_error')){jQuery('#gform_wrapper_1').addClass('gform_validation_error');} else {jQuery('#gform_wrapper_1').removeClass('gform_validation_error');}setTimeout( function() { \/* delay the scroll by 50 milliseconds to fix a bug in chrome *\/  }, 50 );if(window['gformInitDatepicker']) {gformInitDatepicker();}if(window['gformInitPriceFields']) {gformInitPriceFields();}var current_page = jQuery('#gform_source_page_number_1').val();gformInitSpinner( 1, 'https:\/\/villa-pacetina.com\/wp-content\/plugins\/gravityforms\/images\/spinner.svg', true );jQuery(document).trigger('gform_page_loaded', [1, current_page]);window['gf_submitting_1'] = false;}else if(!is_redirect){var confirmation_content = jQuery(this).contents().find('.GF_AJAX_POSTBACK').html();if(!confirmation_content){confirmation_content = contents;}jQuery('#gform_wrapper_1').replaceWith(confirmation_content);jQuery(document).trigger('gform_confirmation_loaded', [1]);window['gf_submitting_1'] = false;wp.a11y.speak(jQuery('#gform_confirmation_message_1').text());}else{jQuery('#gform_1').append(contents);if(window['gformRedirect']) {gformRedirect();}}jQuery(document).trigger(\"gform_pre_post_render\", [{ formId: \"1\", currentPage: \"current_page\", abort: function() { this.preventDefault(); } }]);        if (event && event.defaultPrevented) {                return;        }        const gformWrapperDiv = document.getElementById( \"gform_wrapper_1\" );        if ( gformWrapperDiv ) {            const visibilitySpan = document.createElement( \"span\" );            visibilitySpan.id = \"gform_visibility_test_1\";            gformWrapperDiv.insertAdjacentElement( \"afterend\", visibilitySpan );        }        const visibilityTestDiv = document.getElementById( \"gform_visibility_test_1\" );        let postRenderFired = false;        function triggerPostRender() {            if ( postRenderFired ) {                return;            }            postRenderFired = true;            gform.core.triggerPostRenderEvents( 1, current_page );            if ( visibilityTestDiv ) {                visibilityTestDiv.parentNode.removeChild( visibilityTestDiv );            }        }        function debounce( func, wait, immediate ) {            var timeout;            return function() {                var context = this, args = arguments;                var later = function() {                    timeout = null;                    if ( !immediate ) func.apply( context, args );                };                var callNow = immediate && !timeout;                clearTimeout( timeout );                timeout = setTimeout( later, wait );                if ( callNow ) func.apply( context, args );            };        }        const debouncedTriggerPostRender = debounce( function() {            triggerPostRender();        }, 200 );        if ( visibilityTestDiv && visibilityTestDiv.offsetParent === null ) {            const observer = new MutationObserver( ( mutations ) => {                mutations.forEach( ( mutation ) => {                    if ( mutation.type === 'attributes' && visibilityTestDiv.offsetParent !== null ) {                        debouncedTriggerPostRender();                        observer.disconnect();                    }                });            });            observer.observe( document.body, {                attributes: true,                childList: false,                subtree: true,                attributeFilter: [ 'style', 'class' ],            });        } else {            triggerPostRender();        }    } );} ); \n\/* ]]> *\/\n<\/script>\n\n<\/div><\/div><\/div><div class=\"fusion-layout-column fusion_builder_column fusion-builder-column-4 fusion_builder_column_1_1 1_1 fusion-flex-column fusion-flex-align-self-flex-start fusion-column-no-min-height\" style=\"--awb-bg-blend:overlay;--awb-bg-size:cover;--awb-width-large:100%;--awb-margin-top-large:0px;--awb-spacing-right-large:1.92%;--awb-margin-bottom-large:0px;--awb-spacing-left-large:1.92%;--awb-width-medium:100%;--awb-spacing-right-medium:1.92%;--awb-spacing-left-medium:1.92%;--awb-width-small:100%;--awb-spacing-right-small:1.92%;--awb-spacing-left-small:1.92%;\"><div class=\"fusion-column-wrapper fusion-flex-justify-content-flex-start fusion-content-layout-column\"><div class=\"fusion-separator fusion-full-width-sep\" style=\"align-self: center;margin-left: auto;margin-right: auto;margin-top:30px;margin-bottom:30px;width:100%;\"><\/div><\/div><\/div><div class=\"fusion-layout-column fusion_builder_column fusion-builder-column-5 fusion_builder_column_1_4 1_4 fusion-flex-column\" style=\"--awb-bg-blend:overlay;--awb-bg-size:cover;--awb-width-large:25%;--awb-margin-top-large:0px;--awb-spacing-right-large:7.68%;--awb-margin-bottom-large:20px;--awb-spacing-left-large:7.68%;--awb-width-medium:33.333333333333%;--awb-order-medium:0;--awb-spacing-right-medium:5.76%;--awb-spacing-left-medium:5.76%;--awb-width-small:50%;--awb-order-small:0;--awb-spacing-right-small:3.84%;--awb-spacing-left-small:3.84%;\" data-scroll-devices=\"small-visibility,medium-visibility,large-visibility\"><div class=\"fusion-column-wrapper fusion-column-has-shadow fusion-flex-justify-content-flex-start fusion-content-layout-column\"><div class=\"fusion-image-element \" style=\"--awb-bottom-shadow-color:hsla(var(--awb-color8-h),var(--awb-color8-s),calc(var(--awb-color8-l) - 9%),var(--awb-color8-a));--awb-caption-title-font-family:var(--h2_typography-font-family);--awb-caption-title-font-weight:var(--h2_typography-font-weight);--awb-caption-title-font-style:var(--h2_typography-font-style);--awb-caption-title-size:var(--h2_typography-font-size);--awb-caption-title-transform:var(--h2_typography-text-transform);--awb-caption-title-line-height:var(--h2_typography-line-height);--awb-caption-title-letter-spacing:var(--h2_typography-letter-spacing);\"><div class=\"awb-image-frame awb-image-frame-1 imageframe-liftup awb-bottomshadow\"><span class=\" fusion-imageframe imageframe-bottomshadow imageframe-1\" style=\"border:1px solid hsla(var(--awb-color8-h),var(--awb-color8-s),calc( var(--awb-color8-l) + 87% ),var(--awb-color8-a));\"><a href=\"https:\/\/villa-pacetina.com\/wp-content\/uploads\/2024\/10\/VillaPacetina02_Jurinec-photography_19052022-jpg.avif\" class=\"fusion-lightbox\" data-rel=\"iLightbox[deluxe]\" data-title=\"VillaPacetina02_Jurinec photography_19052022\" title=\"VillaPacetina02_Jurinec photography_19052022\"><img decoding=\"async\" width=\"2000\" height=\"1333\" src=\"data:image\/svg+xml,%3Csvg%20xmlns%3D%27http%3A%2F%2Fwww.w3.org%2F2000%2Fsvg%27%20width%3D%272000%27%20height%3D%271333%27%20viewBox%3D%270%200%202000%201333%27%3E%3Crect%20width%3D%272000%27%20height%3D%271333%27%20fill-opacity%3D%220%22%2F%3E%3C%2Fsvg%3E\" data-orig-src=\"https:\/\/villa-pacetina.com\/wp-content\/uploads\/2024\/10\/VillaPacetina02_Jurinec-photography_19052022-jpg.avif\" alt class=\"lazyload img-responsive wp-image-6789\"\/><\/a><\/span><svg xmlns=\"http:\/\/www.w3.org\/2000\/svg\" version=\"1.1\" width=\"100%\" viewBox=\"0 0 600 28\" preserveAspectRatio=\"none\"><g clip-path=\"url(#a)\"><mask id=\"b\" style=\"mask-type:luminance\" maskUnits=\"userSpaceOnUse\" x=\"0\" y=\"0\" width=\"600\" height=\"28\"><path d=\"M0 0h600v28H0V0Z\" fill=\"#fff\"\/><\/mask><g filter=\"url(#c)\" mask=\"url(#b)\"><path d=\"M16.439-18.667h567.123v30.8S438.961-8.4 300-8.4C161.04-8.4 16.438 12.133 16.438 12.133v-30.8Z\" fill=\"#000\"\/><\/g><\/g><defs><clipPath id=\"a\"><path fill=\"#fff\" d=\"M0 0h600v28H0z\"\/><\/clipPath><filter id=\"c\" x=\"5.438\" y=\"-29.667\" width=\"589.123\" height=\"52.8\" filterUnits=\"userSpaceOnUse\" color-interpolation-filters=\"sRGB\"><feFlood flood-opacity=\"0\" result=\"BackgroundImageFix\"\/><feBlend in=\"SourceGraphic\" in2=\"BackgroundImageFix\" result=\"shape\"\/><feGaussianBlur stdDeviation=\"5.5\" result=\"effect1_foregroundBlur_3983_183\"\/><\/filter><\/defs><\/svg><\/div><\/div><\/div><\/div><div class=\"fusion-layout-column fusion_builder_column fusion-builder-column-6 fusion_builder_column_1_4 1_4 fusion-flex-column\" style=\"--awb-bg-blend:overlay;--awb-bg-size:cover;--awb-width-large:25%;--awb-margin-top-large:0px;--awb-spacing-right-large:7.68%;--awb-margin-bottom-large:20px;--awb-spacing-left-large:7.68%;--awb-width-medium:33.333333333333%;--awb-order-medium:0;--awb-spacing-right-medium:5.76%;--awb-spacing-left-medium:5.76%;--awb-width-small:50%;--awb-order-small:0;--awb-spacing-right-small:3.84%;--awb-spacing-left-small:3.84%;\" data-scroll-devices=\"small-visibility,medium-visibility,large-visibility\"><div class=\"fusion-column-wrapper fusion-column-has-shadow fusion-flex-justify-content-flex-start fusion-content-layout-column\"><div class=\"fusion-image-element \" style=\"--awb-bottom-shadow-color:hsla(var(--awb-color8-h),var(--awb-color8-s),calc(var(--awb-color8-l) - 9%),var(--awb-color8-a));--awb-caption-title-font-family:var(--h2_typography-font-family);--awb-caption-title-font-weight:var(--h2_typography-font-weight);--awb-caption-title-font-style:var(--h2_typography-font-style);--awb-caption-title-size:var(--h2_typography-font-size);--awb-caption-title-transform:var(--h2_typography-text-transform);--awb-caption-title-line-height:var(--h2_typography-line-height);--awb-caption-title-letter-spacing:var(--h2_typography-letter-spacing);\"><div class=\"awb-image-frame awb-image-frame-2 imageframe-liftup awb-bottomshadow\"><span class=\" fusion-imageframe imageframe-bottomshadow imageframe-2\" style=\"border:1px solid hsla(var(--awb-color8-h),var(--awb-color8-s),calc( var(--awb-color8-l) + 87% ),var(--awb-color8-a));\"><a href=\"https:\/\/villa-pacetina.com\/wp-content\/uploads\/2024\/10\/VillaPacetina43_Jurinec-photography_19052022-jpg.avif\" class=\"fusion-lightbox\" data-rel=\"iLightbox[deluxe]\" data-title=\"VillaPacetina43_Jurinec photography_19052022\" title=\"VillaPacetina43_Jurinec photography_19052022\"><img decoding=\"async\" width=\"2000\" height=\"1335\" src=\"data:image\/svg+xml,%3Csvg%20xmlns%3D%27http%3A%2F%2Fwww.w3.org%2F2000%2Fsvg%27%20width%3D%272000%27%20height%3D%271335%27%20viewBox%3D%270%200%202000%201335%27%3E%3Crect%20width%3D%272000%27%20height%3D%271335%27%20fill-opacity%3D%220%22%2F%3E%3C%2Fsvg%3E\" data-orig-src=\"https:\/\/villa-pacetina.com\/wp-content\/uploads\/2024\/10\/VillaPacetina43_Jurinec-photography_19052022-jpg.avif\" alt class=\"lazyload img-responsive wp-image-6794\"\/><\/a><\/span><svg xmlns=\"http:\/\/www.w3.org\/2000\/svg\" version=\"1.1\" width=\"100%\" viewBox=\"0 0 600 28\" preserveAspectRatio=\"none\"><g clip-path=\"url(#a)\"><mask id=\"b\" style=\"mask-type:luminance\" maskUnits=\"userSpaceOnUse\" x=\"0\" y=\"0\" width=\"600\" height=\"28\"><path d=\"M0 0h600v28H0V0Z\" fill=\"#fff\"\/><\/mask><g filter=\"url(#c)\" mask=\"url(#b)\"><path d=\"M16.439-18.667h567.123v30.8S438.961-8.4 300-8.4C161.04-8.4 16.438 12.133 16.438 12.133v-30.8Z\" fill=\"#000\"\/><\/g><\/g><defs><clipPath id=\"a\"><path fill=\"#fff\" d=\"M0 0h600v28H0z\"\/><\/clipPath><filter id=\"c\" x=\"5.438\" y=\"-29.667\" width=\"589.123\" height=\"52.8\" filterUnits=\"userSpaceOnUse\" color-interpolation-filters=\"sRGB\"><feFlood flood-opacity=\"0\" result=\"BackgroundImageFix\"\/><feBlend in=\"SourceGraphic\" in2=\"BackgroundImageFix\" result=\"shape\"\/><feGaussianBlur stdDeviation=\"5.5\" result=\"effect1_foregroundBlur_3983_183\"\/><\/filter><\/defs><\/svg><\/div><\/div><\/div><\/div><div class=\"fusion-layout-column fusion_builder_column fusion-builder-column-7 fusion_builder_column_1_4 1_4 fusion-flex-column\" style=\"--awb-bg-blend:overlay;--awb-bg-size:cover;--awb-width-large:25%;--awb-margin-top-large:0px;--awb-spacing-right-large:7.68%;--awb-margin-bottom-large:20px;--awb-spacing-left-large:7.68%;--awb-width-medium:33.333333333333%;--awb-order-medium:0;--awb-spacing-right-medium:5.76%;--awb-spacing-left-medium:5.76%;--awb-width-small:50%;--awb-order-small:0;--awb-spacing-right-small:3.84%;--awb-spacing-left-small:3.84%;\" data-scroll-devices=\"small-visibility,medium-visibility,large-visibility\"><div class=\"fusion-column-wrapper fusion-column-has-shadow fusion-flex-justify-content-flex-start fusion-content-layout-column\"><div class=\"fusion-image-element \" style=\"--awb-bottom-shadow-color:hsla(var(--awb-color8-h),var(--awb-color8-s),calc(var(--awb-color8-l) - 9%),var(--awb-color8-a));--awb-caption-title-font-family:var(--h2_typography-font-family);--awb-caption-title-font-weight:var(--h2_typography-font-weight);--awb-caption-title-font-style:var(--h2_typography-font-style);--awb-caption-title-size:var(--h2_typography-font-size);--awb-caption-title-transform:var(--h2_typography-text-transform);--awb-caption-title-line-height:var(--h2_typography-line-height);--awb-caption-title-letter-spacing:var(--h2_typography-letter-spacing);\"><div class=\"awb-image-frame awb-image-frame-3 imageframe-liftup awb-bottomshadow\"><span class=\" fusion-imageframe imageframe-bottomshadow imageframe-3\" style=\"border:1px solid hsla(var(--awb-color8-h),var(--awb-color8-s),calc( var(--awb-color8-l) + 87% ),var(--awb-color8-a));\"><a href=\"https:\/\/villa-pacetina.com\/wp-content\/uploads\/2024\/10\/VillaPacetina61_Jurinec-photography_19052022-jpg.avif\" class=\"fusion-lightbox\" data-rel=\"iLightbox[deluxe]\" data-title=\"VillaPacetina61_Jurinec photography_19052022\" title=\"VillaPacetina61_Jurinec photography_19052022\"><img decoding=\"async\" width=\"2000\" height=\"1334\" src=\"data:image\/svg+xml,%3Csvg%20xmlns%3D%27http%3A%2F%2Fwww.w3.org%2F2000%2Fsvg%27%20width%3D%272000%27%20height%3D%271334%27%20viewBox%3D%270%200%202000%201334%27%3E%3Crect%20width%3D%272000%27%20height%3D%271334%27%20fill-opacity%3D%220%22%2F%3E%3C%2Fsvg%3E\" data-orig-src=\"https:\/\/villa-pacetina.com\/wp-content\/uploads\/2024\/10\/VillaPacetina61_Jurinec-photography_19052022-jpg.avif\" alt class=\"lazyload img-responsive wp-image-6799\"\/><\/a><\/span><svg xmlns=\"http:\/\/www.w3.org\/2000\/svg\" version=\"1.1\" width=\"100%\" viewBox=\"0 0 600 28\" preserveAspectRatio=\"none\"><g clip-path=\"url(#a)\"><mask id=\"b\" style=\"mask-type:luminance\" maskUnits=\"userSpaceOnUse\" x=\"0\" y=\"0\" width=\"600\" height=\"28\"><path d=\"M0 0h600v28H0V0Z\" fill=\"#fff\"\/><\/mask><g filter=\"url(#c)\" mask=\"url(#b)\"><path d=\"M16.439-18.667h567.123v30.8S438.961-8.4 300-8.4C161.04-8.4 16.438 12.133 16.438 12.133v-30.8Z\" fill=\"#000\"\/><\/g><\/g><defs><clipPath id=\"a\"><path fill=\"#fff\" d=\"M0 0h600v28H0z\"\/><\/clipPath><filter id=\"c\" x=\"5.438\" y=\"-29.667\" width=\"589.123\" height=\"52.8\" filterUnits=\"userSpaceOnUse\" color-interpolation-filters=\"sRGB\"><feFlood flood-opacity=\"0\" result=\"BackgroundImageFix\"\/><feBlend in=\"SourceGraphic\" in2=\"BackgroundImageFix\" result=\"shape\"\/><feGaussianBlur stdDeviation=\"5.5\" result=\"effect1_foregroundBlur_3983_183\"\/><\/filter><\/defs><\/svg><\/div><\/div><\/div><\/div><div class=\"fusion-layout-column fusion_builder_column fusion-builder-column-8 fusion_builder_column_1_4 1_4 fusion-flex-column\" style=\"--awb-bg-blend:overlay;--awb-bg-size:cover;--awb-width-large:25%;--awb-margin-top-large:0px;--awb-spacing-right-large:7.68%;--awb-margin-bottom-large:20px;--awb-spacing-left-large:7.68%;--awb-width-medium:33.333333333333%;--awb-order-medium:0;--awb-spacing-right-medium:5.76%;--awb-spacing-left-medium:5.76%;--awb-width-small:50%;--awb-order-small:0;--awb-spacing-right-small:3.84%;--awb-spacing-left-small:3.84%;\" data-scroll-devices=\"small-visibility,medium-visibility,large-visibility\"><div class=\"fusion-column-wrapper fusion-column-has-shadow fusion-flex-justify-content-flex-start fusion-content-layout-column\"><div class=\"fusion-image-element \" style=\"--awb-bottom-shadow-color:hsla(var(--awb-color8-h),var(--awb-color8-s),calc(var(--awb-color8-l) - 9%),var(--awb-color8-a));--awb-caption-title-font-family:var(--h2_typography-font-family);--awb-caption-title-font-weight:var(--h2_typography-font-weight);--awb-caption-title-font-style:var(--h2_typography-font-style);--awb-caption-title-size:var(--h2_typography-font-size);--awb-caption-title-transform:var(--h2_typography-text-transform);--awb-caption-title-line-height:var(--h2_typography-line-height);--awb-caption-title-letter-spacing:var(--h2_typography-letter-spacing);\"><div class=\"awb-image-frame awb-image-frame-4 imageframe-liftup awb-bottomshadow\"><span class=\" fusion-imageframe imageframe-bottomshadow imageframe-4\" style=\"border:1px solid hsla(var(--awb-color8-h),var(--awb-color8-s),calc( var(--awb-color8-l) + 87% ),var(--awb-color8-a));\"><a href=\"https:\/\/villa-pacetina.com\/wp-content\/uploads\/2024\/10\/VillaPacetina80_Jurinec-photography_19052022-jpg.avif\" class=\"fusion-lightbox\" data-rel=\"iLightbox[deluxe]\" data-title=\"VillaPacetina80_Jurinec photography_19052022\" title=\"VillaPacetina80_Jurinec photography_19052022\"><img decoding=\"async\" width=\"2000\" height=\"1334\" src=\"data:image\/svg+xml,%3Csvg%20xmlns%3D%27http%3A%2F%2Fwww.w3.org%2F2000%2Fsvg%27%20width%3D%272000%27%20height%3D%271334%27%20viewBox%3D%270%200%202000%201334%27%3E%3Crect%20width%3D%272000%27%20height%3D%271334%27%20fill-opacity%3D%220%22%2F%3E%3C%2Fsvg%3E\" data-orig-src=\"https:\/\/villa-pacetina.com\/wp-content\/uploads\/2024\/10\/VillaPacetina80_Jurinec-photography_19052022-jpg.avif\" alt class=\"lazyload img-responsive wp-image-6804\"\/><\/a><\/span><svg xmlns=\"http:\/\/www.w3.org\/2000\/svg\" version=\"1.1\" width=\"100%\" viewBox=\"0 0 600 28\" preserveAspectRatio=\"none\"><g clip-path=\"url(#a)\"><mask id=\"b\" style=\"mask-type:luminance\" maskUnits=\"userSpaceOnUse\" x=\"0\" y=\"0\" width=\"600\" height=\"28\"><path d=\"M0 0h600v28H0V0Z\" fill=\"#fff\"\/><\/mask><g filter=\"url(#c)\" mask=\"url(#b)\"><path d=\"M16.439-18.667h567.123v30.8S438.961-8.4 300-8.4C161.04-8.4 16.438 12.133 16.438 12.133v-30.8Z\" fill=\"#000\"\/><\/g><\/g><defs><clipPath id=\"a\"><path fill=\"#fff\" d=\"M0 0h600v28H0z\"\/><\/clipPath><filter id=\"c\" x=\"5.438\" y=\"-29.667\" width=\"589.123\" height=\"52.8\" filterUnits=\"userSpaceOnUse\" color-interpolation-filters=\"sRGB\"><feFlood flood-opacity=\"0\" result=\"BackgroundImageFix\"\/><feBlend in=\"SourceGraphic\" in2=\"BackgroundImageFix\" result=\"shape\"\/><feGaussianBlur stdDeviation=\"5.5\" result=\"effect1_foregroundBlur_3983_183\"\/><\/filter><\/defs><\/svg><\/div><\/div><\/div><\/div><\/div><\/div><div class=\"fusion-fullwidth fullwidth-box fusion-builder-row-3 fusion-flex-container has-pattern-background has-mask-background nonhundred-percent-fullwidth non-hundred-percent-height-scrolling\" style=\"--awb-background-position:left top;--awb-border-sizes-top:0px;--awb-border-sizes-bottom:0px;--awb-border-sizes-left:0px;--awb-border-sizes-right:0px;--awb-border-radius-top-left:0px;--awb-border-radius-top-right:0px;--awb-border-radius-bottom-right:0px;--awb-border-radius-bottom-left:0px;--awb-padding-top:30px;--awb-padding-bottom:80px;--awb-padding-top-small:70px;--awb-padding-bottom-small:60px;--awb-flex-wrap:wrap;\" ><div class=\"fusion-builder-row fusion-row fusion-flex-align-items-center fusion-flex-content-wrap\" style=\"max-width:calc( 1250px + 0px );margin-left: calc(-0px \/ 2 );margin-right: calc(-0px \/ 2 );\"><div class=\"fusion-layout-column fusion_builder_column fusion-builder-column-9 fusion_builder_column_2_5 2_5 fusion-flex-column\" style=\"--awb-padding-right:80px;--awb-padding-right-small:0px;--awb-bg-position:right bottom;--awb-bg-blend:overlay;--awb-bg-size:cover;--awb-width-large:40%;--awb-margin-top-large:0px;--awb-spacing-right-large:0px;--awb-margin-bottom-large:20px;--awb-spacing-left-large:0px;--awb-width-medium:100%;--awb-order-medium:0;--awb-spacing-right-medium:0px;--awb-spacing-left-medium:0px;--awb-width-small:100%;--awb-order-small:0;--awb-spacing-right-small:0px;--awb-spacing-left-small:0px;\"><div class=\"fusion-column-wrapper fusion-column-has-shadow fusion-flex-justify-content-flex-start fusion-content-layout-column\"><div class=\"fusion-title title fusion-title-4 fusion-title-text fusion-title-size-two\" style=\"--awb-margin-bottom:0px;--awb-margin-bottom-small:0px;--awb-margin-bottom-medium:0px;--awb-font-size:var(--awb-typography2-font-size);\"><div class=\"title-sep-container title-sep-container-left fusion-no-large-visibility fusion-no-medium-visibility fusion-no-small-visibility\"><div class=\"title-sep sep- sep-solid\" style=\"border-color:var(--awb-color3);\"><\/div><\/div><span class=\"awb-title-spacer fusion-no-large-visibility fusion-no-medium-visibility fusion-no-small-visibility\"><\/span><h2 class=\"fusion-title-heading title-heading-left fusion-responsive-typography-calculated\" style=\"font-family:var(--awb-typography2-font-family);font-weight:var(--awb-typography2-font-weight);font-style:var(--awb-typography2-font-style);margin:0;font-size:1em;letter-spacing:var(--awb-typography2-letter-spacing);text-transform:var(--awb-typography2-text-transform);--fontSize:13;--minFontSize:13;line-height:var(--awb-typography2-line-height);\">Sottolineiamo in particolare<\/h2><span class=\"awb-title-spacer\"><\/span><div class=\"title-sep-container title-sep-container-right\"><div class=\"title-sep sep- sep-solid\" style=\"border-color:var(--awb-color3);\"><\/div><\/div><\/div><div class=\"fusion-title title fusion-title-5 fusion-title-text fusion-title-size-three\" style=\"--awb-margin-bottom-small:15px;--awb-font-size:46px;\"><div class=\"title-sep-container title-sep-container-left fusion-no-large-visibility fusion-no-medium-visibility fusion-no-small-visibility\"><div class=\"title-sep sep- sep-solid\" style=\"border-color:var(--awb-color3);\"><\/div><\/div><span class=\"awb-title-spacer fusion-no-large-visibility fusion-no-medium-visibility fusion-no-small-visibility\"><\/span><h3 class=\"fusion-title-heading title-heading-left fusion-responsive-typography-calculated\" style=\"margin:0;font-size:1em;--fontSize:46;line-height:var(--awb-typography1-line-height);\">VILLA LARA<\/h3><span class=\"awb-title-spacer\"><\/span><div class=\"title-sep-container title-sep-container-right\"><div class=\"title-sep sep- sep-solid\" style=\"border-color:var(--awb-color3);\"><\/div><\/div><\/div><div class=\"fusion-separator\" style=\"align-self: flex-start;margin-right:auto;margin-top:0px;margin-bottom:20px;width:100%;max-width:50px;\"><div class=\"fusion-separator-border sep-single sep-solid\" style=\"--awb-height:20px;--awb-amount:20px;--awb-sep-color:var(--awb-color4);border-color:var(--awb-color4);border-top-width:1px;\"><\/div><\/div><div class=\"fusion-text fusion-text-3\"><p>Villa Lara offre ai suoi ospiti 120 m\u00b2 di interni spaziosi e caldi, rivestiti in legno, con tre camere da letto, cucina, sala da pranzo, soggiorno e servizi benessere come mini sauna e vasca idromassaggio. Per gli amanti della gastronomia \u00e8 disponibile una terrazza coperta con cucina esterna e spazio per la socializzazione.<\/p>\n<\/div><div style=\"text-align:center;\"><a class=\"fusion-button button-flat fusion-button-default-size button-default fusion-button-default button-1 fusion-button-default-span fusion-button-default-type\" target=\"_self\" href=\"https:\/\/villa-pacetina.com\/it\/contatto\/\"><i class=\"fa-edit fas button-icon-left\" aria-hidden=\"true\"><\/i><span class=\"fusion-button-text\">Prenota il tuo alloggio<\/span><\/a><\/div><\/div><\/div><div class=\"fusion-layout-column fusion_builder_column fusion-builder-column-10 fusion_builder_column_3_5 3_5 fusion-flex-column\" style=\"--awb-padding-top:40px;--awb-padding-right:40px;--awb-padding-bottom:40px;--awb-padding-left:40px;--awb-bg-color:var(--awb-color1);--awb-bg-color-hover:var(--awb-color1);--awb-bg-size:cover;--awb-border-color:var(--awb-color2);--awb-border-top:1px;--awb-border-right:1px;--awb-border-bottom:1px;--awb-border-left:1px;--awb-border-style:solid;--awb-width-large:60%;--awb-margin-top-large:0px;--awb-spacing-right-large:0px;--awb-margin-bottom-large:20px;--awb-spacing-left-large:0px;--awb-width-medium:100%;--awb-spacing-right-medium:0px;--awb-spacing-left-medium:0px;--awb-width-small:100%;--awb-spacing-right-small:0px;--awb-spacing-left-small:0px;\"><div class=\"fusion-column-wrapper fusion-flex-justify-content-flex-start fusion-content-layout-column\"><div class=\"awb-gallery-wrapper awb-gallery-wrapper-1 button-span-no\" style=\"--more-btn-alignment:center;\"><div style=\"margin:-5px;--awb-bordersize:0px;--awb-columns-small:33.3333%;\" class=\"fusion-gallery fusion-gallery-container fusion-grid-3 fusion-columns-total-12 fusion-gallery-layout-grid fusion-gallery-1\"><div style=\"padding:5px;\" class=\"fusion-grid-column fusion-gallery-column fusion-gallery-column-3 hover-type-zoomin\"><div class=\"fusion-gallery-image\"><a href=\"https:\/\/villa-pacetina.com\/wp-content\/uploads\/2024\/10\/VillaPacetina170_Jurinec-photography_19052022-scaled.avif\" rel=\"noreferrer\" data-rel=\"iLightbox[gallery_image_1]\" class=\"fusion-lightbox\" target=\"_self\"><img decoding=\"async\" src=\"https:\/\/villa-pacetina.com\/wp-content\/uploads\/2024\/10\/VillaPacetina170_Jurinec-photography_19052022-scaled.avif\" data-orig-src=\"https:\/\/villa-pacetina.com\/wp-content\/uploads\/2024\/10\/VillaPacetina170_Jurinec-photography_19052022-scaled.avif\" width=\"2560\" height=\"1706\" alt=\"\" title=\"VillaPacetina170_Jurinec photography_19052022\" aria-label=\"VillaPacetina170_Jurinec photography_19052022\" class=\"lazyload img-responsive wp-image-6779\" srcset=\"data:image\/svg+xml,%3Csvg%20xmlns%3D%27http%3A%2F%2Fwww.w3.org%2F2000%2Fsvg%27%20width%3D%272560%27%20height%3D%271706%27%20viewBox%3D%270%200%202560%201706%27%3E%3Crect%20width%3D%272560%27%20height%3D%271706%27%20fill-opacity%3D%220%22%2F%3E%3C%2Fsvg%3E\" data-srcset=\"https:\/\/villa-pacetina.com\/wp-content\/uploads\/2024\/10\/VillaPacetina170_Jurinec-photography_19052022-200x133.avif 200w, https:\/\/villa-pacetina.com\/wp-content\/uploads\/2024\/10\/VillaPacetina170_Jurinec-photography_19052022-300x200.avif 300w, https:\/\/villa-pacetina.com\/wp-content\/uploads\/2024\/10\/VillaPacetina170_Jurinec-photography_19052022-400x267.avif 400w, https:\/\/villa-pacetina.com\/wp-content\/uploads\/2024\/10\/VillaPacetina170_Jurinec-photography_19052022-600x400.avif 600w, https:\/\/villa-pacetina.com\/wp-content\/uploads\/2024\/10\/VillaPacetina170_Jurinec-photography_19052022-768x512.avif 768w, https:\/\/villa-pacetina.com\/wp-content\/uploads\/2024\/10\/VillaPacetina170_Jurinec-photography_19052022-800x533.avif 800w, https:\/\/villa-pacetina.com\/wp-content\/uploads\/2024\/10\/VillaPacetina170_Jurinec-photography_19052022-1024x682.avif 1024w, https:\/\/villa-pacetina.com\/wp-content\/uploads\/2024\/10\/VillaPacetina170_Jurinec-photography_19052022-1200x800.avif 1200w, https:\/\/villa-pacetina.com\/wp-content\/uploads\/2024\/10\/VillaPacetina170_Jurinec-photography_19052022-1536x1023.avif 1536w, https:\/\/villa-pacetina.com\/wp-content\/uploads\/2024\/10\/VillaPacetina170_Jurinec-photography_19052022-scaled.avif 2560w\" data-sizes=\"auto\" data-orig-sizes=\"(min-width: 2200px) 100vw, (min-width: 824px) 413px, (min-width: 732px) 620px, (min-width: 640px) 732px, \" \/><\/a><\/div><\/div><div style=\"padding:5px;\" class=\"fusion-grid-column fusion-gallery-column fusion-gallery-column-3 hover-type-zoomin\"><div class=\"fusion-gallery-image\"><a href=\"https:\/\/villa-pacetina.com\/wp-content\/uploads\/2024\/10\/teambuilding-logorska-vatra-villa-pacetina.jpg-jpg.avif\" rel=\"noreferrer\" data-rel=\"iLightbox[gallery_image_1]\" class=\"fusion-lightbox\" target=\"_self\"><img decoding=\"async\" src=\"https:\/\/villa-pacetina.com\/wp-content\/uploads\/2024\/10\/teambuilding-logorska-vatra-villa-pacetina.jpg-jpg.avif\" data-orig-src=\"https:\/\/villa-pacetina.com\/wp-content\/uploads\/2024\/10\/teambuilding-logorska-vatra-villa-pacetina.jpg-jpg.avif\" width=\"2000\" height=\"1334\" alt=\"\" title=\"teambuilding-logorska-vatra-villa-pacetina.jpg\" aria-label=\"teambuilding-logorska-vatra-villa-pacetina.jpg\" class=\"lazyload img-responsive wp-image-6743\" srcset=\"data:image\/svg+xml,%3Csvg%20xmlns%3D%27http%3A%2F%2Fwww.w3.org%2F2000%2Fsvg%27%20width%3D%272000%27%20height%3D%271334%27%20viewBox%3D%270%200%202000%201334%27%3E%3Crect%20width%3D%272000%27%20height%3D%271334%27%20fill-opacity%3D%220%22%2F%3E%3C%2Fsvg%3E\" data-srcset=\"https:\/\/villa-pacetina.com\/wp-content\/uploads\/2024\/10\/teambuilding-logorska-vatra-villa-pacetina.jpg-200x133.avif 200w, https:\/\/villa-pacetina.com\/wp-content\/uploads\/2024\/10\/teambuilding-logorska-vatra-villa-pacetina.jpg-300x200.avif 300w, https:\/\/villa-pacetina.com\/wp-content\/uploads\/2024\/10\/teambuilding-logorska-vatra-villa-pacetina.jpg-400x267.avif 400w, https:\/\/villa-pacetina.com\/wp-content\/uploads\/2024\/10\/teambuilding-logorska-vatra-villa-pacetina.jpg-600x400.avif 600w, https:\/\/villa-pacetina.com\/wp-content\/uploads\/2024\/10\/teambuilding-logorska-vatra-villa-pacetina.jpg-768x512.avif 768w, https:\/\/villa-pacetina.com\/wp-content\/uploads\/2024\/10\/teambuilding-logorska-vatra-villa-pacetina.jpg-800x534.avif 800w, https:\/\/villa-pacetina.com\/wp-content\/uploads\/2024\/10\/teambuilding-logorska-vatra-villa-pacetina.jpg-1024x683.avif 1024w, https:\/\/villa-pacetina.com\/wp-content\/uploads\/2024\/10\/teambuilding-logorska-vatra-villa-pacetina.jpg-1200x800.avif 1200w, https:\/\/villa-pacetina.com\/wp-content\/uploads\/2024\/10\/teambuilding-logorska-vatra-villa-pacetina.jpg-1536x1025.avif 1536w, https:\/\/villa-pacetina.com\/wp-content\/uploads\/2024\/10\/teambuilding-logorska-vatra-villa-pacetina.jpg-jpg.avif 2000w\" data-sizes=\"auto\" data-orig-sizes=\"(min-width: 2200px) 100vw, (min-width: 824px) 413px, (min-width: 732px) 620px, (min-width: 640px) 732px, \" \/><\/a><\/div><\/div><div style=\"padding:5px;\" class=\"fusion-grid-column fusion-gallery-column fusion-gallery-column-3 hover-type-zoomin\"><div class=\"fusion-gallery-image\"><a href=\"https:\/\/villa-pacetina.com\/wp-content\/uploads\/2024\/10\/villa-pacetina-teambuilding-vecernji-rostilj.jpg-jpg.avif\" rel=\"noreferrer\" data-rel=\"iLightbox[gallery_image_1]\" class=\"fusion-lightbox\" target=\"_self\"><img decoding=\"async\" src=\"https:\/\/villa-pacetina.com\/wp-content\/uploads\/2024\/10\/villa-pacetina-teambuilding-vecernji-rostilj.jpg-jpg.avif\" data-orig-src=\"https:\/\/villa-pacetina.com\/wp-content\/uploads\/2024\/10\/villa-pacetina-teambuilding-vecernji-rostilj.jpg-jpg.avif\" width=\"2000\" height=\"1333\" alt=\"\" title=\"villa-pacetina-teambuilding-vecernji-rostilj.jpg\" aria-label=\"villa-pacetina-teambuilding-vecernji-rostilj.jpg\" class=\"lazyload img-responsive wp-image-6718\" srcset=\"data:image\/svg+xml,%3Csvg%20xmlns%3D%27http%3A%2F%2Fwww.w3.org%2F2000%2Fsvg%27%20width%3D%272000%27%20height%3D%271333%27%20viewBox%3D%270%200%202000%201333%27%3E%3Crect%20width%3D%272000%27%20height%3D%271333%27%20fill-opacity%3D%220%22%2F%3E%3C%2Fsvg%3E\" data-srcset=\"https:\/\/villa-pacetina.com\/wp-content\/uploads\/2024\/10\/villa-pacetina-teambuilding-vecernji-rostilj.jpg-200x133.avif 200w, https:\/\/villa-pacetina.com\/wp-content\/uploads\/2024\/10\/villa-pacetina-teambuilding-vecernji-rostilj.jpg-300x200.avif 300w, https:\/\/villa-pacetina.com\/wp-content\/uploads\/2024\/10\/villa-pacetina-teambuilding-vecernji-rostilj.jpg-400x267.avif 400w, https:\/\/villa-pacetina.com\/wp-content\/uploads\/2024\/10\/villa-pacetina-teambuilding-vecernji-rostilj.jpg-600x400.avif 600w, https:\/\/villa-pacetina.com\/wp-content\/uploads\/2024\/10\/villa-pacetina-teambuilding-vecernji-rostilj.jpg-768x512.avif 768w, https:\/\/villa-pacetina.com\/wp-content\/uploads\/2024\/10\/villa-pacetina-teambuilding-vecernji-rostilj.jpg-800x533.avif 800w, https:\/\/villa-pacetina.com\/wp-content\/uploads\/2024\/10\/villa-pacetina-teambuilding-vecernji-rostilj.jpg-1024x682.avif 1024w, https:\/\/villa-pacetina.com\/wp-content\/uploads\/2024\/10\/villa-pacetina-teambuilding-vecernji-rostilj.jpg-1200x800.avif 1200w, https:\/\/villa-pacetina.com\/wp-content\/uploads\/2024\/10\/villa-pacetina-teambuilding-vecernji-rostilj.jpg-1536x1024.avif 1536w, https:\/\/villa-pacetina.com\/wp-content\/uploads\/2024\/10\/villa-pacetina-teambuilding-vecernji-rostilj.jpg-jpg.avif 2000w\" data-sizes=\"auto\" data-orig-sizes=\"(min-width: 2200px) 100vw, (min-width: 824px) 413px, (min-width: 732px) 620px, (min-width: 640px) 732px, \" \/><\/a><\/div><\/div><div class=\"clearfix\"><\/div><div style=\"padding:5px;\" class=\"fusion-grid-column fusion-gallery-column fusion-gallery-column-3 hover-type-zoomin\"><div class=\"fusion-gallery-image\"><a href=\"https:\/\/villa-pacetina.com\/wp-content\/uploads\/2024\/10\/igre-bez-granica-teambuilding-villa-pacetina.jpg-jpg.avif\" rel=\"noreferrer\" data-rel=\"iLightbox[gallery_image_1]\" class=\"fusion-lightbox\" target=\"_self\"><img decoding=\"async\" src=\"https:\/\/villa-pacetina.com\/wp-content\/uploads\/2024\/10\/igre-bez-granica-teambuilding-villa-pacetina.jpg-jpg.avif\" data-orig-src=\"https:\/\/villa-pacetina.com\/wp-content\/uploads\/2024\/10\/igre-bez-granica-teambuilding-villa-pacetina.jpg-jpg.avif\" width=\"2000\" height=\"1333\" alt=\"\" title=\"igre-bez-granica-teambuilding-villa-pacetina.jpg\" aria-label=\"igre-bez-granica-teambuilding-villa-pacetina.jpg\" class=\"lazyload img-responsive wp-image-6723\" srcset=\"data:image\/svg+xml,%3Csvg%20xmlns%3D%27http%3A%2F%2Fwww.w3.org%2F2000%2Fsvg%27%20width%3D%272000%27%20height%3D%271333%27%20viewBox%3D%270%200%202000%201333%27%3E%3Crect%20width%3D%272000%27%20height%3D%271333%27%20fill-opacity%3D%220%22%2F%3E%3C%2Fsvg%3E\" data-srcset=\"https:\/\/villa-pacetina.com\/wp-content\/uploads\/2024\/10\/igre-bez-granica-teambuilding-villa-pacetina.jpg-200x133.avif 200w, https:\/\/villa-pacetina.com\/wp-content\/uploads\/2024\/10\/igre-bez-granica-teambuilding-villa-pacetina.jpg-300x200.avif 300w, https:\/\/villa-pacetina.com\/wp-content\/uploads\/2024\/10\/igre-bez-granica-teambuilding-villa-pacetina.jpg-400x267.avif 400w, https:\/\/villa-pacetina.com\/wp-content\/uploads\/2024\/10\/igre-bez-granica-teambuilding-villa-pacetina.jpg-600x400.avif 600w, https:\/\/villa-pacetina.com\/wp-content\/uploads\/2024\/10\/igre-bez-granica-teambuilding-villa-pacetina.jpg-768x512.avif 768w, https:\/\/villa-pacetina.com\/wp-content\/uploads\/2024\/10\/igre-bez-granica-teambuilding-villa-pacetina.jpg-800x533.avif 800w, https:\/\/villa-pacetina.com\/wp-content\/uploads\/2024\/10\/igre-bez-granica-teambuilding-villa-pacetina.jpg-1024x682.avif 1024w, https:\/\/villa-pacetina.com\/wp-content\/uploads\/2024\/10\/igre-bez-granica-teambuilding-villa-pacetina.jpg-1200x800.avif 1200w, https:\/\/villa-pacetina.com\/wp-content\/uploads\/2024\/10\/igre-bez-granica-teambuilding-villa-pacetina.jpg-1536x1024.avif 1536w, https:\/\/villa-pacetina.com\/wp-content\/uploads\/2024\/10\/igre-bez-granica-teambuilding-villa-pacetina.jpg-jpg.avif 2000w\" data-sizes=\"auto\" data-orig-sizes=\"(min-width: 2200px) 100vw, (min-width: 824px) 413px, (min-width: 732px) 620px, (min-width: 640px) 732px, \" \/><\/a><\/div><\/div><div style=\"padding:5px;\" class=\"fusion-grid-column fusion-gallery-column fusion-gallery-column-3 hover-type-zoomin\"><div class=\"fusion-gallery-image\"><a href=\"https:\/\/villa-pacetina.com\/wp-content\/uploads\/2024\/10\/opustanje-villa-pacetina-zagorje-vecer.jpg-jpg.avif\" rel=\"noreferrer\" data-rel=\"iLightbox[gallery_image_1]\" class=\"fusion-lightbox\" target=\"_self\"><img decoding=\"async\" src=\"https:\/\/villa-pacetina.com\/wp-content\/uploads\/2024\/10\/opustanje-villa-pacetina-zagorje-vecer.jpg-jpg.avif\" data-orig-src=\"https:\/\/villa-pacetina.com\/wp-content\/uploads\/2024\/10\/opustanje-villa-pacetina-zagorje-vecer.jpg-jpg.avif\" width=\"2000\" height=\"1334\" alt=\"\" title=\"opustanje-villa-pacetina-zagorje-vecer.jpg\" aria-label=\"opustanje-villa-pacetina-zagorje-vecer.jpg\" class=\"lazyload img-responsive wp-image-6728\" srcset=\"data:image\/svg+xml,%3Csvg%20xmlns%3D%27http%3A%2F%2Fwww.w3.org%2F2000%2Fsvg%27%20width%3D%272000%27%20height%3D%271334%27%20viewBox%3D%270%200%202000%201334%27%3E%3Crect%20width%3D%272000%27%20height%3D%271334%27%20fill-opacity%3D%220%22%2F%3E%3C%2Fsvg%3E\" data-srcset=\"https:\/\/villa-pacetina.com\/wp-content\/uploads\/2024\/10\/opustanje-villa-pacetina-zagorje-vecer.jpg-200x133.avif 200w, https:\/\/villa-pacetina.com\/wp-content\/uploads\/2024\/10\/opustanje-villa-pacetina-zagorje-vecer.jpg-300x200.avif 300w, https:\/\/villa-pacetina.com\/wp-content\/uploads\/2024\/10\/opustanje-villa-pacetina-zagorje-vecer.jpg-400x267.avif 400w, https:\/\/villa-pacetina.com\/wp-content\/uploads\/2024\/10\/opustanje-villa-pacetina-zagorje-vecer.jpg-600x400.avif 600w, https:\/\/villa-pacetina.com\/wp-content\/uploads\/2024\/10\/opustanje-villa-pacetina-zagorje-vecer.jpg-768x512.avif 768w, https:\/\/villa-pacetina.com\/wp-content\/uploads\/2024\/10\/opustanje-villa-pacetina-zagorje-vecer.jpg-800x534.avif 800w, https:\/\/villa-pacetina.com\/wp-content\/uploads\/2024\/10\/opustanje-villa-pacetina-zagorje-vecer.jpg-1024x683.avif 1024w, https:\/\/villa-pacetina.com\/wp-content\/uploads\/2024\/10\/opustanje-villa-pacetina-zagorje-vecer.jpg-1200x800.avif 1200w, https:\/\/villa-pacetina.com\/wp-content\/uploads\/2024\/10\/opustanje-villa-pacetina-zagorje-vecer.jpg-1536x1025.avif 1536w, https:\/\/villa-pacetina.com\/wp-content\/uploads\/2024\/10\/opustanje-villa-pacetina-zagorje-vecer.jpg-jpg.avif 2000w\" data-sizes=\"auto\" data-orig-sizes=\"(min-width: 2200px) 100vw, (min-width: 824px) 413px, (min-width: 732px) 620px, (min-width: 640px) 732px, \" \/><\/a><\/div><\/div><div style=\"padding:5px;\" class=\"fusion-grid-column fusion-gallery-column fusion-gallery-column-3 hover-type-zoomin\"><div class=\"fusion-gallery-image\"><a href=\"https:\/\/villa-pacetina.com\/wp-content\/uploads\/2024\/10\/pogled-na-vinograde-villa-pacetina-zagorje.jpg-jpg.avif\" rel=\"noreferrer\" data-rel=\"iLightbox[gallery_image_1]\" class=\"fusion-lightbox\" target=\"_self\"><img decoding=\"async\" src=\"https:\/\/villa-pacetina.com\/wp-content\/uploads\/2024\/10\/pogled-na-vinograde-villa-pacetina-zagorje.jpg-jpg.avif\" data-orig-src=\"https:\/\/villa-pacetina.com\/wp-content\/uploads\/2024\/10\/pogled-na-vinograde-villa-pacetina-zagorje.jpg-jpg.avif\" width=\"2000\" height=\"1333\" alt=\"\" title=\"pogled-na-vinograde-villa-pacetina-zagorje.jpg\" aria-label=\"pogled-na-vinograde-villa-pacetina-zagorje.jpg\" class=\"lazyload img-responsive wp-image-6733\" srcset=\"data:image\/svg+xml,%3Csvg%20xmlns%3D%27http%3A%2F%2Fwww.w3.org%2F2000%2Fsvg%27%20width%3D%272000%27%20height%3D%271333%27%20viewBox%3D%270%200%202000%201333%27%3E%3Crect%20width%3D%272000%27%20height%3D%271333%27%20fill-opacity%3D%220%22%2F%3E%3C%2Fsvg%3E\" data-srcset=\"https:\/\/villa-pacetina.com\/wp-content\/uploads\/2024\/10\/pogled-na-vinograde-villa-pacetina-zagorje.jpg-200x133.avif 200w, https:\/\/villa-pacetina.com\/wp-content\/uploads\/2024\/10\/pogled-na-vinograde-villa-pacetina-zagorje.jpg-300x200.avif 300w, https:\/\/villa-pacetina.com\/wp-content\/uploads\/2024\/10\/pogled-na-vinograde-villa-pacetina-zagorje.jpg-400x267.avif 400w, https:\/\/villa-pacetina.com\/wp-content\/uploads\/2024\/10\/pogled-na-vinograde-villa-pacetina-zagorje.jpg-600x400.avif 600w, https:\/\/villa-pacetina.com\/wp-content\/uploads\/2024\/10\/pogled-na-vinograde-villa-pacetina-zagorje.jpg-768x512.avif 768w, https:\/\/villa-pacetina.com\/wp-content\/uploads\/2024\/10\/pogled-na-vinograde-villa-pacetina-zagorje.jpg-800x533.avif 800w, https:\/\/villa-pacetina.com\/wp-content\/uploads\/2024\/10\/pogled-na-vinograde-villa-pacetina-zagorje.jpg-1024x682.avif 1024w, https:\/\/villa-pacetina.com\/wp-content\/uploads\/2024\/10\/pogled-na-vinograde-villa-pacetina-zagorje.jpg-1200x800.avif 1200w, https:\/\/villa-pacetina.com\/wp-content\/uploads\/2024\/10\/pogled-na-vinograde-villa-pacetina-zagorje.jpg-1536x1024.avif 1536w, https:\/\/villa-pacetina.com\/wp-content\/uploads\/2024\/10\/pogled-na-vinograde-villa-pacetina-zagorje.jpg-jpg.avif 2000w\" data-sizes=\"auto\" data-orig-sizes=\"(min-width: 2200px) 100vw, (min-width: 824px) 413px, (min-width: 732px) 620px, (min-width: 640px) 732px, \" \/><\/a><\/div><\/div><div class=\"clearfix\"><\/div><div style=\"padding:5px;\" class=\"fusion-grid-column fusion-gallery-column fusion-gallery-column-3 hover-type-zoomin\"><div class=\"fusion-gallery-image\"><a href=\"https:\/\/villa-pacetina.com\/wp-content\/uploads\/2024\/10\/radionica-na-otvorenom-villa-pacetina-zagorje.jpg-jpg.avif\" rel=\"noreferrer\" data-rel=\"iLightbox[gallery_image_1]\" class=\"fusion-lightbox\" target=\"_self\"><img decoding=\"async\" src=\"https:\/\/villa-pacetina.com\/wp-content\/uploads\/2024\/10\/radionica-na-otvorenom-villa-pacetina-zagorje.jpg-jpg.avif\" data-orig-src=\"https:\/\/villa-pacetina.com\/wp-content\/uploads\/2024\/10\/radionica-na-otvorenom-villa-pacetina-zagorje.jpg-jpg.avif\" width=\"2000\" height=\"1334\" alt=\"\" title=\"radionica-na-otvorenom-villa-pacetina-zagorje.jpg\" aria-label=\"radionica-na-otvorenom-villa-pacetina-zagorje.jpg\" class=\"lazyload img-responsive wp-image-6738\" srcset=\"data:image\/svg+xml,%3Csvg%20xmlns%3D%27http%3A%2F%2Fwww.w3.org%2F2000%2Fsvg%27%20width%3D%272000%27%20height%3D%271334%27%20viewBox%3D%270%200%202000%201334%27%3E%3Crect%20width%3D%272000%27%20height%3D%271334%27%20fill-opacity%3D%220%22%2F%3E%3C%2Fsvg%3E\" data-srcset=\"https:\/\/villa-pacetina.com\/wp-content\/uploads\/2024\/10\/radionica-na-otvorenom-villa-pacetina-zagorje.jpg-200x133.avif 200w, https:\/\/villa-pacetina.com\/wp-content\/uploads\/2024\/10\/radionica-na-otvorenom-villa-pacetina-zagorje.jpg-300x200.avif 300w, https:\/\/villa-pacetina.com\/wp-content\/uploads\/2024\/10\/radionica-na-otvorenom-villa-pacetina-zagorje.jpg-400x267.avif 400w, https:\/\/villa-pacetina.com\/wp-content\/uploads\/2024\/10\/radionica-na-otvorenom-villa-pacetina-zagorje.jpg-600x400.avif 600w, https:\/\/villa-pacetina.com\/wp-content\/uploads\/2024\/10\/radionica-na-otvorenom-villa-pacetina-zagorje.jpg-768x512.avif 768w, https:\/\/villa-pacetina.com\/wp-content\/uploads\/2024\/10\/radionica-na-otvorenom-villa-pacetina-zagorje.jpg-800x534.avif 800w, https:\/\/villa-pacetina.com\/wp-content\/uploads\/2024\/10\/radionica-na-otvorenom-villa-pacetina-zagorje.jpg-1024x683.avif 1024w, https:\/\/villa-pacetina.com\/wp-content\/uploads\/2024\/10\/radionica-na-otvorenom-villa-pacetina-zagorje.jpg-1200x800.avif 1200w, https:\/\/villa-pacetina.com\/wp-content\/uploads\/2024\/10\/radionica-na-otvorenom-villa-pacetina-zagorje.jpg-1536x1025.avif 1536w, https:\/\/villa-pacetina.com\/wp-content\/uploads\/2024\/10\/radionica-na-otvorenom-villa-pacetina-zagorje.jpg-jpg.avif 2000w\" data-sizes=\"auto\" data-orig-sizes=\"(min-width: 2200px) 100vw, (min-width: 824px) 413px, (min-width: 732px) 620px, (min-width: 640px) 732px, \" \/><\/a><\/div><\/div><div style=\"padding:5px;\" class=\"fusion-grid-column fusion-gallery-column fusion-gallery-column-3 hover-type-zoomin\"><div class=\"fusion-gallery-image\"><a href=\"https:\/\/villa-pacetina.com\/wp-content\/uploads\/2024\/10\/teambuilding-natjecanje-u-kuhanju-villa-pacetina.jpg-jpg.avif\" rel=\"noreferrer\" data-rel=\"iLightbox[gallery_image_1]\" class=\"fusion-lightbox\" target=\"_self\"><img decoding=\"async\" src=\"https:\/\/villa-pacetina.com\/wp-content\/uploads\/2024\/10\/teambuilding-natjecanje-u-kuhanju-villa-pacetina.jpg-jpg.avif\" data-orig-src=\"https:\/\/villa-pacetina.com\/wp-content\/uploads\/2024\/10\/teambuilding-natjecanje-u-kuhanju-villa-pacetina.jpg-jpg.avif\" width=\"2000\" height=\"1334\" alt=\"\" title=\"teambuilding-natjecanje-u-kuhanju-villa-pacetina.jpg\" aria-label=\"teambuilding-natjecanje-u-kuhanju-villa-pacetina.jpg\" class=\"lazyload img-responsive wp-image-6748\" srcset=\"data:image\/svg+xml,%3Csvg%20xmlns%3D%27http%3A%2F%2Fwww.w3.org%2F2000%2Fsvg%27%20width%3D%272000%27%20height%3D%271334%27%20viewBox%3D%270%200%202000%201334%27%3E%3Crect%20width%3D%272000%27%20height%3D%271334%27%20fill-opacity%3D%220%22%2F%3E%3C%2Fsvg%3E\" data-srcset=\"https:\/\/villa-pacetina.com\/wp-content\/uploads\/2024\/10\/teambuilding-natjecanje-u-kuhanju-villa-pacetina.jpg-200x133.avif 200w, https:\/\/villa-pacetina.com\/wp-content\/uploads\/2024\/10\/teambuilding-natjecanje-u-kuhanju-villa-pacetina.jpg-300x200.avif 300w, https:\/\/villa-pacetina.com\/wp-content\/uploads\/2024\/10\/teambuilding-natjecanje-u-kuhanju-villa-pacetina.jpg-400x267.avif 400w, https:\/\/villa-pacetina.com\/wp-content\/uploads\/2024\/10\/teambuilding-natjecanje-u-kuhanju-villa-pacetina.jpg-600x400.avif 600w, https:\/\/villa-pacetina.com\/wp-content\/uploads\/2024\/10\/teambuilding-natjecanje-u-kuhanju-villa-pacetina.jpg-768x512.avif 768w, https:\/\/villa-pacetina.com\/wp-content\/uploads\/2024\/10\/teambuilding-natjecanje-u-kuhanju-villa-pacetina.jpg-800x534.avif 800w, https:\/\/villa-pacetina.com\/wp-content\/uploads\/2024\/10\/teambuilding-natjecanje-u-kuhanju-villa-pacetina.jpg-1024x683.avif 1024w, https:\/\/villa-pacetina.com\/wp-content\/uploads\/2024\/10\/teambuilding-natjecanje-u-kuhanju-villa-pacetina.jpg-1200x800.avif 1200w, https:\/\/villa-pacetina.com\/wp-content\/uploads\/2024\/10\/teambuilding-natjecanje-u-kuhanju-villa-pacetina.jpg-1536x1025.avif 1536w, https:\/\/villa-pacetina.com\/wp-content\/uploads\/2024\/10\/teambuilding-natjecanje-u-kuhanju-villa-pacetina.jpg-jpg.avif 2000w\" data-sizes=\"auto\" data-orig-sizes=\"(min-width: 2200px) 100vw, (min-width: 824px) 413px, (min-width: 732px) 620px, (min-width: 640px) 732px, \" \/><\/a><\/div><\/div><div style=\"padding:5px;\" class=\"fusion-grid-column fusion-gallery-column fusion-gallery-column-3 hover-type-zoomin\"><div class=\"fusion-gallery-image\"><a href=\"https:\/\/villa-pacetina.com\/wp-content\/uploads\/2024\/10\/tim-na-rucak-villa-pacetina-zagorje.jpg-jpg.avif\" rel=\"noreferrer\" data-rel=\"iLightbox[gallery_image_1]\" class=\"fusion-lightbox\" target=\"_self\"><img decoding=\"async\" src=\"https:\/\/villa-pacetina.com\/wp-content\/uploads\/2024\/10\/tim-na-rucak-villa-pacetina-zagorje.jpg-jpg.avif\" data-orig-src=\"https:\/\/villa-pacetina.com\/wp-content\/uploads\/2024\/10\/tim-na-rucak-villa-pacetina-zagorje.jpg-jpg.avif\" width=\"2000\" height=\"1334\" alt=\"\" title=\"tim-na-rucak-villa-pacetina-zagorje.jpg\" aria-label=\"tim-na-rucak-villa-pacetina-zagorje.jpg\" class=\"lazyload img-responsive wp-image-6753\" srcset=\"data:image\/svg+xml,%3Csvg%20xmlns%3D%27http%3A%2F%2Fwww.w3.org%2F2000%2Fsvg%27%20width%3D%272000%27%20height%3D%271334%27%20viewBox%3D%270%200%202000%201334%27%3E%3Crect%20width%3D%272000%27%20height%3D%271334%27%20fill-opacity%3D%220%22%2F%3E%3C%2Fsvg%3E\" data-srcset=\"https:\/\/villa-pacetina.com\/wp-content\/uploads\/2024\/10\/tim-na-rucak-villa-pacetina-zagorje.jpg-200x133.avif 200w, https:\/\/villa-pacetina.com\/wp-content\/uploads\/2024\/10\/tim-na-rucak-villa-pacetina-zagorje.jpg-300x200.avif 300w, https:\/\/villa-pacetina.com\/wp-content\/uploads\/2024\/10\/tim-na-rucak-villa-pacetina-zagorje.jpg-400x267.avif 400w, https:\/\/villa-pacetina.com\/wp-content\/uploads\/2024\/10\/tim-na-rucak-villa-pacetina-zagorje.jpg-600x400.avif 600w, https:\/\/villa-pacetina.com\/wp-content\/uploads\/2024\/10\/tim-na-rucak-villa-pacetina-zagorje.jpg-768x512.avif 768w, https:\/\/villa-pacetina.com\/wp-content\/uploads\/2024\/10\/tim-na-rucak-villa-pacetina-zagorje.jpg-800x534.avif 800w, https:\/\/villa-pacetina.com\/wp-content\/uploads\/2024\/10\/tim-na-rucak-villa-pacetina-zagorje.jpg-1024x683.avif 1024w, https:\/\/villa-pacetina.com\/wp-content\/uploads\/2024\/10\/tim-na-rucak-villa-pacetina-zagorje.jpg-1200x800.avif 1200w, https:\/\/villa-pacetina.com\/wp-content\/uploads\/2024\/10\/tim-na-rucak-villa-pacetina-zagorje.jpg-1536x1025.avif 1536w, https:\/\/villa-pacetina.com\/wp-content\/uploads\/2024\/10\/tim-na-rucak-villa-pacetina-zagorje.jpg-jpg.avif 2000w\" data-sizes=\"auto\" data-orig-sizes=\"(min-width: 2200px) 100vw, (min-width: 824px) 413px, (min-width: 732px) 620px, (min-width: 640px) 732px, \" \/><\/a><\/div><\/div><div class=\"clearfix\"><\/div><div style=\"padding:5px;\" class=\"fusion-grid-column fusion-gallery-column fusion-gallery-column-3 hover-type-zoomin\"><div class=\"fusion-gallery-image\"><a href=\"https:\/\/villa-pacetina.com\/wp-content\/uploads\/2024\/10\/VillaPacetina102_Jurinec-photography_19052022-jpg.avif\" rel=\"noreferrer\" data-rel=\"iLightbox[gallery_image_1]\" class=\"fusion-lightbox\" target=\"_self\"><img decoding=\"async\" src=\"https:\/\/villa-pacetina.com\/wp-content\/uploads\/2024\/10\/VillaPacetina102_Jurinec-photography_19052022-jpg.avif\" data-orig-src=\"https:\/\/villa-pacetina.com\/wp-content\/uploads\/2024\/10\/VillaPacetina102_Jurinec-photography_19052022-jpg.avif\" width=\"2000\" height=\"1333\" alt=\"\" title=\"VillaPacetina102_Jurinec photography_19052022\" aria-label=\"VillaPacetina102_Jurinec photography_19052022\" class=\"lazyload img-responsive wp-image-6758\" srcset=\"data:image\/svg+xml,%3Csvg%20xmlns%3D%27http%3A%2F%2Fwww.w3.org%2F2000%2Fsvg%27%20width%3D%272000%27%20height%3D%271333%27%20viewBox%3D%270%200%202000%201333%27%3E%3Crect%20width%3D%272000%27%20height%3D%271333%27%20fill-opacity%3D%220%22%2F%3E%3C%2Fsvg%3E\" data-srcset=\"https:\/\/villa-pacetina.com\/wp-content\/uploads\/2024\/10\/VillaPacetina102_Jurinec-photography_19052022-200x133.avif 200w, https:\/\/villa-pacetina.com\/wp-content\/uploads\/2024\/10\/VillaPacetina102_Jurinec-photography_19052022-300x200.avif 300w, https:\/\/villa-pacetina.com\/wp-content\/uploads\/2024\/10\/VillaPacetina102_Jurinec-photography_19052022-400x267.avif 400w, https:\/\/villa-pacetina.com\/wp-content\/uploads\/2024\/10\/VillaPacetina102_Jurinec-photography_19052022-600x400.avif 600w, https:\/\/villa-pacetina.com\/wp-content\/uploads\/2024\/10\/VillaPacetina102_Jurinec-photography_19052022-768x512.avif 768w, https:\/\/villa-pacetina.com\/wp-content\/uploads\/2024\/10\/VillaPacetina102_Jurinec-photography_19052022-800x533.avif 800w, https:\/\/villa-pacetina.com\/wp-content\/uploads\/2024\/10\/VillaPacetina102_Jurinec-photography_19052022-1024x682.avif 1024w, https:\/\/villa-pacetina.com\/wp-content\/uploads\/2024\/10\/VillaPacetina102_Jurinec-photography_19052022-1200x800.avif 1200w, https:\/\/villa-pacetina.com\/wp-content\/uploads\/2024\/10\/VillaPacetina102_Jurinec-photography_19052022-1536x1024.avif 1536w, https:\/\/villa-pacetina.com\/wp-content\/uploads\/2024\/10\/VillaPacetina102_Jurinec-photography_19052022-jpg.avif 2000w\" data-sizes=\"auto\" data-orig-sizes=\"(min-width: 2200px) 100vw, (min-width: 824px) 413px, (min-width: 732px) 620px, (min-width: 640px) 732px, \" \/><\/a><\/div><\/div><div style=\"padding:5px;\" class=\"fusion-grid-column fusion-gallery-column fusion-gallery-column-3 hover-type-zoomin\"><div class=\"fusion-gallery-image\"><a href=\"https:\/\/villa-pacetina.com\/wp-content\/uploads\/2024\/10\/villa-pacetina-teambuilding-bazen-opustanje.jpg-jpg.avif\" rel=\"noreferrer\" data-rel=\"iLightbox[gallery_image_1]\" class=\"fusion-lightbox\" target=\"_self\"><img decoding=\"async\" src=\"https:\/\/villa-pacetina.com\/wp-content\/uploads\/2024\/10\/villa-pacetina-teambuilding-bazen-opustanje.jpg-jpg.avif\" data-orig-src=\"https:\/\/villa-pacetina.com\/wp-content\/uploads\/2024\/10\/villa-pacetina-teambuilding-bazen-opustanje.jpg-jpg.avif\" width=\"2000\" height=\"1334\" alt=\"\" title=\"villa-pacetina-teambuilding-bazen-opustanje.jpg\" aria-label=\"villa-pacetina-teambuilding-bazen-opustanje.jpg\" class=\"lazyload img-responsive wp-image-6768\" srcset=\"data:image\/svg+xml,%3Csvg%20xmlns%3D%27http%3A%2F%2Fwww.w3.org%2F2000%2Fsvg%27%20width%3D%272000%27%20height%3D%271334%27%20viewBox%3D%270%200%202000%201334%27%3E%3Crect%20width%3D%272000%27%20height%3D%271334%27%20fill-opacity%3D%220%22%2F%3E%3C%2Fsvg%3E\" data-srcset=\"https:\/\/villa-pacetina.com\/wp-content\/uploads\/2024\/10\/villa-pacetina-teambuilding-bazen-opustanje.jpg-200x133.avif 200w, https:\/\/villa-pacetina.com\/wp-content\/uploads\/2024\/10\/villa-pacetina-teambuilding-bazen-opustanje.jpg-300x200.avif 300w, https:\/\/villa-pacetina.com\/wp-content\/uploads\/2024\/10\/villa-pacetina-teambuilding-bazen-opustanje.jpg-400x267.avif 400w, https:\/\/villa-pacetina.com\/wp-content\/uploads\/2024\/10\/villa-pacetina-teambuilding-bazen-opustanje.jpg-600x400.avif 600w, https:\/\/villa-pacetina.com\/wp-content\/uploads\/2024\/10\/villa-pacetina-teambuilding-bazen-opustanje.jpg-768x512.avif 768w, https:\/\/villa-pacetina.com\/wp-content\/uploads\/2024\/10\/villa-pacetina-teambuilding-bazen-opustanje.jpg-800x534.avif 800w, https:\/\/villa-pacetina.com\/wp-content\/uploads\/2024\/10\/villa-pacetina-teambuilding-bazen-opustanje.jpg-1024x683.avif 1024w, https:\/\/villa-pacetina.com\/wp-content\/uploads\/2024\/10\/villa-pacetina-teambuilding-bazen-opustanje.jpg-1200x800.avif 1200w, https:\/\/villa-pacetina.com\/wp-content\/uploads\/2024\/10\/villa-pacetina-teambuilding-bazen-opustanje.jpg-1536x1025.avif 1536w, https:\/\/villa-pacetina.com\/wp-content\/uploads\/2024\/10\/villa-pacetina-teambuilding-bazen-opustanje.jpg-jpg.avif 2000w\" data-sizes=\"auto\" data-orig-sizes=\"(min-width: 2200px) 100vw, (min-width: 824px) 413px, (min-width: 732px) 620px, (min-width: 640px) 732px, \" \/><\/a><\/div><\/div><div style=\"padding:5px;\" class=\"fusion-grid-column fusion-gallery-column fusion-gallery-column-3 hover-type-zoomin\"><div class=\"fusion-gallery-image\"><a href=\"https:\/\/villa-pacetina.com\/wp-content\/uploads\/2024\/10\/villa-pacetina-teambuilding-dobrodoslica-zagorje.jpg-jpg.avif\" rel=\"noreferrer\" data-rel=\"iLightbox[gallery_image_1]\" class=\"fusion-lightbox\" target=\"_self\"><img decoding=\"async\" src=\"https:\/\/villa-pacetina.com\/wp-content\/uploads\/2024\/10\/villa-pacetina-teambuilding-dobrodoslica-zagorje.jpg-jpg.avif\" data-orig-src=\"https:\/\/villa-pacetina.com\/wp-content\/uploads\/2024\/10\/villa-pacetina-teambuilding-dobrodoslica-zagorje.jpg-jpg.avif\" width=\"2000\" height=\"1335\" alt=\"\" title=\"villa-pacetina-teambuilding-dobrodoslica-zagorje.jpg\" aria-label=\"villa-pacetina-teambuilding-dobrodoslica-zagorje.jpg\" class=\"lazyload img-responsive wp-image-6773\" srcset=\"data:image\/svg+xml,%3Csvg%20xmlns%3D%27http%3A%2F%2Fwww.w3.org%2F2000%2Fsvg%27%20width%3D%272000%27%20height%3D%271335%27%20viewBox%3D%270%200%202000%201335%27%3E%3Crect%20width%3D%272000%27%20height%3D%271335%27%20fill-opacity%3D%220%22%2F%3E%3C%2Fsvg%3E\" data-srcset=\"https:\/\/villa-pacetina.com\/wp-content\/uploads\/2024\/10\/villa-pacetina-teambuilding-dobrodoslica-zagorje.jpg-200x134.avif 200w, https:\/\/villa-pacetina.com\/wp-content\/uploads\/2024\/10\/villa-pacetina-teambuilding-dobrodoslica-zagorje.jpg-300x200.avif 300w, https:\/\/villa-pacetina.com\/wp-content\/uploads\/2024\/10\/villa-pacetina-teambuilding-dobrodoslica-zagorje.jpg-400x267.avif 400w, https:\/\/villa-pacetina.com\/wp-content\/uploads\/2024\/10\/villa-pacetina-teambuilding-dobrodoslica-zagorje.jpg-600x401.avif 600w, https:\/\/villa-pacetina.com\/wp-content\/uploads\/2024\/10\/villa-pacetina-teambuilding-dobrodoslica-zagorje.jpg-768x513.avif 768w, https:\/\/villa-pacetina.com\/wp-content\/uploads\/2024\/10\/villa-pacetina-teambuilding-dobrodoslica-zagorje.jpg-800x534.avif 800w, https:\/\/villa-pacetina.com\/wp-content\/uploads\/2024\/10\/villa-pacetina-teambuilding-dobrodoslica-zagorje.jpg-1024x684.avif 1024w, https:\/\/villa-pacetina.com\/wp-content\/uploads\/2024\/10\/villa-pacetina-teambuilding-dobrodoslica-zagorje.jpg-1200x801.avif 1200w, https:\/\/villa-pacetina.com\/wp-content\/uploads\/2024\/10\/villa-pacetina-teambuilding-dobrodoslica-zagorje.jpg-1536x1025.avif 1536w, https:\/\/villa-pacetina.com\/wp-content\/uploads\/2024\/10\/villa-pacetina-teambuilding-dobrodoslica-zagorje.jpg-jpg.avif 2000w\" data-sizes=\"auto\" data-orig-sizes=\"(min-width: 2200px) 100vw, (min-width: 824px) 413px, (min-width: 732px) 620px, (min-width: 640px) 732px, \" \/><\/a><\/div><\/div><div class=\"clearfix\"><\/div><\/div><\/div><\/div><\/div><div class=\"fusion-layout-column fusion_builder_column fusion-builder-column-11 fusion_builder_column_1_1 1_1 fusion-flex-column\" style=\"--awb-bg-size:cover;--awb-width-large:100%;--awb-margin-top-large:0px;--awb-spacing-right-large:0px;--awb-margin-bottom-large:20px;--awb-spacing-left-large:0px;--awb-width-medium:100%;--awb-order-medium:0;--awb-spacing-right-medium:0px;--awb-spacing-left-medium:0px;--awb-width-small:100%;--awb-order-small:0;--awb-spacing-right-small:0px;--awb-spacing-left-small:0px;\"><div class=\"fusion-column-wrapper fusion-column-has-shadow fusion-flex-justify-content-flex-start fusion-content-layout-column\"><div class=\"fusion-separator fusion-full-width-sep\" style=\"align-self: center;margin-left: auto;margin-right: auto;margin-top:20px;margin-bottom:20px;width:100%;\"><\/div><\/div><\/div><div class=\"fusion-layout-column fusion_builder_column fusion-builder-column-12 fusion_builder_column_3_5 3_5 fusion-flex-column fusion-no-small-visibility\" style=\"--awb-padding-top:40px;--awb-padding-right:40px;--awb-padding-bottom:40px;--awb-padding-left:40px;--awb-bg-color:var(--awb-color1);--awb-bg-color-hover:var(--awb-color1);--awb-bg-size:cover;--awb-border-color:var(--awb-color2);--awb-border-top:1px;--awb-border-right:1px;--awb-border-bottom:1px;--awb-border-left:1px;--awb-border-style:solid;--awb-width-large:60%;--awb-margin-top-large:0px;--awb-spacing-right-large:0px;--awb-margin-bottom-large:20px;--awb-spacing-left-large:0px;--awb-width-medium:100%;--awb-order-medium:0;--awb-spacing-right-medium:0px;--awb-spacing-left-medium:0px;--awb-width-small:100%;--awb-order-small:0;--awb-spacing-right-small:0px;--awb-spacing-left-small:0px;\" data-scroll-devices=\"small-visibility,medium-visibility,large-visibility\"><div class=\"fusion-column-wrapper fusion-column-has-shadow fusion-flex-justify-content-flex-start fusion-content-layout-column\"><div class=\"awb-gallery-wrapper awb-gallery-wrapper-2 button-span-no\" style=\"--more-btn-alignment:center;\"><div style=\"margin:-5px;--awb-bordersize:0px;--awb-columns-small:33.3333%;\" class=\"fusion-gallery fusion-gallery-container fusion-grid-3 fusion-columns-total-12 fusion-gallery-layout-grid fusion-gallery-2\"><div style=\"padding:5px;\" class=\"fusion-grid-column fusion-gallery-column fusion-gallery-column-3 hover-type-zoomin\"><div class=\"fusion-gallery-image\"><a href=\"https:\/\/villa-pacetina.com\/wp-content\/uploads\/2024\/10\/VillaPacetina51_Jurinec-photography_19052022-copy1-scaled.avif\" rel=\"noreferrer\" data-rel=\"iLightbox[gallery_image_2]\" class=\"fusion-lightbox\" target=\"_self\"><img decoding=\"async\" src=\"https:\/\/villa-pacetina.com\/wp-content\/uploads\/2024\/10\/VillaPacetina51_Jurinec-photography_19052022-copy1-scaled.avif\" data-orig-src=\"https:\/\/villa-pacetina.com\/wp-content\/uploads\/2024\/10\/VillaPacetina51_Jurinec-photography_19052022-copy1-scaled.avif\" width=\"2560\" height=\"1706\" alt=\"\" title=\"VillaPacetina51_Jurinec photography_19052022 copy1\" aria-label=\"VillaPacetina51_Jurinec photography_19052022 copy1\" class=\"lazyload img-responsive wp-image-6812\" srcset=\"data:image\/svg+xml,%3Csvg%20xmlns%3D%27http%3A%2F%2Fwww.w3.org%2F2000%2Fsvg%27%20width%3D%272560%27%20height%3D%271706%27%20viewBox%3D%270%200%202560%201706%27%3E%3Crect%20width%3D%272560%27%20height%3D%271706%27%20fill-opacity%3D%220%22%2F%3E%3C%2Fsvg%3E\" data-srcset=\"https:\/\/villa-pacetina.com\/wp-content\/uploads\/2024\/10\/VillaPacetina51_Jurinec-photography_19052022-copy1-200x133.avif 200w, https:\/\/villa-pacetina.com\/wp-content\/uploads\/2024\/10\/VillaPacetina51_Jurinec-photography_19052022-copy1-300x200.avif 300w, https:\/\/villa-pacetina.com\/wp-content\/uploads\/2024\/10\/VillaPacetina51_Jurinec-photography_19052022-copy1-400x267.avif 400w, https:\/\/villa-pacetina.com\/wp-content\/uploads\/2024\/10\/VillaPacetina51_Jurinec-photography_19052022-copy1-600x400.avif 600w, https:\/\/villa-pacetina.com\/wp-content\/uploads\/2024\/10\/VillaPacetina51_Jurinec-photography_19052022-copy1-768x512.avif 768w, https:\/\/villa-pacetina.com\/wp-content\/uploads\/2024\/10\/VillaPacetina51_Jurinec-photography_19052022-copy1-800x533.avif 800w, https:\/\/villa-pacetina.com\/wp-content\/uploads\/2024\/10\/VillaPacetina51_Jurinec-photography_19052022-copy1-1024x682.avif 1024w, https:\/\/villa-pacetina.com\/wp-content\/uploads\/2024\/10\/VillaPacetina51_Jurinec-photography_19052022-copy1-1200x800.avif 1200w, https:\/\/villa-pacetina.com\/wp-content\/uploads\/2024\/10\/VillaPacetina51_Jurinec-photography_19052022-copy1-1536x1023.avif 1536w, https:\/\/villa-pacetina.com\/wp-content\/uploads\/2024\/10\/VillaPacetina51_Jurinec-photography_19052022-copy1-scaled.avif 2560w\" data-sizes=\"auto\" data-orig-sizes=\"(min-width: 2200px) 100vw, (min-width: 824px) 413px, (min-width: 732px) 620px, (min-width: 640px) 732px, \" \/><\/a><\/div><\/div><div style=\"padding:5px;\" class=\"fusion-grid-column fusion-gallery-column fusion-gallery-column-3 hover-type-zoomin\"><div class=\"fusion-gallery-image\"><a href=\"https:\/\/villa-pacetina.com\/wp-content\/uploads\/2024\/10\/VillaPacetina59_Jurinec-photography_19052022-scaled.avif\" rel=\"noreferrer\" data-rel=\"iLightbox[gallery_image_2]\" class=\"fusion-lightbox\" target=\"_self\"><img decoding=\"async\" src=\"https:\/\/villa-pacetina.com\/wp-content\/uploads\/2024\/10\/VillaPacetina59_Jurinec-photography_19052022-scaled.avif\" data-orig-src=\"https:\/\/villa-pacetina.com\/wp-content\/uploads\/2024\/10\/VillaPacetina59_Jurinec-photography_19052022-scaled.avif\" width=\"2560\" height=\"1707\" alt=\"\" title=\"VillaPacetina59_Jurinec photography_19052022\" aria-label=\"VillaPacetina59_Jurinec photography_19052022\" class=\"lazyload img-responsive wp-image-6807\" srcset=\"data:image\/svg+xml,%3Csvg%20xmlns%3D%27http%3A%2F%2Fwww.w3.org%2F2000%2Fsvg%27%20width%3D%272560%27%20height%3D%271707%27%20viewBox%3D%270%200%202560%201707%27%3E%3Crect%20width%3D%272560%27%20height%3D%271707%27%20fill-opacity%3D%220%22%2F%3E%3C%2Fsvg%3E\" data-srcset=\"https:\/\/villa-pacetina.com\/wp-content\/uploads\/2024\/10\/VillaPacetina59_Jurinec-photography_19052022-200x133.avif 200w, https:\/\/villa-pacetina.com\/wp-content\/uploads\/2024\/10\/VillaPacetina59_Jurinec-photography_19052022-300x200.avif 300w, https:\/\/villa-pacetina.com\/wp-content\/uploads\/2024\/10\/VillaPacetina59_Jurinec-photography_19052022-400x267.avif 400w, https:\/\/villa-pacetina.com\/wp-content\/uploads\/2024\/10\/VillaPacetina59_Jurinec-photography_19052022-600x400.avif 600w, https:\/\/villa-pacetina.com\/wp-content\/uploads\/2024\/10\/VillaPacetina59_Jurinec-photography_19052022-768x512.avif 768w, https:\/\/villa-pacetina.com\/wp-content\/uploads\/2024\/10\/VillaPacetina59_Jurinec-photography_19052022-800x533.avif 800w, https:\/\/villa-pacetina.com\/wp-content\/uploads\/2024\/10\/VillaPacetina59_Jurinec-photography_19052022-1024x683.avif 1024w, https:\/\/villa-pacetina.com\/wp-content\/uploads\/2024\/10\/VillaPacetina59_Jurinec-photography_19052022-1200x800.avif 1200w, https:\/\/villa-pacetina.com\/wp-content\/uploads\/2024\/10\/VillaPacetina59_Jurinec-photography_19052022-1536x1024.avif 1536w, https:\/\/villa-pacetina.com\/wp-content\/uploads\/2024\/10\/VillaPacetina59_Jurinec-photography_19052022-scaled.avif 2560w\" data-sizes=\"auto\" data-orig-sizes=\"(min-width: 2200px) 100vw, (min-width: 824px) 413px, (min-width: 732px) 620px, (min-width: 640px) 732px, \" \/><\/a><\/div><\/div><div style=\"padding:5px;\" class=\"fusion-grid-column fusion-gallery-column fusion-gallery-column-3 hover-type-zoomin\"><div class=\"fusion-gallery-image\"><a href=\"https:\/\/villa-pacetina.com\/wp-content\/uploads\/2022\/09\/VillaPacetina43_Jurinec-photography_19052022.jpg\" rel=\"noreferrer\" data-rel=\"iLightbox[gallery_image_2]\" class=\"fusion-lightbox\" target=\"_self\"><img decoding=\"async\" src=\"https:\/\/villa-pacetina.com\/wp-content\/uploads\/2022\/09\/VillaPacetina43_Jurinec-photography_19052022.jpg\" data-orig-src=\"https:\/\/villa-pacetina.com\/wp-content\/uploads\/2022\/09\/VillaPacetina43_Jurinec-photography_19052022.jpg\" width=\"2000\" height=\"1335\" alt=\"\" title=\"VillaPacetina43_Jurinec photography_19052022\" aria-label=\"VillaPacetina43_Jurinec photography_19052022\" class=\"lazyload img-responsive wp-image-2193\" srcset=\"data:image\/svg+xml,%3Csvg%20xmlns%3D%27http%3A%2F%2Fwww.w3.org%2F2000%2Fsvg%27%20width%3D%272000%27%20height%3D%271335%27%20viewBox%3D%270%200%202000%201335%27%3E%3Crect%20width%3D%272000%27%20height%3D%271335%27%20fill-opacity%3D%220%22%2F%3E%3C%2Fsvg%3E\" data-srcset=\"https:\/\/villa-pacetina.com\/wp-content\/uploads\/2022\/09\/VillaPacetina43_Jurinec-photography_19052022-200x134.jpg 200w, https:\/\/villa-pacetina.com\/wp-content\/uploads\/2022\/09\/VillaPacetina43_Jurinec-photography_19052022-400x267.jpg 400w, https:\/\/villa-pacetina.com\/wp-content\/uploads\/2022\/09\/VillaPacetina43_Jurinec-photography_19052022-600x401.jpg 600w, https:\/\/villa-pacetina.com\/wp-content\/uploads\/2022\/09\/VillaPacetina43_Jurinec-photography_19052022-800x534.jpg 800w, https:\/\/villa-pacetina.com\/wp-content\/uploads\/2022\/09\/VillaPacetina43_Jurinec-photography_19052022-1200x801.jpg 1200w, https:\/\/villa-pacetina.com\/wp-content\/uploads\/2022\/09\/VillaPacetina43_Jurinec-photography_19052022.jpg 2000w\" data-sizes=\"auto\" data-orig-sizes=\"(min-width: 2200px) 100vw, (min-width: 824px) 413px, (min-width: 732px) 620px, (min-width: 640px) 732px, \" \/><\/a><\/div><\/div><div class=\"clearfix\"><\/div><div style=\"padding:5px;\" class=\"fusion-grid-column fusion-gallery-column fusion-gallery-column-3 hover-type-zoomin\"><div class=\"fusion-gallery-image\"><a href=\"https:\/\/villa-pacetina.com\/wp-content\/uploads\/2022\/09\/VillaPacetina41_Jurinec-photography_19052022.jpg\" rel=\"noreferrer\" data-rel=\"iLightbox[gallery_image_2]\" class=\"fusion-lightbox\" target=\"_self\"><img decoding=\"async\" src=\"https:\/\/villa-pacetina.com\/wp-content\/uploads\/2022\/09\/VillaPacetina41_Jurinec-photography_19052022.jpg\" data-orig-src=\"https:\/\/villa-pacetina.com\/wp-content\/uploads\/2022\/09\/VillaPacetina41_Jurinec-photography_19052022.jpg\" width=\"2000\" height=\"1334\" alt=\"\" title=\"VillaPacetina41_Jurinec photography_19052022\" aria-label=\"VillaPacetina41_Jurinec photography_19052022\" class=\"lazyload img-responsive wp-image-2192\" srcset=\"data:image\/svg+xml,%3Csvg%20xmlns%3D%27http%3A%2F%2Fwww.w3.org%2F2000%2Fsvg%27%20width%3D%272000%27%20height%3D%271334%27%20viewBox%3D%270%200%202000%201334%27%3E%3Crect%20width%3D%272000%27%20height%3D%271334%27%20fill-opacity%3D%220%22%2F%3E%3C%2Fsvg%3E\" data-srcset=\"https:\/\/villa-pacetina.com\/wp-content\/uploads\/2022\/09\/VillaPacetina41_Jurinec-photography_19052022-200x133.jpg 200w, https:\/\/villa-pacetina.com\/wp-content\/uploads\/2022\/09\/VillaPacetina41_Jurinec-photography_19052022-400x267.jpg 400w, https:\/\/villa-pacetina.com\/wp-content\/uploads\/2022\/09\/VillaPacetina41_Jurinec-photography_19052022-600x400.jpg 600w, https:\/\/villa-pacetina.com\/wp-content\/uploads\/2022\/09\/VillaPacetina41_Jurinec-photography_19052022-800x534.jpg 800w, https:\/\/villa-pacetina.com\/wp-content\/uploads\/2022\/09\/VillaPacetina41_Jurinec-photography_19052022-1200x800.jpg 1200w, https:\/\/villa-pacetina.com\/wp-content\/uploads\/2022\/09\/VillaPacetina41_Jurinec-photography_19052022.jpg 2000w\" data-sizes=\"auto\" data-orig-sizes=\"(min-width: 2200px) 100vw, (min-width: 824px) 413px, (min-width: 732px) 620px, (min-width: 640px) 732px, \" \/><\/a><\/div><\/div><div style=\"padding:5px;\" class=\"fusion-grid-column fusion-gallery-column fusion-gallery-column-3 hover-type-zoomin\"><div class=\"fusion-gallery-image\"><a href=\"https:\/\/villa-pacetina.com\/wp-content\/uploads\/2022\/09\/VillaPacetina36_Jurinec-photography_19052022.jpg\" rel=\"noreferrer\" data-rel=\"iLightbox[gallery_image_2]\" class=\"fusion-lightbox\" target=\"_self\"><img decoding=\"async\" src=\"https:\/\/villa-pacetina.com\/wp-content\/uploads\/2022\/09\/VillaPacetina36_Jurinec-photography_19052022.jpg\" data-orig-src=\"https:\/\/villa-pacetina.com\/wp-content\/uploads\/2022\/09\/VillaPacetina36_Jurinec-photography_19052022.jpg\" width=\"2000\" height=\"1333\" alt=\"\" title=\"VillaPacetina36_Jurinec photography_19052022\" aria-label=\"VillaPacetina36_Jurinec photography_19052022\" class=\"lazyload img-responsive wp-image-2190\" srcset=\"data:image\/svg+xml,%3Csvg%20xmlns%3D%27http%3A%2F%2Fwww.w3.org%2F2000%2Fsvg%27%20width%3D%272000%27%20height%3D%271333%27%20viewBox%3D%270%200%202000%201333%27%3E%3Crect%20width%3D%272000%27%20height%3D%271333%27%20fill-opacity%3D%220%22%2F%3E%3C%2Fsvg%3E\" data-srcset=\"https:\/\/villa-pacetina.com\/wp-content\/uploads\/2022\/09\/VillaPacetina36_Jurinec-photography_19052022-200x133.jpg 200w, https:\/\/villa-pacetina.com\/wp-content\/uploads\/2022\/09\/VillaPacetina36_Jurinec-photography_19052022-400x267.jpg 400w, https:\/\/villa-pacetina.com\/wp-content\/uploads\/2022\/09\/VillaPacetina36_Jurinec-photography_19052022-600x400.jpg 600w, https:\/\/villa-pacetina.com\/wp-content\/uploads\/2022\/09\/VillaPacetina36_Jurinec-photography_19052022-800x533.jpg 800w, https:\/\/villa-pacetina.com\/wp-content\/uploads\/2022\/09\/VillaPacetina36_Jurinec-photography_19052022-1200x800.jpg 1200w, https:\/\/villa-pacetina.com\/wp-content\/uploads\/2022\/09\/VillaPacetina36_Jurinec-photography_19052022.jpg 2000w\" data-sizes=\"auto\" data-orig-sizes=\"(min-width: 2200px) 100vw, (min-width: 824px) 413px, (min-width: 732px) 620px, (min-width: 640px) 732px, \" \/><\/a><\/div><\/div><div style=\"padding:5px;\" class=\"fusion-grid-column fusion-gallery-column fusion-gallery-column-3 hover-type-zoomin\"><div class=\"fusion-gallery-image\"><a href=\"https:\/\/villa-pacetina.com\/wp-content\/uploads\/2022\/09\/VillaPacetina35_Jurinec-photography_19052022.jpg\" rel=\"noreferrer\" data-rel=\"iLightbox[gallery_image_2]\" class=\"fusion-lightbox\" target=\"_self\"><img decoding=\"async\" src=\"https:\/\/villa-pacetina.com\/wp-content\/uploads\/2022\/09\/VillaPacetina35_Jurinec-photography_19052022.jpg\" data-orig-src=\"https:\/\/villa-pacetina.com\/wp-content\/uploads\/2022\/09\/VillaPacetina35_Jurinec-photography_19052022.jpg\" width=\"2000\" height=\"1332\" alt=\"\" title=\"VillaPacetina35_Jurinec photography_19052022\" aria-label=\"VillaPacetina35_Jurinec photography_19052022\" class=\"lazyload img-responsive wp-image-2189\" srcset=\"data:image\/svg+xml,%3Csvg%20xmlns%3D%27http%3A%2F%2Fwww.w3.org%2F2000%2Fsvg%27%20width%3D%272000%27%20height%3D%271332%27%20viewBox%3D%270%200%202000%201332%27%3E%3Crect%20width%3D%272000%27%20height%3D%271332%27%20fill-opacity%3D%220%22%2F%3E%3C%2Fsvg%3E\" data-srcset=\"https:\/\/villa-pacetina.com\/wp-content\/uploads\/2022\/09\/VillaPacetina35_Jurinec-photography_19052022-200x133.jpg 200w, https:\/\/villa-pacetina.com\/wp-content\/uploads\/2022\/09\/VillaPacetina35_Jurinec-photography_19052022-400x266.jpg 400w, https:\/\/villa-pacetina.com\/wp-content\/uploads\/2022\/09\/VillaPacetina35_Jurinec-photography_19052022-600x400.jpg 600w, https:\/\/villa-pacetina.com\/wp-content\/uploads\/2022\/09\/VillaPacetina35_Jurinec-photography_19052022-800x533.jpg 800w, https:\/\/villa-pacetina.com\/wp-content\/uploads\/2022\/09\/VillaPacetina35_Jurinec-photography_19052022-1200x799.jpg 1200w, https:\/\/villa-pacetina.com\/wp-content\/uploads\/2022\/09\/VillaPacetina35_Jurinec-photography_19052022.jpg 2000w\" data-sizes=\"auto\" data-orig-sizes=\"(min-width: 2200px) 100vw, (min-width: 824px) 413px, (min-width: 732px) 620px, (min-width: 640px) 732px, \" \/><\/a><\/div><\/div><div class=\"clearfix\"><\/div><div style=\"padding:5px;\" class=\"fusion-grid-column fusion-gallery-column fusion-gallery-column-3 hover-type-zoomin\"><div class=\"fusion-gallery-image\"><a href=\"https:\/\/villa-pacetina.com\/wp-content\/uploads\/2022\/09\/VillaPacetina07_Jurinec-photography_19052022.jpg\" rel=\"noreferrer\" data-rel=\"iLightbox[gallery_image_2]\" class=\"fusion-lightbox\" target=\"_self\"><img decoding=\"async\" src=\"https:\/\/villa-pacetina.com\/wp-content\/uploads\/2022\/09\/VillaPacetina07_Jurinec-photography_19052022.jpg\" data-orig-src=\"https:\/\/villa-pacetina.com\/wp-content\/uploads\/2022\/09\/VillaPacetina07_Jurinec-photography_19052022.jpg\" width=\"2000\" height=\"1334\" alt=\"\" title=\"VillaPacetina07_Jurinec photography_19052022\" aria-label=\"VillaPacetina07_Jurinec photography_19052022\" class=\"lazyload img-responsive wp-image-2183\" srcset=\"data:image\/svg+xml,%3Csvg%20xmlns%3D%27http%3A%2F%2Fwww.w3.org%2F2000%2Fsvg%27%20width%3D%272000%27%20height%3D%271334%27%20viewBox%3D%270%200%202000%201334%27%3E%3Crect%20width%3D%272000%27%20height%3D%271334%27%20fill-opacity%3D%220%22%2F%3E%3C%2Fsvg%3E\" data-srcset=\"https:\/\/villa-pacetina.com\/wp-content\/uploads\/2022\/09\/VillaPacetina07_Jurinec-photography_19052022-200x133.jpg 200w, https:\/\/villa-pacetina.com\/wp-content\/uploads\/2022\/09\/VillaPacetina07_Jurinec-photography_19052022-400x267.jpg 400w, https:\/\/villa-pacetina.com\/wp-content\/uploads\/2022\/09\/VillaPacetina07_Jurinec-photography_19052022-600x400.jpg 600w, https:\/\/villa-pacetina.com\/wp-content\/uploads\/2022\/09\/VillaPacetina07_Jurinec-photography_19052022-800x534.jpg 800w, https:\/\/villa-pacetina.com\/wp-content\/uploads\/2022\/09\/VillaPacetina07_Jurinec-photography_19052022-1200x800.jpg 1200w, https:\/\/villa-pacetina.com\/wp-content\/uploads\/2022\/09\/VillaPacetina07_Jurinec-photography_19052022.jpg 2000w\" data-sizes=\"auto\" data-orig-sizes=\"(min-width: 2200px) 100vw, (min-width: 824px) 413px, (min-width: 732px) 620px, (min-width: 640px) 732px, \" \/><\/a><\/div><\/div><div style=\"padding:5px;\" class=\"fusion-grid-column fusion-gallery-column fusion-gallery-column-3 hover-type-zoomin\"><div class=\"fusion-gallery-image\"><a href=\"https:\/\/villa-pacetina.com\/wp-content\/uploads\/2022\/09\/VillaPacetina31_Jurinec-photography_19052022.jpg\" rel=\"noreferrer\" data-rel=\"iLightbox[gallery_image_2]\" class=\"fusion-lightbox\" target=\"_self\"><img decoding=\"async\" src=\"https:\/\/villa-pacetina.com\/wp-content\/uploads\/2022\/09\/VillaPacetina31_Jurinec-photography_19052022.jpg\" data-orig-src=\"https:\/\/villa-pacetina.com\/wp-content\/uploads\/2022\/09\/VillaPacetina31_Jurinec-photography_19052022.jpg\" width=\"2000\" height=\"1334\" alt=\"\" title=\"VillaPacetina31_Jurinec photography_19052022\" aria-label=\"VillaPacetina31_Jurinec photography_19052022\" class=\"lazyload img-responsive wp-image-2188\" srcset=\"data:image\/svg+xml,%3Csvg%20xmlns%3D%27http%3A%2F%2Fwww.w3.org%2F2000%2Fsvg%27%20width%3D%272000%27%20height%3D%271334%27%20viewBox%3D%270%200%202000%201334%27%3E%3Crect%20width%3D%272000%27%20height%3D%271334%27%20fill-opacity%3D%220%22%2F%3E%3C%2Fsvg%3E\" data-srcset=\"https:\/\/villa-pacetina.com\/wp-content\/uploads\/2022\/09\/VillaPacetina31_Jurinec-photography_19052022-200x133.jpg 200w, https:\/\/villa-pacetina.com\/wp-content\/uploads\/2022\/09\/VillaPacetina31_Jurinec-photography_19052022-400x267.jpg 400w, https:\/\/villa-pacetina.com\/wp-content\/uploads\/2022\/09\/VillaPacetina31_Jurinec-photography_19052022-600x400.jpg 600w, https:\/\/villa-pacetina.com\/wp-content\/uploads\/2022\/09\/VillaPacetina31_Jurinec-photography_19052022-800x534.jpg 800w, https:\/\/villa-pacetina.com\/wp-content\/uploads\/2022\/09\/VillaPacetina31_Jurinec-photography_19052022-1200x800.jpg 1200w, https:\/\/villa-pacetina.com\/wp-content\/uploads\/2022\/09\/VillaPacetina31_Jurinec-photography_19052022.jpg 2000w\" data-sizes=\"auto\" data-orig-sizes=\"(min-width: 2200px) 100vw, (min-width: 824px) 413px, (min-width: 732px) 620px, (min-width: 640px) 732px, \" \/><\/a><\/div><\/div><div style=\"padding:5px;\" class=\"fusion-grid-column fusion-gallery-column fusion-gallery-column-3 hover-type-zoomin\"><div class=\"fusion-gallery-image\"><a href=\"https:\/\/villa-pacetina.com\/wp-content\/uploads\/2022\/09\/VillaPacetina29_Jurinec-photography_19052022.jpg\" rel=\"noreferrer\" data-rel=\"iLightbox[gallery_image_2]\" class=\"fusion-lightbox\" target=\"_self\"><img decoding=\"async\" src=\"https:\/\/villa-pacetina.com\/wp-content\/uploads\/2022\/09\/VillaPacetina29_Jurinec-photography_19052022.jpg\" data-orig-src=\"https:\/\/villa-pacetina.com\/wp-content\/uploads\/2022\/09\/VillaPacetina29_Jurinec-photography_19052022.jpg\" width=\"2000\" height=\"1333\" alt=\"\" title=\"VillaPacetina29_Jurinec photography_19052022\" aria-label=\"VillaPacetina29_Jurinec photography_19052022\" class=\"lazyload img-responsive wp-image-2187\" srcset=\"data:image\/svg+xml,%3Csvg%20xmlns%3D%27http%3A%2F%2Fwww.w3.org%2F2000%2Fsvg%27%20width%3D%272000%27%20height%3D%271333%27%20viewBox%3D%270%200%202000%201333%27%3E%3Crect%20width%3D%272000%27%20height%3D%271333%27%20fill-opacity%3D%220%22%2F%3E%3C%2Fsvg%3E\" data-srcset=\"https:\/\/villa-pacetina.com\/wp-content\/uploads\/2022\/09\/VillaPacetina29_Jurinec-photography_19052022-200x133.jpg 200w, https:\/\/villa-pacetina.com\/wp-content\/uploads\/2022\/09\/VillaPacetina29_Jurinec-photography_19052022-400x267.jpg 400w, https:\/\/villa-pacetina.com\/wp-content\/uploads\/2022\/09\/VillaPacetina29_Jurinec-photography_19052022-600x400.jpg 600w, https:\/\/villa-pacetina.com\/wp-content\/uploads\/2022\/09\/VillaPacetina29_Jurinec-photography_19052022-800x533.jpg 800w, https:\/\/villa-pacetina.com\/wp-content\/uploads\/2022\/09\/VillaPacetina29_Jurinec-photography_19052022-1200x800.jpg 1200w, https:\/\/villa-pacetina.com\/wp-content\/uploads\/2022\/09\/VillaPacetina29_Jurinec-photography_19052022.jpg 2000w\" data-sizes=\"auto\" data-orig-sizes=\"(min-width: 2200px) 100vw, (min-width: 824px) 413px, (min-width: 732px) 620px, (min-width: 640px) 732px, \" \/><\/a><\/div><\/div><div class=\"clearfix\"><\/div><div style=\"padding:5px;\" class=\"fusion-grid-column fusion-gallery-column fusion-gallery-column-3 hover-type-zoomin\"><div class=\"fusion-gallery-image\"><a href=\"https:\/\/villa-pacetina.com\/wp-content\/uploads\/2022\/09\/VillaPacetina21_Jurinec-photography_19052022.jpg\" rel=\"noreferrer\" data-rel=\"iLightbox[gallery_image_2]\" class=\"fusion-lightbox\" target=\"_self\"><img decoding=\"async\" src=\"https:\/\/villa-pacetina.com\/wp-content\/uploads\/2022\/09\/VillaPacetina21_Jurinec-photography_19052022.jpg\" data-orig-src=\"https:\/\/villa-pacetina.com\/wp-content\/uploads\/2022\/09\/VillaPacetina21_Jurinec-photography_19052022.jpg\" width=\"2000\" height=\"1335\" alt=\"\" title=\"VillaPacetina21_Jurinec photography_19052022\" aria-label=\"VillaPacetina21_Jurinec photography_19052022\" class=\"lazyload img-responsive wp-image-2186\" srcset=\"data:image\/svg+xml,%3Csvg%20xmlns%3D%27http%3A%2F%2Fwww.w3.org%2F2000%2Fsvg%27%20width%3D%272000%27%20height%3D%271335%27%20viewBox%3D%270%200%202000%201335%27%3E%3Crect%20width%3D%272000%27%20height%3D%271335%27%20fill-opacity%3D%220%22%2F%3E%3C%2Fsvg%3E\" data-srcset=\"https:\/\/villa-pacetina.com\/wp-content\/uploads\/2022\/09\/VillaPacetina21_Jurinec-photography_19052022-200x134.jpg 200w, https:\/\/villa-pacetina.com\/wp-content\/uploads\/2022\/09\/VillaPacetina21_Jurinec-photography_19052022-400x267.jpg 400w, https:\/\/villa-pacetina.com\/wp-content\/uploads\/2022\/09\/VillaPacetina21_Jurinec-photography_19052022-600x401.jpg 600w, https:\/\/villa-pacetina.com\/wp-content\/uploads\/2022\/09\/VillaPacetina21_Jurinec-photography_19052022-800x534.jpg 800w, https:\/\/villa-pacetina.com\/wp-content\/uploads\/2022\/09\/VillaPacetina21_Jurinec-photography_19052022-1200x801.jpg 1200w, https:\/\/villa-pacetina.com\/wp-content\/uploads\/2022\/09\/VillaPacetina21_Jurinec-photography_19052022.jpg 2000w\" data-sizes=\"auto\" data-orig-sizes=\"(min-width: 2200px) 100vw, (min-width: 824px) 413px, (min-width: 732px) 620px, (min-width: 640px) 732px, \" \/><\/a><\/div><\/div><div style=\"padding:5px;\" class=\"fusion-grid-column fusion-gallery-column fusion-gallery-column-3 hover-type-zoomin\"><div class=\"fusion-gallery-image\"><a href=\"https:\/\/villa-pacetina.com\/wp-content\/uploads\/2022\/09\/VillaPacetina19_Jurinec-photography_19052022.jpg\" rel=\"noreferrer\" data-rel=\"iLightbox[gallery_image_2]\" class=\"fusion-lightbox\" target=\"_self\"><img decoding=\"async\" src=\"https:\/\/villa-pacetina.com\/wp-content\/uploads\/2022\/09\/VillaPacetina19_Jurinec-photography_19052022.jpg\" data-orig-src=\"https:\/\/villa-pacetina.com\/wp-content\/uploads\/2022\/09\/VillaPacetina19_Jurinec-photography_19052022.jpg\" width=\"2000\" height=\"1333\" alt=\"\" title=\"VillaPacetina19_Jurinec photography_19052022\" aria-label=\"VillaPacetina19_Jurinec photography_19052022\" class=\"lazyload img-responsive wp-image-2185\" srcset=\"data:image\/svg+xml,%3Csvg%20xmlns%3D%27http%3A%2F%2Fwww.w3.org%2F2000%2Fsvg%27%20width%3D%272000%27%20height%3D%271333%27%20viewBox%3D%270%200%202000%201333%27%3E%3Crect%20width%3D%272000%27%20height%3D%271333%27%20fill-opacity%3D%220%22%2F%3E%3C%2Fsvg%3E\" data-srcset=\"https:\/\/villa-pacetina.com\/wp-content\/uploads\/2022\/09\/VillaPacetina19_Jurinec-photography_19052022-200x133.jpg 200w, https:\/\/villa-pacetina.com\/wp-content\/uploads\/2022\/09\/VillaPacetina19_Jurinec-photography_19052022-400x267.jpg 400w, https:\/\/villa-pacetina.com\/wp-content\/uploads\/2022\/09\/VillaPacetina19_Jurinec-photography_19052022-600x400.jpg 600w, https:\/\/villa-pacetina.com\/wp-content\/uploads\/2022\/09\/VillaPacetina19_Jurinec-photography_19052022-800x533.jpg 800w, https:\/\/villa-pacetina.com\/wp-content\/uploads\/2022\/09\/VillaPacetina19_Jurinec-photography_19052022-1200x800.jpg 1200w, https:\/\/villa-pacetina.com\/wp-content\/uploads\/2022\/09\/VillaPacetina19_Jurinec-photography_19052022.jpg 2000w\" data-sizes=\"auto\" data-orig-sizes=\"(min-width: 2200px) 100vw, (min-width: 824px) 413px, (min-width: 732px) 620px, (min-width: 640px) 732px, \" \/><\/a><\/div><\/div><div style=\"padding:5px;\" class=\"fusion-grid-column fusion-gallery-column fusion-gallery-column-3 hover-type-zoomin\"><div class=\"fusion-gallery-image\"><a href=\"https:\/\/villa-pacetina.com\/wp-content\/uploads\/2022\/09\/VillaPacetina17_Jurinec-photography_19052022.jpg\" rel=\"noreferrer\" data-rel=\"iLightbox[gallery_image_2]\" class=\"fusion-lightbox\" target=\"_self\"><img decoding=\"async\" src=\"https:\/\/villa-pacetina.com\/wp-content\/uploads\/2022\/09\/VillaPacetina17_Jurinec-photography_19052022.jpg\" data-orig-src=\"https:\/\/villa-pacetina.com\/wp-content\/uploads\/2022\/09\/VillaPacetina17_Jurinec-photography_19052022.jpg\" width=\"2000\" height=\"1333\" alt=\"\" title=\"VillaPacetina17_Jurinec photography_19052022\" aria-label=\"VillaPacetina17_Jurinec photography_19052022\" class=\"lazyload img-responsive wp-image-2184\" srcset=\"data:image\/svg+xml,%3Csvg%20xmlns%3D%27http%3A%2F%2Fwww.w3.org%2F2000%2Fsvg%27%20width%3D%272000%27%20height%3D%271333%27%20viewBox%3D%270%200%202000%201333%27%3E%3Crect%20width%3D%272000%27%20height%3D%271333%27%20fill-opacity%3D%220%22%2F%3E%3C%2Fsvg%3E\" data-srcset=\"https:\/\/villa-pacetina.com\/wp-content\/uploads\/2022\/09\/VillaPacetina17_Jurinec-photography_19052022-200x133.jpg 200w, https:\/\/villa-pacetina.com\/wp-content\/uploads\/2022\/09\/VillaPacetina17_Jurinec-photography_19052022-400x267.jpg 400w, https:\/\/villa-pacetina.com\/wp-content\/uploads\/2022\/09\/VillaPacetina17_Jurinec-photography_19052022-600x400.jpg 600w, https:\/\/villa-pacetina.com\/wp-content\/uploads\/2022\/09\/VillaPacetina17_Jurinec-photography_19052022-800x533.jpg 800w, https:\/\/villa-pacetina.com\/wp-content\/uploads\/2022\/09\/VillaPacetina17_Jurinec-photography_19052022-1200x800.jpg 1200w, https:\/\/villa-pacetina.com\/wp-content\/uploads\/2022\/09\/VillaPacetina17_Jurinec-photography_19052022.jpg 2000w\" data-sizes=\"auto\" data-orig-sizes=\"(min-width: 2200px) 100vw, (min-width: 824px) 413px, (min-width: 732px) 620px, (min-width: 640px) 732px, \" \/><\/a><\/div><\/div><div class=\"clearfix\"><\/div><\/div><\/div><\/div><\/div><div class=\"fusion-layout-column fusion_builder_column fusion-builder-column-13 fusion_builder_column_2_5 2_5 fusion-flex-column\" style=\"--awb-padding-left:80px;--awb-padding-left-small:0px;--awb-bg-position:right bottom;--awb-bg-blend:overlay;--awb-bg-size:cover;--awb-width-large:40%;--awb-margin-top-large:0px;--awb-spacing-right-large:0px;--awb-margin-bottom-large:20px;--awb-spacing-left-large:0px;--awb-width-medium:100%;--awb-order-medium:0;--awb-spacing-right-medium:0px;--awb-spacing-left-medium:0px;--awb-width-small:100%;--awb-order-small:0;--awb-spacing-right-small:0px;--awb-spacing-left-small:0px;\"><div class=\"fusion-column-wrapper fusion-column-has-shadow fusion-flex-justify-content-flex-start fusion-content-layout-column\"><div class=\"fusion-title title fusion-title-6 fusion-title-text fusion-title-size-two\" style=\"--awb-margin-bottom:0px;--awb-margin-bottom-small:0px;--awb-margin-bottom-medium:0px;--awb-font-size:var(--awb-typography2-font-size);\"><div class=\"title-sep-container title-sep-container-left fusion-no-large-visibility fusion-no-medium-visibility fusion-no-small-visibility\"><div class=\"title-sep sep- sep-solid\" style=\"border-color:var(--awb-color3);\"><\/div><\/div><span class=\"awb-title-spacer fusion-no-large-visibility fusion-no-medium-visibility fusion-no-small-visibility\"><\/span><h2 class=\"fusion-title-heading title-heading-left fusion-responsive-typography-calculated\" style=\"font-family:var(--awb-typography2-font-family);font-weight:var(--awb-typography2-font-weight);font-style:var(--awb-typography2-font-style);margin:0;font-size:1em;letter-spacing:var(--awb-typography2-letter-spacing);text-transform:var(--awb-typography2-text-transform);--fontSize:13;--minFontSize:13;line-height:var(--awb-typography2-line-height);\">Sottolineiamo in particolare<\/h2><span class=\"awb-title-spacer\"><\/span><div class=\"title-sep-container title-sep-container-right\"><div class=\"title-sep sep- sep-solid\" style=\"border-color:var(--awb-color3);\"><\/div><\/div><\/div><div class=\"fusion-title title fusion-title-7 fusion-title-text fusion-title-size-three\" style=\"--awb-margin-bottom-small:15px;--awb-font-size:46px;\"><div class=\"title-sep-container title-sep-container-left fusion-no-large-visibility fusion-no-medium-visibility fusion-no-small-visibility\"><div class=\"title-sep sep- sep-solid\" style=\"border-color:var(--awb-color3);\"><\/div><\/div><span class=\"awb-title-spacer fusion-no-large-visibility fusion-no-medium-visibility fusion-no-small-visibility\"><\/span><h3 class=\"fusion-title-heading title-heading-left fusion-responsive-typography-calculated\" style=\"margin:0;font-size:1em;--fontSize:46;line-height:var(--awb-typography1-line-height);\">VILLA NINA<\/h3><span class=\"awb-title-spacer\"><\/span><div class=\"title-sep-container title-sep-container-right\"><div class=\"title-sep sep- sep-solid\" style=\"border-color:var(--awb-color3);\"><\/div><\/div><\/div><div class=\"fusion-separator\" style=\"align-self: flex-start;margin-right:auto;margin-top:0px;margin-bottom:20px;width:100%;max-width:50px;\"><div class=\"fusion-separator-border sep-single sep-solid\" style=\"--awb-height:20px;--awb-amount:20px;--awb-sep-color:var(--awb-color4);border-color:var(--awb-color4);border-top-width:1px;\"><\/div><\/div><div class=\"fusion-text fusion-text-4\"><p>Villa Nina, modernamente arredata e con una superficie di 150 mq, \u00e8 la scelta perfetta per chi desidera un&#8217;esperienza di benessere completa. Con una piscina con acqua riscaldata, una vasca idromassaggio e una sauna, e una grande parete di vetro che offre una splendida vista sulle colline di Zagorje, questa \u00e8 un&#8217;oasi di completo riposo e relax.<\/p>\n<\/div><div style=\"text-align:center;\"><a class=\"fusion-button button-flat fusion-button-default-size button-default fusion-button-default button-2 fusion-button-default-span fusion-button-default-type\" target=\"_self\" href=\"https:\/\/villa-pacetina.com\/it\/contatto\/\"><i class=\"fa-edit fas button-icon-left\" aria-hidden=\"true\"><\/i><span class=\"fusion-button-text\">Prenota il tuo alloggio<\/span><\/a><\/div><\/div><\/div><div class=\"fusion-layout-column fusion_builder_column fusion-builder-column-14 fusion_builder_column_3_5 3_5 fusion-flex-column fusion-no-medium-visibility fusion-no-large-visibility\" style=\"--awb-padding-top:40px;--awb-padding-right:40px;--awb-padding-bottom:40px;--awb-padding-left:40px;--awb-bg-color:var(--awb-color1);--awb-bg-color-hover:var(--awb-color1);--awb-bg-size:cover;--awb-border-color:var(--awb-color2);--awb-border-top:1px;--awb-border-right:1px;--awb-border-bottom:1px;--awb-border-left:1px;--awb-border-style:solid;--awb-width-large:60%;--awb-margin-top-large:0px;--awb-spacing-right-large:0px;--awb-margin-bottom-large:20px;--awb-spacing-left-large:0px;--awb-width-medium:100%;--awb-order-medium:0;--awb-spacing-right-medium:0px;--awb-spacing-left-medium:0px;--awb-width-small:100%;--awb-order-small:0;--awb-spacing-right-small:0px;--awb-spacing-left-small:0px;\" data-scroll-devices=\"small-visibility,medium-visibility,large-visibility\"><div class=\"fusion-column-wrapper fusion-column-has-shadow fusion-flex-justify-content-flex-start fusion-content-layout-column\"><div class=\"awb-gallery-wrapper awb-gallery-wrapper-3 button-span-no\" style=\"--more-btn-alignment:center;\"><div style=\"margin:-5px;--awb-bordersize:0px;--awb-columns-small:33.3333%;\" class=\"fusion-gallery fusion-gallery-container fusion-grid-3 fusion-columns-total-12 fusion-gallery-layout-grid fusion-gallery-3\"><div style=\"padding:5px;\" class=\"fusion-grid-column fusion-gallery-column fusion-gallery-column-3 hover-type-zoomin\"><div class=\"fusion-gallery-image\"><a href=\"https:\/\/villa-pacetina.com\/wp-content\/uploads\/2024\/10\/VillaPacetina51_Jurinec-photography_19052022-copy1-scaled.avif\" rel=\"noreferrer\" data-rel=\"iLightbox[gallery_image_3]\" class=\"fusion-lightbox\" target=\"_self\"><img decoding=\"async\" src=\"https:\/\/villa-pacetina.com\/wp-content\/uploads\/2024\/10\/VillaPacetina51_Jurinec-photography_19052022-copy1-scaled.avif\" data-orig-src=\"https:\/\/villa-pacetina.com\/wp-content\/uploads\/2024\/10\/VillaPacetina51_Jurinec-photography_19052022-copy1-scaled.avif\" width=\"2560\" height=\"1706\" alt=\"\" title=\"VillaPacetina51_Jurinec photography_19052022 copy1\" aria-label=\"VillaPacetina51_Jurinec photography_19052022 copy1\" class=\"lazyload img-responsive wp-image-6812\" srcset=\"data:image\/svg+xml,%3Csvg%20xmlns%3D%27http%3A%2F%2Fwww.w3.org%2F2000%2Fsvg%27%20width%3D%272560%27%20height%3D%271706%27%20viewBox%3D%270%200%202560%201706%27%3E%3Crect%20width%3D%272560%27%20height%3D%271706%27%20fill-opacity%3D%220%22%2F%3E%3C%2Fsvg%3E\" data-srcset=\"https:\/\/villa-pacetina.com\/wp-content\/uploads\/2024\/10\/VillaPacetina51_Jurinec-photography_19052022-copy1-200x133.avif 200w, https:\/\/villa-pacetina.com\/wp-content\/uploads\/2024\/10\/VillaPacetina51_Jurinec-photography_19052022-copy1-300x200.avif 300w, https:\/\/villa-pacetina.com\/wp-content\/uploads\/2024\/10\/VillaPacetina51_Jurinec-photography_19052022-copy1-400x267.avif 400w, https:\/\/villa-pacetina.com\/wp-content\/uploads\/2024\/10\/VillaPacetina51_Jurinec-photography_19052022-copy1-600x400.avif 600w, https:\/\/villa-pacetina.com\/wp-content\/uploads\/2024\/10\/VillaPacetina51_Jurinec-photography_19052022-copy1-768x512.avif 768w, https:\/\/villa-pacetina.com\/wp-content\/uploads\/2024\/10\/VillaPacetina51_Jurinec-photography_19052022-copy1-800x533.avif 800w, https:\/\/villa-pacetina.com\/wp-content\/uploads\/2024\/10\/VillaPacetina51_Jurinec-photography_19052022-copy1-1024x682.avif 1024w, https:\/\/villa-pacetina.com\/wp-content\/uploads\/2024\/10\/VillaPacetina51_Jurinec-photography_19052022-copy1-1200x800.avif 1200w, https:\/\/villa-pacetina.com\/wp-content\/uploads\/2024\/10\/VillaPacetina51_Jurinec-photography_19052022-copy1-1536x1023.avif 1536w, https:\/\/villa-pacetina.com\/wp-content\/uploads\/2024\/10\/VillaPacetina51_Jurinec-photography_19052022-copy1-scaled.avif 2560w\" data-sizes=\"auto\" data-orig-sizes=\"(min-width: 2200px) 100vw, (min-width: 824px) 413px, (min-width: 732px) 620px, (min-width: 640px) 732px, \" \/><\/a><\/div><\/div><div style=\"padding:5px;\" class=\"fusion-grid-column fusion-gallery-column fusion-gallery-column-3 hover-type-zoomin\"><div class=\"fusion-gallery-image\"><a href=\"https:\/\/villa-pacetina.com\/wp-content\/uploads\/2024\/10\/VillaPacetina59_Jurinec-photography_19052022-scaled.avif\" rel=\"noreferrer\" data-rel=\"iLightbox[gallery_image_3]\" class=\"fusion-lightbox\" target=\"_self\"><img decoding=\"async\" src=\"https:\/\/villa-pacetina.com\/wp-content\/uploads\/2024\/10\/VillaPacetina59_Jurinec-photography_19052022-scaled.avif\" data-orig-src=\"https:\/\/villa-pacetina.com\/wp-content\/uploads\/2024\/10\/VillaPacetina59_Jurinec-photography_19052022-scaled.avif\" width=\"2560\" height=\"1707\" alt=\"\" title=\"VillaPacetina59_Jurinec photography_19052022\" aria-label=\"VillaPacetina59_Jurinec photography_19052022\" class=\"lazyload img-responsive wp-image-6807\" srcset=\"data:image\/svg+xml,%3Csvg%20xmlns%3D%27http%3A%2F%2Fwww.w3.org%2F2000%2Fsvg%27%20width%3D%272560%27%20height%3D%271707%27%20viewBox%3D%270%200%202560%201707%27%3E%3Crect%20width%3D%272560%27%20height%3D%271707%27%20fill-opacity%3D%220%22%2F%3E%3C%2Fsvg%3E\" data-srcset=\"https:\/\/villa-pacetina.com\/wp-content\/uploads\/2024\/10\/VillaPacetina59_Jurinec-photography_19052022-200x133.avif 200w, https:\/\/villa-pacetina.com\/wp-content\/uploads\/2024\/10\/VillaPacetina59_Jurinec-photography_19052022-300x200.avif 300w, https:\/\/villa-pacetina.com\/wp-content\/uploads\/2024\/10\/VillaPacetina59_Jurinec-photography_19052022-400x267.avif 400w, https:\/\/villa-pacetina.com\/wp-content\/uploads\/2024\/10\/VillaPacetina59_Jurinec-photography_19052022-600x400.avif 600w, https:\/\/villa-pacetina.com\/wp-content\/uploads\/2024\/10\/VillaPacetina59_Jurinec-photography_19052022-768x512.avif 768w, https:\/\/villa-pacetina.com\/wp-content\/uploads\/2024\/10\/VillaPacetina59_Jurinec-photography_19052022-800x533.avif 800w, https:\/\/villa-pacetina.com\/wp-content\/uploads\/2024\/10\/VillaPacetina59_Jurinec-photography_19052022-1024x683.avif 1024w, https:\/\/villa-pacetina.com\/wp-content\/uploads\/2024\/10\/VillaPacetina59_Jurinec-photography_19052022-1200x800.avif 1200w, https:\/\/villa-pacetina.com\/wp-content\/uploads\/2024\/10\/VillaPacetina59_Jurinec-photography_19052022-1536x1024.avif 1536w, https:\/\/villa-pacetina.com\/wp-content\/uploads\/2024\/10\/VillaPacetina59_Jurinec-photography_19052022-scaled.avif 2560w\" data-sizes=\"auto\" data-orig-sizes=\"(min-width: 2200px) 100vw, (min-width: 824px) 413px, (min-width: 732px) 620px, (min-width: 640px) 732px, \" \/><\/a><\/div><\/div><div style=\"padding:5px;\" class=\"fusion-grid-column fusion-gallery-column fusion-gallery-column-3 hover-type-zoomin\"><div class=\"fusion-gallery-image\"><a href=\"https:\/\/villa-pacetina.com\/wp-content\/uploads\/2022\/09\/VillaPacetina43_Jurinec-photography_19052022.jpg\" rel=\"noreferrer\" data-rel=\"iLightbox[gallery_image_3]\" class=\"fusion-lightbox\" target=\"_self\"><img decoding=\"async\" src=\"https:\/\/villa-pacetina.com\/wp-content\/uploads\/2022\/09\/VillaPacetina43_Jurinec-photography_19052022.jpg\" data-orig-src=\"https:\/\/villa-pacetina.com\/wp-content\/uploads\/2022\/09\/VillaPacetina43_Jurinec-photography_19052022.jpg\" width=\"2000\" height=\"1335\" alt=\"\" title=\"VillaPacetina43_Jurinec photography_19052022\" aria-label=\"VillaPacetina43_Jurinec photography_19052022\" class=\"lazyload img-responsive wp-image-2193\" srcset=\"data:image\/svg+xml,%3Csvg%20xmlns%3D%27http%3A%2F%2Fwww.w3.org%2F2000%2Fsvg%27%20width%3D%272000%27%20height%3D%271335%27%20viewBox%3D%270%200%202000%201335%27%3E%3Crect%20width%3D%272000%27%20height%3D%271335%27%20fill-opacity%3D%220%22%2F%3E%3C%2Fsvg%3E\" data-srcset=\"https:\/\/villa-pacetina.com\/wp-content\/uploads\/2022\/09\/VillaPacetina43_Jurinec-photography_19052022-200x134.jpg 200w, https:\/\/villa-pacetina.com\/wp-content\/uploads\/2022\/09\/VillaPacetina43_Jurinec-photography_19052022-400x267.jpg 400w, https:\/\/villa-pacetina.com\/wp-content\/uploads\/2022\/09\/VillaPacetina43_Jurinec-photography_19052022-600x401.jpg 600w, https:\/\/villa-pacetina.com\/wp-content\/uploads\/2022\/09\/VillaPacetina43_Jurinec-photography_19052022-800x534.jpg 800w, https:\/\/villa-pacetina.com\/wp-content\/uploads\/2022\/09\/VillaPacetina43_Jurinec-photography_19052022-1200x801.jpg 1200w, https:\/\/villa-pacetina.com\/wp-content\/uploads\/2022\/09\/VillaPacetina43_Jurinec-photography_19052022.jpg 2000w\" data-sizes=\"auto\" data-orig-sizes=\"(min-width: 2200px) 100vw, (min-width: 824px) 413px, (min-width: 732px) 620px, (min-width: 640px) 732px, \" \/><\/a><\/div><\/div><div class=\"clearfix\"><\/div><div style=\"padding:5px;\" class=\"fusion-grid-column fusion-gallery-column fusion-gallery-column-3 hover-type-zoomin\"><div class=\"fusion-gallery-image\"><a href=\"https:\/\/villa-pacetina.com\/wp-content\/uploads\/2022\/09\/VillaPacetina41_Jurinec-photography_19052022.jpg\" rel=\"noreferrer\" data-rel=\"iLightbox[gallery_image_3]\" class=\"fusion-lightbox\" target=\"_self\"><img decoding=\"async\" src=\"https:\/\/villa-pacetina.com\/wp-content\/uploads\/2022\/09\/VillaPacetina41_Jurinec-photography_19052022.jpg\" data-orig-src=\"https:\/\/villa-pacetina.com\/wp-content\/uploads\/2022\/09\/VillaPacetina41_Jurinec-photography_19052022.jpg\" width=\"2000\" height=\"1334\" alt=\"\" title=\"VillaPacetina41_Jurinec photography_19052022\" aria-label=\"VillaPacetina41_Jurinec photography_19052022\" class=\"lazyload img-responsive wp-image-2192\" srcset=\"data:image\/svg+xml,%3Csvg%20xmlns%3D%27http%3A%2F%2Fwww.w3.org%2F2000%2Fsvg%27%20width%3D%272000%27%20height%3D%271334%27%20viewBox%3D%270%200%202000%201334%27%3E%3Crect%20width%3D%272000%27%20height%3D%271334%27%20fill-opacity%3D%220%22%2F%3E%3C%2Fsvg%3E\" data-srcset=\"https:\/\/villa-pacetina.com\/wp-content\/uploads\/2022\/09\/VillaPacetina41_Jurinec-photography_19052022-200x133.jpg 200w, https:\/\/villa-pacetina.com\/wp-content\/uploads\/2022\/09\/VillaPacetina41_Jurinec-photography_19052022-400x267.jpg 400w, https:\/\/villa-pacetina.com\/wp-content\/uploads\/2022\/09\/VillaPacetina41_Jurinec-photography_19052022-600x400.jpg 600w, https:\/\/villa-pacetina.com\/wp-content\/uploads\/2022\/09\/VillaPacetina41_Jurinec-photography_19052022-800x534.jpg 800w, https:\/\/villa-pacetina.com\/wp-content\/uploads\/2022\/09\/VillaPacetina41_Jurinec-photography_19052022-1200x800.jpg 1200w, https:\/\/villa-pacetina.com\/wp-content\/uploads\/2022\/09\/VillaPacetina41_Jurinec-photography_19052022.jpg 2000w\" data-sizes=\"auto\" data-orig-sizes=\"(min-width: 2200px) 100vw, (min-width: 824px) 413px, (min-width: 732px) 620px, (min-width: 640px) 732px, \" \/><\/a><\/div><\/div><div style=\"padding:5px;\" class=\"fusion-grid-column fusion-gallery-column fusion-gallery-column-3 hover-type-zoomin\"><div class=\"fusion-gallery-image\"><a href=\"https:\/\/villa-pacetina.com\/wp-content\/uploads\/2022\/09\/VillaPacetina36_Jurinec-photography_19052022.jpg\" rel=\"noreferrer\" data-rel=\"iLightbox[gallery_image_3]\" class=\"fusion-lightbox\" target=\"_self\"><img decoding=\"async\" src=\"https:\/\/villa-pacetina.com\/wp-content\/uploads\/2022\/09\/VillaPacetina36_Jurinec-photography_19052022.jpg\" data-orig-src=\"https:\/\/villa-pacetina.com\/wp-content\/uploads\/2022\/09\/VillaPacetina36_Jurinec-photography_19052022.jpg\" width=\"2000\" height=\"1333\" alt=\"\" title=\"VillaPacetina36_Jurinec photography_19052022\" aria-label=\"VillaPacetina36_Jurinec photography_19052022\" class=\"lazyload img-responsive wp-image-2190\" srcset=\"data:image\/svg+xml,%3Csvg%20xmlns%3D%27http%3A%2F%2Fwww.w3.org%2F2000%2Fsvg%27%20width%3D%272000%27%20height%3D%271333%27%20viewBox%3D%270%200%202000%201333%27%3E%3Crect%20width%3D%272000%27%20height%3D%271333%27%20fill-opacity%3D%220%22%2F%3E%3C%2Fsvg%3E\" data-srcset=\"https:\/\/villa-pacetina.com\/wp-content\/uploads\/2022\/09\/VillaPacetina36_Jurinec-photography_19052022-200x133.jpg 200w, https:\/\/villa-pacetina.com\/wp-content\/uploads\/2022\/09\/VillaPacetina36_Jurinec-photography_19052022-400x267.jpg 400w, https:\/\/villa-pacetina.com\/wp-content\/uploads\/2022\/09\/VillaPacetina36_Jurinec-photography_19052022-600x400.jpg 600w, https:\/\/villa-pacetina.com\/wp-content\/uploads\/2022\/09\/VillaPacetina36_Jurinec-photography_19052022-800x533.jpg 800w, https:\/\/villa-pacetina.com\/wp-content\/uploads\/2022\/09\/VillaPacetina36_Jurinec-photography_19052022-1200x800.jpg 1200w, https:\/\/villa-pacetina.com\/wp-content\/uploads\/2022\/09\/VillaPacetina36_Jurinec-photography_19052022.jpg 2000w\" data-sizes=\"auto\" data-orig-sizes=\"(min-width: 2200px) 100vw, (min-width: 824px) 413px, (min-width: 732px) 620px, (min-width: 640px) 732px, \" \/><\/a><\/div><\/div><div style=\"padding:5px;\" class=\"fusion-grid-column fusion-gallery-column fusion-gallery-column-3 hover-type-zoomin\"><div class=\"fusion-gallery-image\"><a href=\"https:\/\/villa-pacetina.com\/wp-content\/uploads\/2022\/09\/VillaPacetina35_Jurinec-photography_19052022.jpg\" rel=\"noreferrer\" data-rel=\"iLightbox[gallery_image_3]\" class=\"fusion-lightbox\" target=\"_self\"><img decoding=\"async\" src=\"https:\/\/villa-pacetina.com\/wp-content\/uploads\/2022\/09\/VillaPacetina35_Jurinec-photography_19052022.jpg\" data-orig-src=\"https:\/\/villa-pacetina.com\/wp-content\/uploads\/2022\/09\/VillaPacetina35_Jurinec-photography_19052022.jpg\" width=\"2000\" height=\"1332\" alt=\"\" title=\"VillaPacetina35_Jurinec photography_19052022\" aria-label=\"VillaPacetina35_Jurinec photography_19052022\" class=\"lazyload img-responsive wp-image-2189\" srcset=\"data:image\/svg+xml,%3Csvg%20xmlns%3D%27http%3A%2F%2Fwww.w3.org%2F2000%2Fsvg%27%20width%3D%272000%27%20height%3D%271332%27%20viewBox%3D%270%200%202000%201332%27%3E%3Crect%20width%3D%272000%27%20height%3D%271332%27%20fill-opacity%3D%220%22%2F%3E%3C%2Fsvg%3E\" data-srcset=\"https:\/\/villa-pacetina.com\/wp-content\/uploads\/2022\/09\/VillaPacetina35_Jurinec-photography_19052022-200x133.jpg 200w, https:\/\/villa-pacetina.com\/wp-content\/uploads\/2022\/09\/VillaPacetina35_Jurinec-photography_19052022-400x266.jpg 400w, https:\/\/villa-pacetina.com\/wp-content\/uploads\/2022\/09\/VillaPacetina35_Jurinec-photography_19052022-600x400.jpg 600w, https:\/\/villa-pacetina.com\/wp-content\/uploads\/2022\/09\/VillaPacetina35_Jurinec-photography_19052022-800x533.jpg 800w, https:\/\/villa-pacetina.com\/wp-content\/uploads\/2022\/09\/VillaPacetina35_Jurinec-photography_19052022-1200x799.jpg 1200w, https:\/\/villa-pacetina.com\/wp-content\/uploads\/2022\/09\/VillaPacetina35_Jurinec-photography_19052022.jpg 2000w\" data-sizes=\"auto\" data-orig-sizes=\"(min-width: 2200px) 100vw, (min-width: 824px) 413px, (min-width: 732px) 620px, (min-width: 640px) 732px, \" \/><\/a><\/div><\/div><div class=\"clearfix\"><\/div><div style=\"padding:5px;\" class=\"fusion-grid-column fusion-gallery-column fusion-gallery-column-3 hover-type-zoomin\"><div class=\"fusion-gallery-image\"><a href=\"https:\/\/villa-pacetina.com\/wp-content\/uploads\/2022\/09\/VillaPacetina07_Jurinec-photography_19052022.jpg\" rel=\"noreferrer\" data-rel=\"iLightbox[gallery_image_3]\" class=\"fusion-lightbox\" target=\"_self\"><img decoding=\"async\" src=\"https:\/\/villa-pacetina.com\/wp-content\/uploads\/2022\/09\/VillaPacetina07_Jurinec-photography_19052022.jpg\" data-orig-src=\"https:\/\/villa-pacetina.com\/wp-content\/uploads\/2022\/09\/VillaPacetina07_Jurinec-photography_19052022.jpg\" width=\"2000\" height=\"1334\" alt=\"\" title=\"VillaPacetina07_Jurinec photography_19052022\" aria-label=\"VillaPacetina07_Jurinec photography_19052022\" class=\"lazyload img-responsive wp-image-2183\" srcset=\"data:image\/svg+xml,%3Csvg%20xmlns%3D%27http%3A%2F%2Fwww.w3.org%2F2000%2Fsvg%27%20width%3D%272000%27%20height%3D%271334%27%20viewBox%3D%270%200%202000%201334%27%3E%3Crect%20width%3D%272000%27%20height%3D%271334%27%20fill-opacity%3D%220%22%2F%3E%3C%2Fsvg%3E\" data-srcset=\"https:\/\/villa-pacetina.com\/wp-content\/uploads\/2022\/09\/VillaPacetina07_Jurinec-photography_19052022-200x133.jpg 200w, https:\/\/villa-pacetina.com\/wp-content\/uploads\/2022\/09\/VillaPacetina07_Jurinec-photography_19052022-400x267.jpg 400w, https:\/\/villa-pacetina.com\/wp-content\/uploads\/2022\/09\/VillaPacetina07_Jurinec-photography_19052022-600x400.jpg 600w, https:\/\/villa-pacetina.com\/wp-content\/uploads\/2022\/09\/VillaPacetina07_Jurinec-photography_19052022-800x534.jpg 800w, https:\/\/villa-pacetina.com\/wp-content\/uploads\/2022\/09\/VillaPacetina07_Jurinec-photography_19052022-1200x800.jpg 1200w, https:\/\/villa-pacetina.com\/wp-content\/uploads\/2022\/09\/VillaPacetina07_Jurinec-photography_19052022.jpg 2000w\" data-sizes=\"auto\" data-orig-sizes=\"(min-width: 2200px) 100vw, (min-width: 824px) 413px, (min-width: 732px) 620px, (min-width: 640px) 732px, \" \/><\/a><\/div><\/div><div style=\"padding:5px;\" class=\"fusion-grid-column fusion-gallery-column fusion-gallery-column-3 hover-type-zoomin\"><div class=\"fusion-gallery-image\"><a href=\"https:\/\/villa-pacetina.com\/wp-content\/uploads\/2022\/09\/VillaPacetina31_Jurinec-photography_19052022.jpg\" rel=\"noreferrer\" data-rel=\"iLightbox[gallery_image_3]\" class=\"fusion-lightbox\" target=\"_self\"><img decoding=\"async\" src=\"https:\/\/villa-pacetina.com\/wp-content\/uploads\/2022\/09\/VillaPacetina31_Jurinec-photography_19052022.jpg\" data-orig-src=\"https:\/\/villa-pacetina.com\/wp-content\/uploads\/2022\/09\/VillaPacetina31_Jurinec-photography_19052022.jpg\" width=\"2000\" height=\"1334\" alt=\"\" title=\"VillaPacetina31_Jurinec photography_19052022\" aria-label=\"VillaPacetina31_Jurinec photography_19052022\" class=\"lazyload img-responsive wp-image-2188\" srcset=\"data:image\/svg+xml,%3Csvg%20xmlns%3D%27http%3A%2F%2Fwww.w3.org%2F2000%2Fsvg%27%20width%3D%272000%27%20height%3D%271334%27%20viewBox%3D%270%200%202000%201334%27%3E%3Crect%20width%3D%272000%27%20height%3D%271334%27%20fill-opacity%3D%220%22%2F%3E%3C%2Fsvg%3E\" data-srcset=\"https:\/\/villa-pacetina.com\/wp-content\/uploads\/2022\/09\/VillaPacetina31_Jurinec-photography_19052022-200x133.jpg 200w, https:\/\/villa-pacetina.com\/wp-content\/uploads\/2022\/09\/VillaPacetina31_Jurinec-photography_19052022-400x267.jpg 400w, https:\/\/villa-pacetina.com\/wp-content\/uploads\/2022\/09\/VillaPacetina31_Jurinec-photography_19052022-600x400.jpg 600w, https:\/\/villa-pacetina.com\/wp-content\/uploads\/2022\/09\/VillaPacetina31_Jurinec-photography_19052022-800x534.jpg 800w, https:\/\/villa-pacetina.com\/wp-content\/uploads\/2022\/09\/VillaPacetina31_Jurinec-photography_19052022-1200x800.jpg 1200w, https:\/\/villa-pacetina.com\/wp-content\/uploads\/2022\/09\/VillaPacetina31_Jurinec-photography_19052022.jpg 2000w\" data-sizes=\"auto\" data-orig-sizes=\"(min-width: 2200px) 100vw, (min-width: 824px) 413px, (min-width: 732px) 620px, (min-width: 640px) 732px, \" \/><\/a><\/div><\/div><div style=\"padding:5px;\" class=\"fusion-grid-column fusion-gallery-column fusion-gallery-column-3 hover-type-zoomin\"><div class=\"fusion-gallery-image\"><a href=\"https:\/\/villa-pacetina.com\/wp-content\/uploads\/2022\/09\/VillaPacetina29_Jurinec-photography_19052022.jpg\" rel=\"noreferrer\" data-rel=\"iLightbox[gallery_image_3]\" class=\"fusion-lightbox\" target=\"_self\"><img decoding=\"async\" src=\"https:\/\/villa-pacetina.com\/wp-content\/uploads\/2022\/09\/VillaPacetina29_Jurinec-photography_19052022.jpg\" data-orig-src=\"https:\/\/villa-pacetina.com\/wp-content\/uploads\/2022\/09\/VillaPacetina29_Jurinec-photography_19052022.jpg\" width=\"2000\" height=\"1333\" alt=\"\" title=\"VillaPacetina29_Jurinec photography_19052022\" aria-label=\"VillaPacetina29_Jurinec photography_19052022\" class=\"lazyload img-responsive wp-image-2187\" srcset=\"data:image\/svg+xml,%3Csvg%20xmlns%3D%27http%3A%2F%2Fwww.w3.org%2F2000%2Fsvg%27%20width%3D%272000%27%20height%3D%271333%27%20viewBox%3D%270%200%202000%201333%27%3E%3Crect%20width%3D%272000%27%20height%3D%271333%27%20fill-opacity%3D%220%22%2F%3E%3C%2Fsvg%3E\" data-srcset=\"https:\/\/villa-pacetina.com\/wp-content\/uploads\/2022\/09\/VillaPacetina29_Jurinec-photography_19052022-200x133.jpg 200w, https:\/\/villa-pacetina.com\/wp-content\/uploads\/2022\/09\/VillaPacetina29_Jurinec-photography_19052022-400x267.jpg 400w, https:\/\/villa-pacetina.com\/wp-content\/uploads\/2022\/09\/VillaPacetina29_Jurinec-photography_19052022-600x400.jpg 600w, https:\/\/villa-pacetina.com\/wp-content\/uploads\/2022\/09\/VillaPacetina29_Jurinec-photography_19052022-800x533.jpg 800w, https:\/\/villa-pacetina.com\/wp-content\/uploads\/2022\/09\/VillaPacetina29_Jurinec-photography_19052022-1200x800.jpg 1200w, https:\/\/villa-pacetina.com\/wp-content\/uploads\/2022\/09\/VillaPacetina29_Jurinec-photography_19052022.jpg 2000w\" data-sizes=\"auto\" data-orig-sizes=\"(min-width: 2200px) 100vw, (min-width: 824px) 413px, (min-width: 732px) 620px, (min-width: 640px) 732px, \" \/><\/a><\/div><\/div><div class=\"clearfix\"><\/div><div style=\"padding:5px;\" class=\"fusion-grid-column fusion-gallery-column fusion-gallery-column-3 hover-type-zoomin\"><div class=\"fusion-gallery-image\"><a href=\"https:\/\/villa-pacetina.com\/wp-content\/uploads\/2022\/09\/VillaPacetina21_Jurinec-photography_19052022.jpg\" rel=\"noreferrer\" data-rel=\"iLightbox[gallery_image_3]\" class=\"fusion-lightbox\" target=\"_self\"><img decoding=\"async\" src=\"https:\/\/villa-pacetina.com\/wp-content\/uploads\/2022\/09\/VillaPacetina21_Jurinec-photography_19052022.jpg\" data-orig-src=\"https:\/\/villa-pacetina.com\/wp-content\/uploads\/2022\/09\/VillaPacetina21_Jurinec-photography_19052022.jpg\" width=\"2000\" height=\"1335\" alt=\"\" title=\"VillaPacetina21_Jurinec photography_19052022\" aria-label=\"VillaPacetina21_Jurinec photography_19052022\" class=\"lazyload img-responsive wp-image-2186\" srcset=\"data:image\/svg+xml,%3Csvg%20xmlns%3D%27http%3A%2F%2Fwww.w3.org%2F2000%2Fsvg%27%20width%3D%272000%27%20height%3D%271335%27%20viewBox%3D%270%200%202000%201335%27%3E%3Crect%20width%3D%272000%27%20height%3D%271335%27%20fill-opacity%3D%220%22%2F%3E%3C%2Fsvg%3E\" data-srcset=\"https:\/\/villa-pacetina.com\/wp-content\/uploads\/2022\/09\/VillaPacetina21_Jurinec-photography_19052022-200x134.jpg 200w, https:\/\/villa-pacetina.com\/wp-content\/uploads\/2022\/09\/VillaPacetina21_Jurinec-photography_19052022-400x267.jpg 400w, https:\/\/villa-pacetina.com\/wp-content\/uploads\/2022\/09\/VillaPacetina21_Jurinec-photography_19052022-600x401.jpg 600w, https:\/\/villa-pacetina.com\/wp-content\/uploads\/2022\/09\/VillaPacetina21_Jurinec-photography_19052022-800x534.jpg 800w, https:\/\/villa-pacetina.com\/wp-content\/uploads\/2022\/09\/VillaPacetina21_Jurinec-photography_19052022-1200x801.jpg 1200w, https:\/\/villa-pacetina.com\/wp-content\/uploads\/2022\/09\/VillaPacetina21_Jurinec-photography_19052022.jpg 2000w\" data-sizes=\"auto\" data-orig-sizes=\"(min-width: 2200px) 100vw, (min-width: 824px) 413px, (min-width: 732px) 620px, (min-width: 640px) 732px, \" \/><\/a><\/div><\/div><div style=\"padding:5px;\" class=\"fusion-grid-column fusion-gallery-column fusion-gallery-column-3 hover-type-zoomin\"><div class=\"fusion-gallery-image\"><a href=\"https:\/\/villa-pacetina.com\/wp-content\/uploads\/2022\/09\/VillaPacetina19_Jurinec-photography_19052022.jpg\" rel=\"noreferrer\" data-rel=\"iLightbox[gallery_image_3]\" class=\"fusion-lightbox\" target=\"_self\"><img decoding=\"async\" src=\"https:\/\/villa-pacetina.com\/wp-content\/uploads\/2022\/09\/VillaPacetina19_Jurinec-photography_19052022.jpg\" data-orig-src=\"https:\/\/villa-pacetina.com\/wp-content\/uploads\/2022\/09\/VillaPacetina19_Jurinec-photography_19052022.jpg\" width=\"2000\" height=\"1333\" alt=\"\" title=\"VillaPacetina19_Jurinec photography_19052022\" aria-label=\"VillaPacetina19_Jurinec photography_19052022\" class=\"lazyload img-responsive wp-image-2185\" srcset=\"data:image\/svg+xml,%3Csvg%20xmlns%3D%27http%3A%2F%2Fwww.w3.org%2F2000%2Fsvg%27%20width%3D%272000%27%20height%3D%271333%27%20viewBox%3D%270%200%202000%201333%27%3E%3Crect%20width%3D%272000%27%20height%3D%271333%27%20fill-opacity%3D%220%22%2F%3E%3C%2Fsvg%3E\" data-srcset=\"https:\/\/villa-pacetina.com\/wp-content\/uploads\/2022\/09\/VillaPacetina19_Jurinec-photography_19052022-200x133.jpg 200w, https:\/\/villa-pacetina.com\/wp-content\/uploads\/2022\/09\/VillaPacetina19_Jurinec-photography_19052022-400x267.jpg 400w, https:\/\/villa-pacetina.com\/wp-content\/uploads\/2022\/09\/VillaPacetina19_Jurinec-photography_19052022-600x400.jpg 600w, https:\/\/villa-pacetina.com\/wp-content\/uploads\/2022\/09\/VillaPacetina19_Jurinec-photography_19052022-800x533.jpg 800w, https:\/\/villa-pacetina.com\/wp-content\/uploads\/2022\/09\/VillaPacetina19_Jurinec-photography_19052022-1200x800.jpg 1200w, https:\/\/villa-pacetina.com\/wp-content\/uploads\/2022\/09\/VillaPacetina19_Jurinec-photography_19052022.jpg 2000w\" data-sizes=\"auto\" data-orig-sizes=\"(min-width: 2200px) 100vw, (min-width: 824px) 413px, (min-width: 732px) 620px, (min-width: 640px) 732px, \" \/><\/a><\/div><\/div><div style=\"padding:5px;\" class=\"fusion-grid-column fusion-gallery-column fusion-gallery-column-3 hover-type-zoomin\"><div class=\"fusion-gallery-image\"><a href=\"https:\/\/villa-pacetina.com\/wp-content\/uploads\/2022\/09\/VillaPacetina17_Jurinec-photography_19052022.jpg\" rel=\"noreferrer\" data-rel=\"iLightbox[gallery_image_3]\" class=\"fusion-lightbox\" target=\"_self\"><img decoding=\"async\" src=\"https:\/\/villa-pacetina.com\/wp-content\/uploads\/2022\/09\/VillaPacetina17_Jurinec-photography_19052022.jpg\" data-orig-src=\"https:\/\/villa-pacetina.com\/wp-content\/uploads\/2022\/09\/VillaPacetina17_Jurinec-photography_19052022.jpg\" width=\"2000\" height=\"1333\" alt=\"\" title=\"VillaPacetina17_Jurinec photography_19052022\" aria-label=\"VillaPacetina17_Jurinec photography_19052022\" class=\"lazyload img-responsive wp-image-2184\" srcset=\"data:image\/svg+xml,%3Csvg%20xmlns%3D%27http%3A%2F%2Fwww.w3.org%2F2000%2Fsvg%27%20width%3D%272000%27%20height%3D%271333%27%20viewBox%3D%270%200%202000%201333%27%3E%3Crect%20width%3D%272000%27%20height%3D%271333%27%20fill-opacity%3D%220%22%2F%3E%3C%2Fsvg%3E\" data-srcset=\"https:\/\/villa-pacetina.com\/wp-content\/uploads\/2022\/09\/VillaPacetina17_Jurinec-photography_19052022-200x133.jpg 200w, https:\/\/villa-pacetina.com\/wp-content\/uploads\/2022\/09\/VillaPacetina17_Jurinec-photography_19052022-400x267.jpg 400w, https:\/\/villa-pacetina.com\/wp-content\/uploads\/2022\/09\/VillaPacetina17_Jurinec-photography_19052022-600x400.jpg 600w, https:\/\/villa-pacetina.com\/wp-content\/uploads\/2022\/09\/VillaPacetina17_Jurinec-photography_19052022-800x533.jpg 800w, https:\/\/villa-pacetina.com\/wp-content\/uploads\/2022\/09\/VillaPacetina17_Jurinec-photography_19052022-1200x800.jpg 1200w, https:\/\/villa-pacetina.com\/wp-content\/uploads\/2022\/09\/VillaPacetina17_Jurinec-photography_19052022.jpg 2000w\" data-sizes=\"auto\" data-orig-sizes=\"(min-width: 2200px) 100vw, (min-width: 824px) 413px, (min-width: 732px) 620px, (min-width: 640px) 732px, \" \/><\/a><\/div><\/div><div class=\"clearfix\"><\/div><\/div><\/div><\/div><\/div><\/div><\/div><div class=\"fusion-fullwidth fullwidth-box fusion-builder-row-4 fusion-flex-container has-pattern-background has-mask-background nonhundred-percent-fullwidth non-hundred-percent-height-scrolling\" style=\"--awb-background-position:center top;--awb-border-sizes-top:0px;--awb-border-sizes-bottom:0px;--awb-border-sizes-left:0px;--awb-border-sizes-right:0px;--awb-border-radius-top-left:0px;--awb-border-radius-top-right:0px;--awb-border-radius-bottom-right:0px;--awb-border-radius-bottom-left:0px;--awb-padding-top:0px;--awb-padding-bottom:80px;--awb-padding-bottom-medium:48px;--awb-background-color:hsla(var(--awb-color2-h),var(--awb-color2-s),calc(var(--awb-color2-l) + 4%),var(--awb-color2-a));--awb-background-image:linear-gradient(180deg, var(--awb-color1) 90%,var(--awb-color2) 100%);--awb-flex-wrap:wrap;\" ><div class=\"fusion-builder-row fusion-row fusion-flex-align-items-flex-start fusion-flex-content-wrap\" style=\"max-width:1300px;margin-left: calc(-4% \/ 2 );margin-right: calc(-4% \/ 2 );\"><div class=\"fusion-layout-column fusion_builder_column fusion-builder-column-15 fusion_builder_column_1_1 1_1 fusion-flex-column fusion-flex-align-self-flex-start fusion-column-no-min-height\" style=\"--awb-bg-blend:overlay;--awb-bg-size:cover;--awb-width-large:100%;--awb-margin-top-large:0px;--awb-spacing-right-large:1.92%;--awb-margin-bottom-large:0px;--awb-spacing-left-large:1.92%;--awb-width-medium:100%;--awb-spacing-right-medium:1.92%;--awb-spacing-left-medium:1.92%;--awb-width-small:100%;--awb-spacing-right-small:1.92%;--awb-spacing-left-small:1.92%;\"><div class=\"fusion-column-wrapper fusion-flex-justify-content-flex-start fusion-content-layout-column\"><div class=\"fusion-title title fusion-title-8 fusion-title-center fusion-title-text fusion-title-size-two\" style=\"--awb-margin-bottom:0px;--awb-margin-bottom-small:0px;--awb-font-size:var(--awb-typography2-font-size);\"><div class=\"title-sep-container title-sep-container-left\"><div class=\"title-sep sep- sep-solid\" style=\"border-color:var(--awb-color3);\"><\/div><\/div><span class=\"awb-title-spacer\"><\/span><h2 class=\"fusion-title-heading title-heading-center fusion-responsive-typography-calculated\" style=\"font-family:var(--awb-typography2-font-family);font-weight:var(--awb-typography2-font-weight);font-style:var(--awb-typography2-font-style);margin:0;font-size:1em;letter-spacing:var(--awb-typography2-letter-spacing);text-transform:var(--awb-typography2-text-transform);--fontSize:13;--minFontSize:13;line-height:var(--awb-typography2-line-height);\">Villa Lara | Villa Nina<\/h2><span class=\"awb-title-spacer\"><\/span><div class=\"title-sep-container title-sep-container-right\"><div class=\"title-sep sep- sep-solid\" style=\"border-color:var(--awb-color3);\"><\/div><\/div><\/div><div class=\"fusion-title title fusion-title-9 fusion-title-center fusion-title-text fusion-title-size-three\" style=\"--awb-margin-bottom-small:15px;--awb-font-size:46px;\"><div class=\"title-sep-container title-sep-container-left\"><div class=\"title-sep sep- sep-solid\" style=\"border-color:var(--awb-color3);\"><\/div><\/div><span class=\"awb-title-spacer\"><\/span><h3 class=\"fusion-title-heading title-heading-center fusion-responsive-typography-calculated\" style=\"margin:0;font-size:1em;--fontSize:46;line-height:var(--awb-typography1-line-height);\">Strutture e attrezzature<\/h3><span class=\"awb-title-spacer\"><\/span><div class=\"title-sep-container title-sep-container-right\"><div class=\"title-sep sep- sep-solid\" style=\"border-color:var(--awb-color3);\"><\/div><\/div><\/div><div class=\"fusion-separator\" style=\"align-self: center;margin-left: auto;margin-right: auto;margin-top:0px;margin-bottom:60px;width:100%;max-width:50px;\"><div class=\"fusion-separator-border sep-single sep-solid\" style=\"--awb-height:20px;--awb-amount:20px;--awb-sep-color:var(--awb-color4);border-color:var(--awb-color4);border-top-width:1px;\"><\/div><\/div><\/div><\/div><div class=\"fusion-layout-column fusion_builder_column fusion-builder-column-16 fusion_builder_column_1_4 1_4 fusion-flex-column\" style=\"--awb-bg-blend:overlay;--awb-bg-size:cover;--awb-width-large:25%;--awb-margin-top-large:0px;--awb-spacing-right-large:7.68%;--awb-margin-bottom-large:20px;--awb-spacing-left-large:7.68%;--awb-width-medium:50%;--awb-order-medium:0;--awb-spacing-right-medium:3.84%;--awb-spacing-left-medium:3.84%;--awb-width-small:50%;--awb-order-small:0;--awb-spacing-right-small:3.84%;--awb-spacing-left-small:3.84%;\" data-scroll-devices=\"small-visibility,medium-visibility,large-visibility\"><div class=\"fusion-column-wrapper fusion-column-has-shadow fusion-flex-justify-content-flex-start fusion-content-layout-column\"><ul style=\"--awb-size:16px;--awb-iconcolor:var(--awb-color4);--awb-line-height:27.2px;--awb-icon-width:27.2px;--awb-icon-height:27.2px;--awb-icon-margin:11.2px;--awb-content-margin:38.4px;\" class=\"fusion-checklist fusion-checklist-3 fusion-checklist-default type-icons\"><li class=\"fusion-li-item\" style=\"\"><span class=\"icon-wrapper circle-no\"><i class=\"fusion-li-icon icon-hotel-check-circle-regular\" aria-hidden=\"true\"><\/i><\/span><div class=\"fusion-li-item-content\">\n<p>2 bagni<\/p>\n<\/div><\/li><li class=\"fusion-li-item\" style=\"\"><span class=\"icon-wrapper circle-no\"><i class=\"fusion-li-icon icon-hotel-check-circle-regular\" aria-hidden=\"true\"><\/i><\/span><div class=\"fusion-li-item-content\">\n<p>3 camere da letto<\/p>\n<\/div><\/li><li class=\"fusion-li-item\" style=\"\"><span class=\"icon-wrapper circle-no\"><i class=\"fusion-li-icon icon-hotel-check-circle-regular\" aria-hidden=\"true\"><\/i><\/span><div class=\"fusion-li-item-content\">\n<p>Uno speciale idillio invernale<\/p>\n<\/div><\/li><li class=\"fusion-li-item\" style=\"\"><span class=\"icon-wrapper circle-no\"><i class=\"fusion-li-icon icon-hotel-check-circle-regular\" aria-hidden=\"true\"><\/i><\/span><div class=\"fusion-li-item-content\">\n<p>Sauna, doccia e vasca<\/p>\n<\/div><\/li><li class=\"fusion-li-item\" style=\"\"><span class=\"icon-wrapper circle-no\"><i class=\"fusion-li-icon icon-hotel-check-circle-regular\" aria-hidden=\"true\"><\/i><\/span><div class=\"fusion-li-item-content\">\n<p>Asciugacapelli<\/p>\n<\/div><\/li><li class=\"fusion-li-item\" style=\"\"><span class=\"icon-wrapper circle-no\"><i class=\"fusion-li-icon icon-hotel-check-circle-regular\" aria-hidden=\"true\"><\/i><\/span><div class=\"fusion-li-item-content\">\n<p>Asciugamani<\/p>\n<\/div><\/li><li class=\"fusion-li-item\" style=\"\"><span class=\"icon-wrapper circle-no\"><i class=\"fusion-li-icon icon-hotel-check-circle-regular\" aria-hidden=\"true\"><\/i><\/span><div class=\"fusion-li-item-content\">\n<p>Lavatrice<\/p>\n<\/div><\/li><\/ul><\/div><\/div><div class=\"fusion-layout-column fusion_builder_column fusion-builder-column-17 fusion_builder_column_1_4 1_4 fusion-flex-column\" style=\"--awb-bg-blend:overlay;--awb-bg-size:cover;--awb-width-large:25%;--awb-margin-top-large:0px;--awb-spacing-right-large:7.68%;--awb-margin-bottom-large:20px;--awb-spacing-left-large:7.68%;--awb-width-medium:50%;--awb-order-medium:0;--awb-spacing-right-medium:3.84%;--awb-spacing-left-medium:3.84%;--awb-width-small:50%;--awb-order-small:0;--awb-spacing-right-small:3.84%;--awb-spacing-left-small:3.84%;\" data-scroll-devices=\"small-visibility,medium-visibility,large-visibility\"><div class=\"fusion-column-wrapper fusion-column-has-shadow fusion-flex-justify-content-flex-start fusion-content-layout-column\"><ul style=\"--awb-size:16px;--awb-iconcolor:var(--awb-color4);--awb-line-height:27.2px;--awb-icon-width:27.2px;--awb-icon-height:27.2px;--awb-icon-margin:11.2px;--awb-content-margin:38.4px;\" class=\"fusion-checklist fusion-checklist-4 fusion-checklist-default type-icons\"><li class=\"fusion-li-item\" style=\"\"><span class=\"icon-wrapper circle-no\"><i class=\"fusion-li-icon icon-hotel-check-circle-regular\" aria-hidden=\"true\"><\/i><\/span><div class=\"fusion-li-item-content\">\n<p>Lenzuolo<\/p>\n<\/div><\/li><li class=\"fusion-li-item\" style=\"\"><span class=\"icon-wrapper circle-no\"><i class=\"fusion-li-icon icon-hotel-check-circle-regular\" aria-hidden=\"true\"><\/i><\/span><div class=\"fusion-li-item-content\">\n<p>Riscaldamento a pavimento<\/p>\n<\/div><\/li><li class=\"fusion-li-item\" style=\"\"><span class=\"icon-wrapper circle-no\"><i class=\"fusion-li-icon icon-hotel-check-circle-regular\" aria-hidden=\"true\"><\/i><\/span><div class=\"fusion-li-item-content\">\n<p>Asciugatrice<\/p>\n<\/div><\/li><li class=\"fusion-li-item\" style=\"\"><span class=\"icon-wrapper circle-no\"><i class=\"fusion-li-icon icon-hotel-check-circle-regular\" aria-hidden=\"true\"><\/i><\/span><div class=\"fusion-li-item-content\">\n<p>Sala da pranzo<\/p>\n<\/div><\/li><li class=\"fusion-li-item\" style=\"\"><span class=\"icon-wrapper circle-no\"><i class=\"fusion-li-icon icon-hotel-check-circle-regular\" aria-hidden=\"true\"><\/i><\/span><div class=\"fusion-li-item-content\">\n<p>Divano<\/p>\n<\/div><\/li><li class=\"fusion-li-item\" style=\"\"><span class=\"icon-wrapper circle-no\"><i class=\"fusion-li-icon icon-hotel-check-circle-regular\" aria-hidden=\"true\"><\/i><\/span><div class=\"fusion-li-item-content\">\n<p>Salotto<\/p>\n<\/div><\/li><li class=\"fusion-li-item\" style=\"\"><span class=\"icon-wrapper circle-no\"><i class=\"fusion-li-icon icon-hotel-check-circle-regular\" aria-hidden=\"true\"><\/i><\/span><div class=\"fusion-li-item-content\">\n<p>Wifi gratis<\/p>\n<\/div><\/li><\/ul><\/div><\/div><div class=\"fusion-layout-column fusion_builder_column fusion-builder-column-18 fusion_builder_column_1_4 1_4 fusion-flex-column\" style=\"--awb-bg-blend:overlay;--awb-bg-size:cover;--awb-width-large:25%;--awb-margin-top-large:0px;--awb-spacing-right-large:7.68%;--awb-margin-bottom-large:20px;--awb-spacing-left-large:7.68%;--awb-width-medium:50%;--awb-order-medium:0;--awb-spacing-right-medium:3.84%;--awb-spacing-left-medium:3.84%;--awb-width-small:50%;--awb-order-small:0;--awb-spacing-right-small:3.84%;--awb-spacing-left-small:3.84%;\" data-scroll-devices=\"small-visibility,medium-visibility,large-visibility\"><div class=\"fusion-column-wrapper fusion-column-has-shadow fusion-flex-justify-content-flex-start fusion-content-layout-column\"><ul style=\"--awb-size:16px;--awb-iconcolor:var(--awb-color4);--awb-line-height:27.2px;--awb-icon-width:27.2px;--awb-icon-height:27.2px;--awb-icon-margin:11.2px;--awb-content-margin:38.4px;\" class=\"fusion-checklist fusion-checklist-5 fusion-checklist-default type-icons\"><li class=\"fusion-li-item\" style=\"\"><span class=\"icon-wrapper circle-no\"><i class=\"fusion-li-icon icon-hotel-check-circle-regular\" aria-hidden=\"true\"><\/i><\/span><div class=\"fusion-li-item-content\">\n<p>Un posto per un picnic<\/p>\n<\/div><\/li><li class=\"fusion-li-item\" style=\"\"><span class=\"icon-wrapper circle-no\"><i class=\"fusion-li-icon icon-hotel-check-circle-regular\" aria-hidden=\"true\"><\/i><\/span><div class=\"fusion-li-item-content\">\n<p>Terrazza esterna coperta<\/p>\n<\/div><\/li><li class=\"fusion-li-item\" style=\"\"><span class=\"icon-wrapper circle-no\"><i class=\"fusion-li-icon icon-hotel-check-circle-regular\" aria-hidden=\"true\"><\/i><\/span><div class=\"fusion-li-item-content\">\n<p>Terrazza solarium<\/p>\n<\/div><\/li><li class=\"fusion-li-item\" style=\"\"><span class=\"icon-wrapper circle-no\"><i class=\"fusion-li-icon icon-hotel-check-circle-regular\" aria-hidden=\"true\"><\/i><\/span><div class=\"fusion-li-item-content\">\n<p>Barbecue e panetteria<\/p>\n<\/div><\/li><li class=\"fusion-li-item\" style=\"\"><span class=\"icon-wrapper circle-no\"><i class=\"fusion-li-icon icon-hotel-check-circle-regular\" aria-hidden=\"true\"><\/i><\/span><div class=\"fusion-li-item-content\">\n<p>Attrezzatura per barbecue<\/p>\n<\/div><\/li><li class=\"fusion-li-item\" style=\"\"><span class=\"icon-wrapper circle-no\"><i class=\"fusion-li-icon icon-hotel-check-circle-regular\" aria-hidden=\"true\"><\/i><\/span><div class=\"fusion-li-item-content\">\n<p>Piscina privata<\/p>\n<\/div><\/li><li class=\"fusion-li-item\" style=\"\"><span class=\"icon-wrapper circle-no\"><i class=\"fusion-li-icon icon-hotel-check-circle-regular\" aria-hidden=\"true\"><\/i><\/span><div class=\"fusion-li-item-content\">PlayStation 4<\/div><\/li><\/ul><\/div><\/div><div class=\"fusion-layout-column fusion_builder_column fusion-builder-column-19 fusion_builder_column_1_4 1_4 fusion-flex-column\" style=\"--awb-bg-blend:overlay;--awb-bg-size:cover;--awb-width-large:25%;--awb-margin-top-large:0px;--awb-spacing-right-large:7.68%;--awb-margin-bottom-large:20px;--awb-spacing-left-large:7.68%;--awb-width-medium:50%;--awb-order-medium:0;--awb-spacing-right-medium:3.84%;--awb-spacing-left-medium:3.84%;--awb-width-small:50%;--awb-order-small:0;--awb-spacing-right-small:3.84%;--awb-spacing-left-small:3.84%;\" data-scroll-devices=\"small-visibility,medium-visibility,large-visibility\"><div class=\"fusion-column-wrapper fusion-column-has-shadow fusion-flex-justify-content-flex-start fusion-content-layout-column\"><ul style=\"--awb-size:16px;--awb-iconcolor:var(--awb-color4);--awb-line-height:27.2px;--awb-icon-width:27.2px;--awb-icon-height:27.2px;--awb-icon-margin:11.2px;--awb-content-margin:38.4px;\" class=\"fusion-checklist fusion-checklist-6 fusion-checklist-default type-icons\"><li class=\"fusion-li-item\" style=\"\"><span class=\"icon-wrapper circle-no\"><i class=\"fusion-li-icon icon-hotel-check-circle-regular\" aria-hidden=\"true\"><\/i><\/span><div class=\"fusion-li-item-content\">\n<p>Frutteto<\/p>\n<\/div><\/li><li class=\"fusion-li-item\" style=\"\"><span class=\"icon-wrapper circle-no\"><i class=\"fusion-li-icon icon-hotel-check-circle-regular\" aria-hidden=\"true\"><\/i><\/span><div class=\"fusion-li-item-content\">\n<p>alpinismo<\/p>\n<\/div><\/li><li class=\"fusion-li-item\" style=\"\"><span class=\"icon-wrapper circle-no\"><i class=\"fusion-li-icon icon-hotel-check-circle-regular\" aria-hidden=\"true\"><\/i><\/span><div class=\"fusion-li-item-content\">\n<p>Ciclismo<\/p>\n<\/div><\/li><li class=\"fusion-li-item\" style=\"\"><span class=\"icon-wrapper circle-no\"><i class=\"fusion-li-icon icon-hotel-check-circle-regular\" aria-hidden=\"true\"><\/i><\/span><div class=\"fusion-li-item-content\">\n<p>Parco acquatico<\/p>\n<\/div><\/li><li class=\"fusion-li-item\" style=\"\"><span class=\"icon-wrapper circle-no\"><i class=\"fusion-li-icon icon-hotel-check-circle-regular\" aria-hidden=\"true\"><\/i><\/span><div class=\"fusion-li-item-content\">\n<p>Aria condizionata<\/p>\n<\/div><\/li><li class=\"fusion-li-item\" style=\"\"><span class=\"icon-wrapper circle-no\"><i class=\"fusion-li-icon icon-hotel-check-circle-regular\" aria-hidden=\"true\"><\/i><\/span><div class=\"fusion-li-item-content\">\n<p>Vasca idromassaggio<\/p>\n<\/div><\/li><li class=\"fusion-li-item\" style=\"\"><span class=\"icon-wrapper circle-no\"><i class=\"fusion-li-icon icon-hotel-check-circle-regular\" aria-hidden=\"true\"><\/i><\/span><div class=\"fusion-li-item-content\">\n<p>Camino da esterno e da interno<\/p>\n<\/div><\/li><\/ul><\/div><\/div><\/div><\/div><div class=\"fusion-fullwidth fullwidth-box fusion-builder-row-5 fusion-flex-container has-pattern-background has-mask-background nonhundred-percent-fullwidth non-hundred-percent-height-scrolling\" style=\"--awb-background-position:left top;--awb-border-sizes-top:0px;--awb-border-sizes-bottom:0px;--awb-border-sizes-left:0px;--awb-border-sizes-right:0px;--awb-border-radius-top-left:0px;--awb-border-radius-top-right:0px;--awb-border-radius-bottom-right:0px;--awb-border-radius-bottom-left:0px;--awb-padding-top:70px;--awb-padding-bottom:70px;--awb-padding-top-small:70px;--awb-margin-top:50px;--awb-flex-wrap:wrap;\" ><div class=\"fusion-builder-row fusion-row fusion-flex-align-items-flex-start fusion-flex-content-wrap\" style=\"max-width:1300px;margin-left: calc(-4% \/ 2 );margin-right: calc(-4% \/ 2 );\"><div class=\"fusion-layout-column fusion_builder_column fusion-builder-column-20 fusion_builder_column_1_2 1_2 fusion-flex-column\" style=\"--awb-bg-blend:overlay;--awb-bg-size:cover;--awb-width-large:50%;--awb-margin-top-large:0px;--awb-spacing-right-large:3.84%;--awb-margin-bottom-large:20px;--awb-spacing-left-large:3.84%;--awb-width-medium:100%;--awb-spacing-right-medium:1.92%;--awb-spacing-left-medium:1.92%;--awb-width-small:100%;--awb-spacing-right-small:1.92%;--awb-spacing-left-small:1.92%;\"><div class=\"fusion-column-wrapper fusion-flex-justify-content-flex-start fusion-content-layout-column\"><div class=\"fusion-content-boxes content-boxes columns row fusion-columns-2 fusion-columns-total-2 fusion-content-boxes-1 content-boxes-icon-on-side content-left\" style=\"--awb-backgroundcolor:transparent;--awb-margin-bottom:13px;--awb-hover-accent-color:var(--awb-color4);--awb-circle-hover-accent-color:var(--awb-color4);\" data-animationOffset=\"top-into-view\"><div style=\"--awb-backgroundcolor:transparent;--awb-content-padding-left:62px;\" class=\"fusion-column content-box-column content-box-column content-box-column-1 col-lg-6 col-md-6 col-sm-6 fusion-content-box-hover content-box-column-first-in-row\"><div class=\"col content-box-wrapper content-wrapper link-area-box icon-hover-animation-pulsate\" data-animationOffset=\"top-into-view\"><div class=\"heading heading-with-icon icon-left\"><div class=\"icon\"><i style=\"border-color:rgba(255,255,255,0);border-width:0px;background-color:var(--awb-color4);box-sizing:content-box;height:42px;width:42px;line-height:42px;border-radius:50%;font-size:21px;\" aria-hidden=\"true\" class=\"fontawesome-icon fa-home fas circle-yes\"><\/i><\/div><h2 class=\"content-box-heading fusion-responsive-typography-calculated\" style=\"--h2_typography-font-size:24px;--fontSize:24;line-height:var(--awb-typography1-line-height);padding-left:62px;\">Terrazza esterna coperta<\/h2><\/div><div class=\"fusion-clearfix\"><\/div><div class=\"content-container\">\n<p>Ideale per godersi l&#8217;aria fresca e la vista sulle colline dello Zagorje<\/p>\n<\/div><\/div><\/div><div style=\"--awb-backgroundcolor:transparent;--awb-content-padding-left:62px;\" class=\"fusion-column content-box-column content-box-column content-box-column-2 col-lg-6 col-md-6 col-sm-6 fusion-content-box-hover content-box-column-last content-box-column-last-in-row\"><div class=\"col content-box-wrapper content-wrapper link-area-box icon-hover-animation-pulsate\" data-animationOffset=\"top-into-view\"><div class=\"heading heading-with-icon icon-left\"><div class=\"icon\"><i style=\"border-color:rgba(255,255,255,0);border-width:0px;background-color:var(--awb-color4);box-sizing:content-box;height:42px;width:42px;line-height:42px;border-radius:50%;font-size:21px;\" aria-hidden=\"true\" class=\"fontawesome-icon fa-drumstick-bite fas circle-yes\"><\/i><\/div><h2 class=\"content-box-heading fusion-responsive-typography-calculated\" style=\"--h2_typography-font-size:24px;--fontSize:24;line-height:var(--awb-typography1-line-height);padding-left:62px;\">Ristorazione<\/h2><\/div><div class=\"fusion-clearfix\"><\/div><div class=\"content-container\">\n<p>Vi permettiamo di organizzare e fornire catering<\/p>\n<\/div><\/div><\/div><div class=\"fusion-clearfix\"><\/div><\/div><div class=\"fusion-content-boxes content-boxes columns row fusion-columns-2 fusion-columns-total-2 fusion-content-boxes-2 content-boxes-icon-on-side content-left\" style=\"--awb-backgroundcolor:transparent;--awb-margin-bottom:13px;--awb-hover-accent-color:var(--awb-color4);--awb-circle-hover-accent-color:var(--awb-color4);\" data-animationOffset=\"top-into-view\"><div style=\"--awb-backgroundcolor:transparent;--awb-content-padding-left:62px;\" class=\"fusion-column content-box-column content-box-column content-box-column-1 col-lg-6 col-md-6 col-sm-6 fusion-content-box-hover content-box-column-first-in-row\"><div class=\"col content-box-wrapper content-wrapper link-area-box icon-hover-animation-pulsate\" data-animationOffset=\"top-into-view\"><div class=\"heading heading-with-icon icon-left\"><div class=\"icon\"><i style=\"border-color:rgba(255,255,255,0);border-width:0px;background-color:var(--awb-color4);box-sizing:content-box;height:42px;width:42px;line-height:42px;border-radius:50%;font-size:21px;\" aria-hidden=\"true\" class=\"fontawesome-icon fa-utensils fas circle-yes\"><\/i><\/div><h2 class=\"content-box-heading fusion-responsive-typography-calculated\" style=\"--h2_typography-font-size:24px;--fontSize:24;line-height:var(--awb-typography1-line-height);padding-left:62px;\">Forno, grill e cucina all&apos;aperto<\/h2><\/div><div class=\"fusion-clearfix\"><\/div><div class=\"content-container\">\n<p>Cucina esterna e interna completamente attrezzata<\/p>\n<\/div><\/div><\/div><div style=\"--awb-backgroundcolor:transparent;--awb-content-padding-left:62px;\" class=\"fusion-column content-box-column content-box-column content-box-column-2 col-lg-6 col-md-6 col-sm-6 fusion-content-box-hover content-box-column-last content-box-column-last-in-row\"><div class=\"col content-box-wrapper content-wrapper link-area-box icon-hover-animation-pulsate\" data-animationOffset=\"top-into-view\"><div class=\"heading heading-with-icon icon-left\"><div class=\"icon\"><i style=\"border-color:rgba(255,255,255,0);border-width:0px;background-color:var(--awb-color4);box-sizing:content-box;height:42px;width:42px;line-height:42px;border-radius:50%;font-size:21px;\" aria-hidden=\"true\" class=\"fontawesome-icon fa-swimming-pool fas circle-yes\"><\/i><\/div><h2 class=\"content-box-heading fusion-responsive-typography-calculated\" style=\"--h2_typography-font-size:24px;--fontSize:24;line-height:var(--awb-typography1-line-height);padding-left:62px;\">Piscina<\/h2><\/div><div class=\"fusion-clearfix\"><\/div><div class=\"content-container\">\n<p>Piscina privata con acqua riscaldata<\/p>\n<\/div><\/div><\/div><div class=\"fusion-clearfix\"><\/div><\/div><div class=\"fusion-content-boxes content-boxes columns row fusion-columns-2 fusion-columns-total-2 fusion-content-boxes-3 content-boxes-icon-on-side content-left\" style=\"--awb-backgroundcolor:transparent;--awb-margin-bottom:35px;--awb-hover-accent-color:var(--awb-color4);--awb-circle-hover-accent-color:var(--awb-color4);\" data-animationOffset=\"top-into-view\"><div style=\"--awb-backgroundcolor:transparent;--awb-content-padding-left:62px;\" class=\"fusion-column content-box-column content-box-column content-box-column-1 col-lg-6 col-md-6 col-sm-6 fusion-content-box-hover content-box-column-first-in-row\"><div class=\"col content-box-wrapper content-wrapper link-area-box icon-hover-animation-pulsate\" data-animationOffset=\"top-into-view\"><div class=\"heading heading-with-icon icon-left\"><div class=\"icon\"><i style=\"border-color:rgba(255,255,255,0);border-width:0px;background-color:var(--awb-color4);box-sizing:content-box;height:42px;width:42px;line-height:42px;border-radius:50%;font-size:21px;\" aria-hidden=\"true\" class=\"fontawesome-icon fa-table-tennis fas circle-yes\"><\/i><\/div><h2 class=\"content-box-heading fusion-responsive-typography-calculated\" style=\"--h2_typography-font-size:24px;--fontSize:24;line-height:var(--awb-typography1-line-height);padding-left:62px;\">Parco giochi per bambini<\/h2><\/div><div class=\"fusion-clearfix\"><\/div><div class=\"content-container\">\n<p>Ricchi contenuti di intrattenimento per i tuoi piccoli<\/p>\n<\/div><\/div><\/div><div style=\"--awb-backgroundcolor:transparent;--awb-content-padding-left:62px;\" class=\"fusion-column content-box-column content-box-column content-box-column-2 col-lg-6 col-md-6 col-sm-6 fusion-content-box-hover content-box-column-last content-box-column-last-in-row\"><div class=\"col content-box-wrapper content-wrapper link-area-box icon-hover-animation-pulsate\" data-animationOffset=\"top-into-view\"><div class=\"heading heading-with-icon icon-left\"><div class=\"icon\"><i style=\"border-color:rgba(255,255,255,0);border-width:0px;background-color:var(--awb-color4);box-sizing:content-box;height:42px;width:42px;line-height:42px;border-radius:50%;font-size:21px;\" aria-hidden=\"true\" class=\"fontawesome-icon fa-cloud-moon fas circle-yes\"><\/i><\/div><h2 class=\"content-box-heading fusion-responsive-typography-calculated\" style=\"--h2_typography-font-size:24px;--fontSize:24;line-height:var(--awb-typography1-line-height);padding-left:62px;\">Atmosfera notturna<\/h2><\/div><div class=\"fusion-clearfix\"><\/div><div class=\"content-container\">\n<p>Una speciale atmosfera notturna sulla terrazza all&#8217;aperto della villa<\/p>\n<\/div><\/div><\/div><div class=\"fusion-clearfix\"><\/div><\/div><div class=\"fusion-content-boxes content-boxes columns row fusion-columns-2 fusion-columns-total-2 fusion-content-boxes-4 content-boxes-icon-on-side content-left\" style=\"--awb-backgroundcolor:transparent;--awb-margin-bottom:35px;--awb-hover-accent-color:var(--awb-color4);--awb-circle-hover-accent-color:var(--awb-color4);\" data-animationOffset=\"top-into-view\"><div style=\"--awb-backgroundcolor:transparent;--awb-content-padding-left:62px;\" class=\"fusion-column content-box-column content-box-column content-box-column-1 col-lg-6 col-md-6 col-sm-6 fusion-content-box-hover content-box-column-first-in-row\"><div class=\"col content-box-wrapper content-wrapper link-area-box icon-hover-animation-pulsate\" data-animationOffset=\"top-into-view\"><div class=\"heading heading-with-icon icon-left\"><div class=\"icon\"><i style=\"border-color:rgba(255,255,255,0);border-width:0px;background-color:var(--awb-color4);box-sizing:content-box;height:42px;width:42px;line-height:42px;border-radius:50%;font-size:21px;\" aria-hidden=\"true\" class=\"fontawesome-icon fa-fire-alt fas circle-yes\"><\/i><\/div><h2 class=\"content-box-heading fusion-responsive-typography-calculated\" style=\"--h2_typography-font-size:24px;--fontSize:24;line-height:var(--awb-typography1-line-height);padding-left:62px;\">Camino da esterno e da interno<\/h2><\/div><div class=\"fusion-clearfix\"><\/div><div class=\"content-container\">\n<p>Un&#8217;atmosfera speciale nelle giornate fredde<\/p>\n<\/div><\/div><\/div><div style=\"--awb-backgroundcolor:transparent;--awb-content-padding-left:62px;\" class=\"fusion-column content-box-column content-box-column content-box-column-2 col-lg-6 col-md-6 col-sm-6 fusion-content-box-hover content-box-column-last content-box-column-last-in-row\"><div class=\"col content-box-wrapper content-wrapper link-area-box icon-hover-animation-pulsate\" data-animationOffset=\"top-into-view\"><div class=\"heading heading-with-icon icon-left\"><div class=\"icon\"><i style=\"border-color:rgba(255,255,255,0);border-width:0px;background-color:var(--awb-color4);box-sizing:content-box;height:42px;width:42px;line-height:42px;border-radius:50%;font-size:21px;\" aria-hidden=\"true\" class=\"fontawesome-icon fa-hot-tub fas circle-yes\"><\/i><\/div><h2 class=\"content-box-heading fusion-responsive-typography-calculated\" style=\"--h2_typography-font-size:24px;--fontSize:24;line-height:var(--awb-typography1-line-height);padding-left:62px;\">Sauna<\/h2><\/div><div class=\"fusion-clearfix\"><\/div><div class=\"content-container\">\n<p>Per un completo divertimento e relax<\/p>\n<\/div><\/div><\/div><div class=\"fusion-clearfix\"><\/div><\/div><\/div><\/div><div class=\"fusion-layout-column fusion_builder_column fusion-builder-column-21 fusion_builder_column_1_2 1_2 fusion-flex-column\" style=\"--awb-padding-top:40px;--awb-padding-right:40px;--awb-padding-bottom:40px;--awb-padding-left:40px;--awb-bg-color:var(--awb-color1);--awb-bg-color-hover:var(--awb-color1);--awb-bg-size:cover;--awb-border-color:var(--awb-color2);--awb-border-top:1px;--awb-border-right:1px;--awb-border-bottom:1px;--awb-border-left:1px;--awb-border-style:solid;--awb-width-large:50%;--awb-margin-top-large:0px;--awb-spacing-right-large:3.84%;--awb-margin-bottom-large:20px;--awb-spacing-left-large:3.84%;--awb-width-medium:100%;--awb-spacing-right-medium:1.92%;--awb-spacing-left-medium:1.92%;--awb-width-small:100%;--awb-spacing-right-small:1.92%;--awb-margin-bottom-small:0px;--awb-spacing-left-small:1.92%;\"><div class=\"fusion-column-wrapper fusion-flex-justify-content-flex-start fusion-content-layout-column\"><div class=\"fusion-image-element \" style=\"text-align:center;--awb-liftup-border-radius:0px;--awb-caption-title-font-family:var(--h2_typography-font-family);--awb-caption-title-font-weight:var(--h2_typography-font-weight);--awb-caption-title-font-style:var(--h2_typography-font-style);--awb-caption-title-size:var(--h2_typography-font-size);--awb-caption-title-transform:var(--h2_typography-text-transform);--awb-caption-title-line-height:var(--h2_typography-line-height);--awb-caption-title-letter-spacing:var(--h2_typography-letter-spacing);\"><div class=\"awb-image-frame awb-image-frame-5 imageframe-liftup\"><span class=\" fusion-imageframe imageframe-dropshadow imageframe-5\" style=\"border:13px solid var(--awb-color1);-webkit-box-shadow: 3px 3px 7px var(--awb-color3);box-shadow: 3px 3px 7px var(--awb-color3);\"><a href=\"https:\/\/villa-pacetina.com\/wp-content\/uploads\/2022\/09\/bottle_glass-copy-1.jpg\" class=\"fusion-lightbox\" data-rel=\"iLightbox[adeab72a59878b03636]\" data-title=\"bottle_glass copy\" title=\"bottle_glass copy\"><img decoding=\"async\" width=\"1100\" height=\"1363\" src=\"https:\/\/villa-pacetina.com\/wp-content\/uploads\/2022\/09\/bottle_glass-copy-1.jpg\" data-orig-src=\"https:\/\/villa-pacetina.com\/wp-content\/uploads\/2022\/09\/bottle_glass-copy-1.jpg\" alt class=\"lazyload img-responsive wp-image-3364\" srcset=\"data:image\/svg+xml,%3Csvg%20xmlns%3D%27http%3A%2F%2Fwww.w3.org%2F2000%2Fsvg%27%20width%3D%271100%27%20height%3D%271363%27%20viewBox%3D%270%200%201100%201363%27%3E%3Crect%20width%3D%271100%27%20height%3D%271363%27%20fill-opacity%3D%220%22%2F%3E%3C%2Fsvg%3E\" data-srcset=\"https:\/\/villa-pacetina.com\/wp-content\/uploads\/2022\/09\/bottle_glass-copy-1-200x248.jpg 200w, https:\/\/villa-pacetina.com\/wp-content\/uploads\/2022\/09\/bottle_glass-copy-1-400x496.jpg 400w, https:\/\/villa-pacetina.com\/wp-content\/uploads\/2022\/09\/bottle_glass-copy-1-600x743.jpg 600w, https:\/\/villa-pacetina.com\/wp-content\/uploads\/2022\/09\/bottle_glass-copy-1-800x991.jpg 800w, https:\/\/villa-pacetina.com\/wp-content\/uploads\/2022\/09\/bottle_glass-copy-1.jpg 1100w\" data-sizes=\"auto\" data-orig-sizes=\"(max-width: 1024px) 100vw, (max-width: 640px) 100vw, 600px\" \/><\/a><\/span><\/div><\/div><\/div><\/div><div class=\"fusion-layout-column fusion_builder_column fusion-builder-column-22 fusion_builder_column_1_1 1_1 fusion-flex-column\" style=\"--awb-bg-size:cover;--awb-width-large:100%;--awb-margin-top-large:0px;--awb-spacing-right-large:1.92%;--awb-margin-bottom-large:20px;--awb-spacing-left-large:1.92%;--awb-width-medium:100%;--awb-order-medium:0;--awb-spacing-right-medium:1.92%;--awb-spacing-left-medium:1.92%;--awb-width-small:100%;--awb-order-small:0;--awb-spacing-right-small:1.92%;--awb-spacing-left-small:1.92%;\"><div class=\"fusion-column-wrapper fusion-column-has-shadow fusion-flex-justify-content-flex-start fusion-content-layout-column\"><div style=\"text-align:center;\"><a class=\"fusion-button button-flat fusion-button-default-size button-default fusion-button-default button-3 fusion-button-default-span fusion-button-default-type\" target=\"_self\" href=\"https:\/\/villa-pacetina.com\/it\/contatto\/\"><i class=\"fa-edit fas button-icon-left\" aria-hidden=\"true\"><\/i><span class=\"fusion-button-text\">Prenota il tuo alloggio<\/span><\/a><\/div><\/div><\/div><\/div><\/div><\/p>\n","protected":false},"excerpt":{"rendered":"","protected":false},"author":1,"featured_media":6874,"comment_status":"open","ping_status":"open","sticky":false,"template":"","format":"standard","meta":{"footnotes":""},"categories":[31],"tags":[],"class_list":["post-6948","post","type-post","status-publish","format-standard","has-post-thumbnail","hentry","category-non-categorizzato"],"yoast_head":"<!-- This site is optimized with the Yoast SEO plugin v27.1.1 - https:\/\/yoast.com\/product\/yoast-seo-wordpress\/ -->\n<title>Villa Pa\u010detina: il luogo perfetto per un teambuilding indimenticabile - Villa Pa\u010detina<\/title>\n<meta name=\"robots\" content=\"index, follow, max-snippet:-1, max-image-preview:large, max-video-preview:-1\" \/>\n<link rel=\"canonical\" href=\"https:\/\/villa-pacetina.com\/it\/villa-pacetina-il-luogo-perfetto-per-un-teambuilding-indimenticabile\/\" \/>\n<meta property=\"og:locale\" content=\"it_IT\" \/>\n<meta property=\"og:type\" content=\"article\" \/>\n<meta property=\"og:title\" content=\"Villa Pa\u010detina: il luogo perfetto per un teambuilding indimenticabile - Villa Pa\u010detina\" \/>\n<meta property=\"og:url\" content=\"https:\/\/villa-pacetina.com\/it\/villa-pacetina-il-luogo-perfetto-per-un-teambuilding-indimenticabile\/\" \/>\n<meta property=\"og:site_name\" content=\"Villa Pa\u010detina\" \/>\n<meta property=\"article:publisher\" content=\"https:\/\/www.facebook.com\/vilapacetina\/\" \/>\n<meta property=\"article:published_time\" content=\"2024-10-24T13:23:22+00:00\" \/>\n<meta property=\"article:modified_time\" content=\"2024-10-25T10:34:30+00:00\" \/>\n<meta property=\"og:image\" content=\"https:\/\/villa-pacetina.com\/wp-content\/uploads\/2024\/10\/Pacetina20_Jurinec-photography_20012024-copy-jpg.avif\" \/>\n\t<meta property=\"og:image:width\" content=\"2116\" \/>\n\t<meta property=\"og:image:height\" content=\"1227\" \/>\n\t<meta property=\"og:image:type\" content=\"image\/jpeg\" \/>\n<meta name=\"author\" content=\"admin\" \/>\n<meta name=\"twitter:card\" content=\"summary_large_image\" \/>\n<meta name=\"twitter:label1\" content=\"Scritto da\" \/>\n\t<meta name=\"twitter:data1\" content=\"admin\" \/>\n\t<meta name=\"twitter:label2\" content=\"Tempo di lettura stimato\" \/>\n\t<meta name=\"twitter:data2\" content=\"98 minuti\" \/>\n<script type=\"application\/ld+json\" class=\"yoast-schema-graph\">{\"@context\":\"https:\/\/schema.org\",\"@graph\":[{\"@type\":\"Article\",\"@id\":\"https:\/\/villa-pacetina.com\/it\/villa-pacetina-il-luogo-perfetto-per-un-teambuilding-indimenticabile\/#article\",\"isPartOf\":{\"@id\":\"https:\/\/villa-pacetina.com\/it\/villa-pacetina-il-luogo-perfetto-per-un-teambuilding-indimenticabile\/\"},\"author\":{\"name\":\"admin\",\"@id\":\"https:\/\/villa-pacetina.com\/it\/#\/schema\/person\/1c68f551c9ed88ed99f8be2a16ae526b\"},\"headline\":\"Villa Pa\u010detina: il luogo perfetto per un teambuilding indimenticabile\",\"datePublished\":\"2024-10-24T13:23:22+00:00\",\"dateModified\":\"2024-10-25T10:34:30+00:00\",\"mainEntityOfPage\":{\"@id\":\"https:\/\/villa-pacetina.com\/it\/villa-pacetina-il-luogo-perfetto-per-un-teambuilding-indimenticabile\/\"},\"wordCount\":19587,\"commentCount\":0,\"image\":{\"@id\":\"https:\/\/villa-pacetina.com\/it\/villa-pacetina-il-luogo-perfetto-per-un-teambuilding-indimenticabile\/#primaryimage\"},\"thumbnailUrl\":\"https:\/\/villa-pacetina.com\/wp-content\/uploads\/2024\/10\/Pacetina20_Jurinec-photography_20012024-copy-jpg.avif\",\"articleSection\":[\"Non categorizzato\"],\"inLanguage\":\"it-IT\",\"potentialAction\":[{\"@type\":\"CommentAction\",\"name\":\"Comment\",\"target\":[\"https:\/\/villa-pacetina.com\/it\/villa-pacetina-il-luogo-perfetto-per-un-teambuilding-indimenticabile\/#respond\"]}]},{\"@type\":\"WebPage\",\"@id\":\"https:\/\/villa-pacetina.com\/it\/villa-pacetina-il-luogo-perfetto-per-un-teambuilding-indimenticabile\/\",\"url\":\"https:\/\/villa-pacetina.com\/it\/villa-pacetina-il-luogo-perfetto-per-un-teambuilding-indimenticabile\/\",\"name\":\"Villa Pa\u010detina: il luogo perfetto per un teambuilding indimenticabile - Villa Pa\u010detina\",\"isPartOf\":{\"@id\":\"https:\/\/villa-pacetina.com\/it\/#website\"},\"primaryImageOfPage\":{\"@id\":\"https:\/\/villa-pacetina.com\/it\/villa-pacetina-il-luogo-perfetto-per-un-teambuilding-indimenticabile\/#primaryimage\"},\"image\":{\"@id\":\"https:\/\/villa-pacetina.com\/it\/villa-pacetina-il-luogo-perfetto-per-un-teambuilding-indimenticabile\/#primaryimage\"},\"thumbnailUrl\":\"https:\/\/villa-pacetina.com\/wp-content\/uploads\/2024\/10\/Pacetina20_Jurinec-photography_20012024-copy-jpg.avif\",\"datePublished\":\"2024-10-24T13:23:22+00:00\",\"dateModified\":\"2024-10-25T10:34:30+00:00\",\"author\":{\"@id\":\"https:\/\/villa-pacetina.com\/it\/#\/schema\/person\/1c68f551c9ed88ed99f8be2a16ae526b\"},\"breadcrumb\":{\"@id\":\"https:\/\/villa-pacetina.com\/it\/villa-pacetina-il-luogo-perfetto-per-un-teambuilding-indimenticabile\/#breadcrumb\"},\"inLanguage\":\"it-IT\",\"potentialAction\":[{\"@type\":\"ReadAction\",\"target\":[\"https:\/\/villa-pacetina.com\/it\/villa-pacetina-il-luogo-perfetto-per-un-teambuilding-indimenticabile\/\"]}]},{\"@type\":\"ImageObject\",\"inLanguage\":\"it-IT\",\"@id\":\"https:\/\/villa-pacetina.com\/it\/villa-pacetina-il-luogo-perfetto-per-un-teambuilding-indimenticabile\/#primaryimage\",\"url\":\"https:\/\/villa-pacetina.com\/wp-content\/uploads\/2024\/10\/Pacetina20_Jurinec-photography_20012024-copy-jpg.avif\",\"contentUrl\":\"https:\/\/villa-pacetina.com\/wp-content\/uploads\/2024\/10\/Pacetina20_Jurinec-photography_20012024-copy-jpg.avif\",\"width\":2116,\"height\":1227},{\"@type\":\"BreadcrumbList\",\"@id\":\"https:\/\/villa-pacetina.com\/it\/villa-pacetina-il-luogo-perfetto-per-un-teambuilding-indimenticabile\/#breadcrumb\",\"itemListElement\":[{\"@type\":\"ListItem\",\"position\":1,\"name\":\"Po\u010detna stranica\",\"item\":\"https:\/\/villa-pacetina.com\/it\/prima-pagina\/\"},{\"@type\":\"ListItem\",\"position\":2,\"name\":\"Villa Pa\u010detina: il luogo perfetto per un teambuilding indimenticabile\"}]},{\"@type\":\"WebSite\",\"@id\":\"https:\/\/villa-pacetina.com\/it\/#website\",\"url\":\"https:\/\/villa-pacetina.com\/it\/\",\"name\":\"Villa Pa\u010detina\",\"description\":\"Idealno mjesto za odmor, u oazi mira i zelenilu\",\"potentialAction\":[{\"@type\":\"SearchAction\",\"target\":{\"@type\":\"EntryPoint\",\"urlTemplate\":\"https:\/\/villa-pacetina.com\/it\/?s={search_term_string}\"},\"query-input\":{\"@type\":\"PropertyValueSpecification\",\"valueRequired\":true,\"valueName\":\"search_term_string\"}}],\"inLanguage\":\"it-IT\"},{\"@type\":\"Person\",\"@id\":\"https:\/\/villa-pacetina.com\/it\/#\/schema\/person\/1c68f551c9ed88ed99f8be2a16ae526b\",\"name\":\"admin\",\"image\":{\"@type\":\"ImageObject\",\"inLanguage\":\"it-IT\",\"@id\":\"https:\/\/villa-pacetina.com\/it\/#\/schema\/person\/image\/\",\"url\":\"https:\/\/secure.gravatar.com\/avatar\/f98ec6756cb20d61f922dfb50f66c1bb9dc60bbcf7b8ab4672001b466ee773f8?s=96&d=mm&r=g\",\"contentUrl\":\"https:\/\/secure.gravatar.com\/avatar\/f98ec6756cb20d61f922dfb50f66c1bb9dc60bbcf7b8ab4672001b466ee773f8?s=96&d=mm&r=g\",\"caption\":\"admin\"},\"sameAs\":[\"https:\/\/villa-pacetina.com\"],\"url\":\"https:\/\/villa-pacetina.com\/it\/author\/admin\/\"}]}<\/script>\n<!-- \/ Yoast SEO plugin. -->","yoast_head_json":{"title":"Villa Pa\u010detina: il luogo perfetto per un teambuilding indimenticabile - Villa Pa\u010detina","robots":{"index":"index","follow":"follow","max-snippet":"max-snippet:-1","max-image-preview":"max-image-preview:large","max-video-preview":"max-video-preview:-1"},"canonical":"https:\/\/villa-pacetina.com\/it\/villa-pacetina-il-luogo-perfetto-per-un-teambuilding-indimenticabile\/","og_locale":"it_IT","og_type":"article","og_title":"Villa Pa\u010detina: il luogo perfetto per un teambuilding indimenticabile - Villa Pa\u010detina","og_url":"https:\/\/villa-pacetina.com\/it\/villa-pacetina-il-luogo-perfetto-per-un-teambuilding-indimenticabile\/","og_site_name":"Villa Pa\u010detina","article_publisher":"https:\/\/www.facebook.com\/vilapacetina\/","article_published_time":"2024-10-24T13:23:22+00:00","article_modified_time":"2024-10-25T10:34:30+00:00","og_image":[{"width":2116,"height":1227,"url":"https:\/\/villa-pacetina.com\/wp-content\/uploads\/2024\/10\/Pacetina20_Jurinec-photography_20012024-copy-jpg.avif","type":"image\/jpeg"}],"author":"admin","twitter_card":"summary_large_image","twitter_misc":{"Scritto da":"admin","Tempo di lettura stimato":"98 minuti"},"schema":{"@context":"https:\/\/schema.org","@graph":[{"@type":"Article","@id":"https:\/\/villa-pacetina.com\/it\/villa-pacetina-il-luogo-perfetto-per-un-teambuilding-indimenticabile\/#article","isPartOf":{"@id":"https:\/\/villa-pacetina.com\/it\/villa-pacetina-il-luogo-perfetto-per-un-teambuilding-indimenticabile\/"},"author":{"name":"admin","@id":"https:\/\/villa-pacetina.com\/it\/#\/schema\/person\/1c68f551c9ed88ed99f8be2a16ae526b"},"headline":"Villa Pa\u010detina: il luogo perfetto per un teambuilding indimenticabile","datePublished":"2024-10-24T13:23:22+00:00","dateModified":"2024-10-25T10:34:30+00:00","mainEntityOfPage":{"@id":"https:\/\/villa-pacetina.com\/it\/villa-pacetina-il-luogo-perfetto-per-un-teambuilding-indimenticabile\/"},"wordCount":19587,"commentCount":0,"image":{"@id":"https:\/\/villa-pacetina.com\/it\/villa-pacetina-il-luogo-perfetto-per-un-teambuilding-indimenticabile\/#primaryimage"},"thumbnailUrl":"https:\/\/villa-pacetina.com\/wp-content\/uploads\/2024\/10\/Pacetina20_Jurinec-photography_20012024-copy-jpg.avif","articleSection":["Non categorizzato"],"inLanguage":"it-IT","potentialAction":[{"@type":"CommentAction","name":"Comment","target":["https:\/\/villa-pacetina.com\/it\/villa-pacetina-il-luogo-perfetto-per-un-teambuilding-indimenticabile\/#respond"]}]},{"@type":"WebPage","@id":"https:\/\/villa-pacetina.com\/it\/villa-pacetina-il-luogo-perfetto-per-un-teambuilding-indimenticabile\/","url":"https:\/\/villa-pacetina.com\/it\/villa-pacetina-il-luogo-perfetto-per-un-teambuilding-indimenticabile\/","name":"Villa Pa\u010detina: il luogo perfetto per un teambuilding indimenticabile - Villa Pa\u010detina","isPartOf":{"@id":"https:\/\/villa-pacetina.com\/it\/#website"},"primaryImageOfPage":{"@id":"https:\/\/villa-pacetina.com\/it\/villa-pacetina-il-luogo-perfetto-per-un-teambuilding-indimenticabile\/#primaryimage"},"image":{"@id":"https:\/\/villa-pacetina.com\/it\/villa-pacetina-il-luogo-perfetto-per-un-teambuilding-indimenticabile\/#primaryimage"},"thumbnailUrl":"https:\/\/villa-pacetina.com\/wp-content\/uploads\/2024\/10\/Pacetina20_Jurinec-photography_20012024-copy-jpg.avif","datePublished":"2024-10-24T13:23:22+00:00","dateModified":"2024-10-25T10:34:30+00:00","author":{"@id":"https:\/\/villa-pacetina.com\/it\/#\/schema\/person\/1c68f551c9ed88ed99f8be2a16ae526b"},"breadcrumb":{"@id":"https:\/\/villa-pacetina.com\/it\/villa-pacetina-il-luogo-perfetto-per-un-teambuilding-indimenticabile\/#breadcrumb"},"inLanguage":"it-IT","potentialAction":[{"@type":"ReadAction","target":["https:\/\/villa-pacetina.com\/it\/villa-pacetina-il-luogo-perfetto-per-un-teambuilding-indimenticabile\/"]}]},{"@type":"ImageObject","inLanguage":"it-IT","@id":"https:\/\/villa-pacetina.com\/it\/villa-pacetina-il-luogo-perfetto-per-un-teambuilding-indimenticabile\/#primaryimage","url":"https:\/\/villa-pacetina.com\/wp-content\/uploads\/2024\/10\/Pacetina20_Jurinec-photography_20012024-copy-jpg.avif","contentUrl":"https:\/\/villa-pacetina.com\/wp-content\/uploads\/2024\/10\/Pacetina20_Jurinec-photography_20012024-copy-jpg.avif","width":2116,"height":1227},{"@type":"BreadcrumbList","@id":"https:\/\/villa-pacetina.com\/it\/villa-pacetina-il-luogo-perfetto-per-un-teambuilding-indimenticabile\/#breadcrumb","itemListElement":[{"@type":"ListItem","position":1,"name":"Po\u010detna stranica","item":"https:\/\/villa-pacetina.com\/it\/prima-pagina\/"},{"@type":"ListItem","position":2,"name":"Villa Pa\u010detina: il luogo perfetto per un teambuilding indimenticabile"}]},{"@type":"WebSite","@id":"https:\/\/villa-pacetina.com\/it\/#website","url":"https:\/\/villa-pacetina.com\/it\/","name":"Villa Pa\u010detina","description":"Idealno mjesto za odmor, u oazi mira i zelenilu","potentialAction":[{"@type":"SearchAction","target":{"@type":"EntryPoint","urlTemplate":"https:\/\/villa-pacetina.com\/it\/?s={search_term_string}"},"query-input":{"@type":"PropertyValueSpecification","valueRequired":true,"valueName":"search_term_string"}}],"inLanguage":"it-IT"},{"@type":"Person","@id":"https:\/\/villa-pacetina.com\/it\/#\/schema\/person\/1c68f551c9ed88ed99f8be2a16ae526b","name":"admin","image":{"@type":"ImageObject","inLanguage":"it-IT","@id":"https:\/\/villa-pacetina.com\/it\/#\/schema\/person\/image\/","url":"https:\/\/secure.gravatar.com\/avatar\/f98ec6756cb20d61f922dfb50f66c1bb9dc60bbcf7b8ab4672001b466ee773f8?s=96&d=mm&r=g","contentUrl":"https:\/\/secure.gravatar.com\/avatar\/f98ec6756cb20d61f922dfb50f66c1bb9dc60bbcf7b8ab4672001b466ee773f8?s=96&d=mm&r=g","caption":"admin"},"sameAs":["https:\/\/villa-pacetina.com"],"url":"https:\/\/villa-pacetina.com\/it\/author\/admin\/"}]}},"_links":{"self":[{"href":"https:\/\/villa-pacetina.com\/it\/wp-json\/wp\/v2\/posts\/6948","targetHints":{"allow":["GET"]}}],"collection":[{"href":"https:\/\/villa-pacetina.com\/it\/wp-json\/wp\/v2\/posts"}],"about":[{"href":"https:\/\/villa-pacetina.com\/it\/wp-json\/wp\/v2\/types\/post"}],"author":[{"embeddable":true,"href":"https:\/\/villa-pacetina.com\/it\/wp-json\/wp\/v2\/users\/1"}],"replies":[{"embeddable":true,"href":"https:\/\/villa-pacetina.com\/it\/wp-json\/wp\/v2\/comments?post=6948"}],"version-history":[{"count":0,"href":"https:\/\/villa-pacetina.com\/it\/wp-json\/wp\/v2\/posts\/6948\/revisions"}],"wp:featuredmedia":[{"embeddable":true,"href":"https:\/\/villa-pacetina.com\/it\/wp-json\/wp\/v2\/media\/6874"}],"wp:attachment":[{"href":"https:\/\/villa-pacetina.com\/it\/wp-json\/wp\/v2\/media?parent=6948"}],"wp:term":[{"taxonomy":"category","embeddable":true,"href":"https:\/\/villa-pacetina.com\/it\/wp-json\/wp\/v2\/categories?post=6948"},{"taxonomy":"post_tag","embeddable":true,"href":"https:\/\/villa-pacetina.com\/it\/wp-json\/wp\/v2\/tags?post=6948"}],"curies":[{"name":"wp","href":"https:\/\/api.w.org\/{rel}","templated":true}]}}