{"id":5349,"date":"2023-04-25T13:38:20","date_gmt":"2023-04-25T13:38:20","guid":{"rendered":"https:\/\/villa-pacetina.com\/uncategorized-sl\/villa-pacetina-ekskluzivne-vile\/"},"modified":"2023-04-25T13:38:20","modified_gmt":"2023-04-25T13:38:20","slug":"villa-pacetina-ekskluzivne-vile","status":"publish","type":"post","link":"https:\/\/villa-pacetina.com\/sl\/villa-pacetina-ekskluzivne-vile\/","title":{"rendered":"Villa Pa\u010detina ekskluzivne vile"},"content":{"rendered":"<p>Villa Pa\u010detina je zbirka <strong><span style=\"text-decoration: underline;\"><a href=\"https:\/\/villa-pacetina.com\/en\/ville\/\">ekskluzivnih vil,<\/a><\/span><\/strong> ki se nahajajo na \u010dudovitem hribu v popolni osami, obdane z gozdom, le 30 minut stran od Zagreba in 20 minut od slovenske meje. Vile so popolna kombinacija razko\u0161ja in narave ter ponujajo mirno okolje za sprostitev in po\u010ditek. Vsaka vila ima svoje edinstvene zna\u010dilnosti in je zasnovana tako, da zadovolji razli\u010dne potrebe.<\/p>\n<p><a href=\"https:\/\/villa-pacetina.com\/en\/villas\/villa-lara\/\">Vila Lara<\/a> je 120m2 velika vila z leseno notranjostjo, ki zagotavlja edinstveno in udobno vzdu\u0161je. Vila obsega kuhinjo, jedilnico, dnevno sobo, tri spalnice, kopalnico v pritli\u010dju in kopalnico v prvem nadstropju z mini savno in masa\u017eno kadjo. Zunanjost vile je prav tako impresivna, z na novo prenovljeno pokrito teraso, ki ima letno kuhinjo, son\u010dno teraso, ogrevan bazen in kamin. Na voljo je tudi igri\u0161\u010de za otroke, zato je odli\u010dno za dru\u017eine z otroki. Vila lahko sprejme do osem oseb.<\/p>\n<p><a href=\"https:\/\/villa-pacetina.com\/en\/villas\/villa-nina\/\">Villa Nina<\/a> je modernisti\u010dna vila s skrbno izbrano notranjo opremo, ki s toplino lesa ustvarja prijetno vzdu\u0161je. Vila ima skupno povr\u0161ino 150 m2 in obsega prostorno dnevno sobo z jedilnico in kuhinjo, \u0161tiri spalnice z lastnimi kopalnicami in strani\u0161\u010di ter obse\u017een SPA &#8211; relax prostor, v katerem je jacuzzi za pet oseb, savna za \u0161tiri osebe, in tu\u0161. Poleg tega lahko u\u017eivate v namiznem tenisu, namiznem nogometu in bazenu. Vila lahko sprejme do osem oseb.<\/p>\n<p><a href=\"https:\/\/villa-pacetina.com\/en\/villas\/villa-nina\/\">Villa Nina<\/a> je novozgrajena vila, ki se pona\u0161a s svojo SPA cono. Pona\u0161a se z jacuzzijem za \u0161est oseb in savno, celotna SPA cona in dnevna soba pa sta z naravo povezana z veliko stekleno steno, ki se lahko odpre do dol\u017eine vile in gostom omogo\u010da u\u017eivanje v \u010dudoviti pokrajini. <a href=\"https:\/\/villa-pacetina.com\/en\/villas\/villa-nina\/\">Villa Nina<\/a> je idealna za poletne po\u010ditnice in sprostitev.<\/p>\n<p>SPA cona v Vili Pa\u010detina ponuja mo\u017enost sprostitve in sprostitve s storitvami profesionalnega maserja\/maserke, ki pride neposredno v va\u0161o vilo. Ta edinstven koncept omogo\u010da gostom, da u\u017eivajo v masa\u017ei v udobju svoje vile, ne da bi morali potovati v SPA center. Profesionalni maserji so usposobljeni in izku\u0161eni in bodo poskrbeli, da bodo gostje od\u0161li osve\u017eeni in pomlajeni.<\/p>\n<p>Poleg razko\u0161nih vil Villa Pa\u010detina ponuja \u0161tevilne aktivnosti na prostem in zanimivosti v okolici. Lokacija je odli\u010dna za razli\u010dne dejavnosti na prostem, kot so pohodni\u0161tvo, kolesarjenje, nabiranje sadja v bli\u017enjih sadovnjakih ter \u0161port in zabavo. Villa Pa\u010detina je idealen kraj za dru\u017einske po\u010ditnice, prijateljev pobeg, poslovna sre\u010danja, team buildinge, organizirana sre\u010danja, strokovne konference in predstavitve.<\/p>\n<p>Gostje lahko u\u017eivajo tudi v raznoliki kulturni in gastronomski ponudbi Hrva\u0161kega Zagorja, zaradi \u010desar je Villa Pa\u010detina odli\u010dna izbira za edinstvene in nepozabne po\u010ditnice.<\/p>\n","protected":false},"excerpt":{"rendered":"<p>Villa Pa\u010detina je zbirka ekskluzivnih vil, ki se nahajajo na \u010dudovitem hribu v popolni osami, obdane z gozdom, le 30 minut stran od Zagreba in 20 minut od slovenske meje. Vile so popolna kombinacija razko\u0161ja in narave ter ponujajo mirno [&hellip;]<\/p>\n","protected":false},"author":1,"featured_media":0,"comment_status":"open","ping_status":"open","sticky":false,"template":"","format":"standard","meta":{"footnotes":""},"categories":[],"tags":[],"class_list":["post-5349","post","type-post","status-publish","format-standard","hentry"],"yoast_head":"<!-- This site is optimized with the Yoast SEO plugin v27.1.1 - https:\/\/yoast.com\/product\/yoast-seo-wordpress\/ -->\n<title>Villa Pa\u010detina ekskluzivne vile - Villa Pa\u010detina<\/title>\n<meta name=\"robots\" content=\"index, follow, max-snippet:-1, max-image-preview:large, max-video-preview:-1\" \/>\n<link rel=\"canonical\" href=\"https:\/\/villa-pacetina.com\/sl\/villa-pacetina-ekskluzivne-vile\/\" \/>\n<meta property=\"og:locale\" content=\"sl_SI\" \/>\n<meta property=\"og:type\" content=\"article\" \/>\n<meta property=\"og:title\" content=\"Villa Pa\u010detina ekskluzivne vile - Villa Pa\u010detina\" \/>\n<meta property=\"og:description\" content=\"Villa Pa\u010detina je zbirka ekskluzivnih vil, ki se nahajajo na \u010dudovitem hribu v popolni osami, obdane z gozdom, le 30 minut stran od Zagreba in 20 minut od slovenske meje. Vile so popolna kombinacija razko\u0161ja in narave ter ponujajo mirno [&hellip;]\" \/>\n<meta property=\"og:url\" content=\"https:\/\/villa-pacetina.com\/sl\/villa-pacetina-ekskluzivne-vile\/\" \/>\n<meta property=\"og:site_name\" content=\"Villa Pa\u010detina\" \/>\n<meta property=\"article:publisher\" content=\"https:\/\/www.facebook.com\/vilapacetina\/\" \/>\n<meta property=\"article:published_time\" content=\"2023-04-25T13:38:20+00:00\" \/>\n<meta name=\"author\" content=\"admin\" \/>\n<meta name=\"twitter:card\" content=\"summary_large_image\" \/>\n<meta name=\"twitter:label1\" content=\"Written by\" \/>\n\t<meta name=\"twitter:data1\" content=\"admin\" \/>\n\t<meta name=\"twitter:label2\" content=\"Est. reading time\" \/>\n\t<meta name=\"twitter:data2\" content=\"2 minuti\" \/>\n<script type=\"application\/ld+json\" class=\"yoast-schema-graph\">{\"@context\":\"https:\/\/schema.org\",\"@graph\":[{\"@type\":\"Article\",\"@id\":\"https:\/\/villa-pacetina.com\/sl\/villa-pacetina-ekskluzivne-vile\/#article\",\"isPartOf\":{\"@id\":\"https:\/\/villa-pacetina.com\/sl\/villa-pacetina-ekskluzivne-vile\/\"},\"author\":{\"name\":\"admin\",\"@id\":\"https:\/\/villa-pacetina.com\/sl\/#\/schema\/person\/1c68f551c9ed88ed99f8be2a16ae526b\"},\"headline\":\"Villa Pa\u010detina ekskluzivne vile\",\"datePublished\":\"2023-04-25T13:38:20+00:00\",\"mainEntityOfPage\":{\"@id\":\"https:\/\/villa-pacetina.com\/sl\/villa-pacetina-ekskluzivne-vile\/\"},\"wordCount\":460,\"commentCount\":0,\"inLanguage\":\"sl-SI\",\"potentialAction\":[{\"@type\":\"CommentAction\",\"name\":\"Comment\",\"target\":[\"https:\/\/villa-pacetina.com\/sl\/villa-pacetina-ekskluzivne-vile\/#respond\"]}]},{\"@type\":\"WebPage\",\"@id\":\"https:\/\/villa-pacetina.com\/sl\/villa-pacetina-ekskluzivne-vile\/\",\"url\":\"https:\/\/villa-pacetina.com\/sl\/villa-pacetina-ekskluzivne-vile\/\",\"name\":\"Villa Pa\u010detina ekskluzivne vile - Villa Pa\u010detina\",\"isPartOf\":{\"@id\":\"https:\/\/villa-pacetina.com\/sl\/#website\"},\"datePublished\":\"2023-04-25T13:38:20+00:00\",\"author\":{\"@id\":\"https:\/\/villa-pacetina.com\/sl\/#\/schema\/person\/1c68f551c9ed88ed99f8be2a16ae526b\"},\"breadcrumb\":{\"@id\":\"https:\/\/villa-pacetina.com\/sl\/villa-pacetina-ekskluzivne-vile\/#breadcrumb\"},\"inLanguage\":\"sl-SI\",\"potentialAction\":[{\"@type\":\"ReadAction\",\"target\":[\"https:\/\/villa-pacetina.com\/sl\/villa-pacetina-ekskluzivne-vile\/\"]}]},{\"@type\":\"BreadcrumbList\",\"@id\":\"https:\/\/villa-pacetina.com\/sl\/villa-pacetina-ekskluzivne-vile\/#breadcrumb\",\"itemListElement\":[{\"@type\":\"ListItem\",\"position\":1,\"name\":\"Po\u010detna stranica\",\"item\":\"https:\/\/villa-pacetina.com\/sl\/prednja-stran\/\"},{\"@type\":\"ListItem\",\"position\":2,\"name\":\"Villa Pa\u010detina ekskluzivne vile\"}]},{\"@type\":\"WebSite\",\"@id\":\"https:\/\/villa-pacetina.com\/sl\/#website\",\"url\":\"https:\/\/villa-pacetina.com\/sl\/\",\"name\":\"Villa Pa\u010detina\",\"description\":\"Idealno mjesto za odmor, u oazi mira i zelenilu\",\"potentialAction\":[{\"@type\":\"SearchAction\",\"target\":{\"@type\":\"EntryPoint\",\"urlTemplate\":\"https:\/\/villa-pacetina.com\/sl\/?s={search_term_string}\"},\"query-input\":{\"@type\":\"PropertyValueSpecification\",\"valueRequired\":true,\"valueName\":\"search_term_string\"}}],\"inLanguage\":\"sl-SI\"},{\"@type\":\"Person\",\"@id\":\"https:\/\/villa-pacetina.com\/sl\/#\/schema\/person\/1c68f551c9ed88ed99f8be2a16ae526b\",\"name\":\"admin\",\"image\":{\"@type\":\"ImageObject\",\"inLanguage\":\"sl-SI\",\"@id\":\"https:\/\/villa-pacetina.com\/sl\/#\/schema\/person\/image\/\",\"url\":\"https:\/\/secure.gravatar.com\/avatar\/f98ec6756cb20d61f922dfb50f66c1bb9dc60bbcf7b8ab4672001b466ee773f8?s=96&d=mm&r=g\",\"contentUrl\":\"https:\/\/secure.gravatar.com\/avatar\/f98ec6756cb20d61f922dfb50f66c1bb9dc60bbcf7b8ab4672001b466ee773f8?s=96&d=mm&r=g\",\"caption\":\"admin\"},\"sameAs\":[\"https:\/\/villa-pacetina.com\"],\"url\":\"https:\/\/villa-pacetina.com\/sl\/author\/admin\/\"}]}<\/script>\n<!-- \/ Yoast SEO plugin. -->","yoast_head_json":{"title":"Villa Pa\u010detina ekskluzivne vile - Villa Pa\u010detina","robots":{"index":"index","follow":"follow","max-snippet":"max-snippet:-1","max-image-preview":"max-image-preview:large","max-video-preview":"max-video-preview:-1"},"canonical":"https:\/\/villa-pacetina.com\/sl\/villa-pacetina-ekskluzivne-vile\/","og_locale":"sl_SI","og_type":"article","og_title":"Villa Pa\u010detina ekskluzivne vile - Villa Pa\u010detina","og_description":"Villa Pa\u010detina je zbirka ekskluzivnih vil, ki se nahajajo na \u010dudovitem hribu v popolni osami, obdane z gozdom, le 30 minut stran od Zagreba in 20 minut od slovenske meje. Vile so popolna kombinacija razko\u0161ja in narave ter ponujajo mirno [&hellip;]","og_url":"https:\/\/villa-pacetina.com\/sl\/villa-pacetina-ekskluzivne-vile\/","og_site_name":"Villa Pa\u010detina","article_publisher":"https:\/\/www.facebook.com\/vilapacetina\/","article_published_time":"2023-04-25T13:38:20+00:00","author":"admin","twitter_card":"summary_large_image","twitter_misc":{"Written by":"admin","Est. reading time":"2 minuti"},"schema":{"@context":"https:\/\/schema.org","@graph":[{"@type":"Article","@id":"https:\/\/villa-pacetina.com\/sl\/villa-pacetina-ekskluzivne-vile\/#article","isPartOf":{"@id":"https:\/\/villa-pacetina.com\/sl\/villa-pacetina-ekskluzivne-vile\/"},"author":{"name":"admin","@id":"https:\/\/villa-pacetina.com\/sl\/#\/schema\/person\/1c68f551c9ed88ed99f8be2a16ae526b"},"headline":"Villa Pa\u010detina ekskluzivne vile","datePublished":"2023-04-25T13:38:20+00:00","mainEntityOfPage":{"@id":"https:\/\/villa-pacetina.com\/sl\/villa-pacetina-ekskluzivne-vile\/"},"wordCount":460,"commentCount":0,"inLanguage":"sl-SI","potentialAction":[{"@type":"CommentAction","name":"Comment","target":["https:\/\/villa-pacetina.com\/sl\/villa-pacetina-ekskluzivne-vile\/#respond"]}]},{"@type":"WebPage","@id":"https:\/\/villa-pacetina.com\/sl\/villa-pacetina-ekskluzivne-vile\/","url":"https:\/\/villa-pacetina.com\/sl\/villa-pacetina-ekskluzivne-vile\/","name":"Villa Pa\u010detina ekskluzivne vile - Villa Pa\u010detina","isPartOf":{"@id":"https:\/\/villa-pacetina.com\/sl\/#website"},"datePublished":"2023-04-25T13:38:20+00:00","author":{"@id":"https:\/\/villa-pacetina.com\/sl\/#\/schema\/person\/1c68f551c9ed88ed99f8be2a16ae526b"},"breadcrumb":{"@id":"https:\/\/villa-pacetina.com\/sl\/villa-pacetina-ekskluzivne-vile\/#breadcrumb"},"inLanguage":"sl-SI","potentialAction":[{"@type":"ReadAction","target":["https:\/\/villa-pacetina.com\/sl\/villa-pacetina-ekskluzivne-vile\/"]}]},{"@type":"BreadcrumbList","@id":"https:\/\/villa-pacetina.com\/sl\/villa-pacetina-ekskluzivne-vile\/#breadcrumb","itemListElement":[{"@type":"ListItem","position":1,"name":"Po\u010detna stranica","item":"https:\/\/villa-pacetina.com\/sl\/prednja-stran\/"},{"@type":"ListItem","position":2,"name":"Villa Pa\u010detina ekskluzivne vile"}]},{"@type":"WebSite","@id":"https:\/\/villa-pacetina.com\/sl\/#website","url":"https:\/\/villa-pacetina.com\/sl\/","name":"Villa Pa\u010detina","description":"Idealno mjesto za odmor, u oazi mira i zelenilu","potentialAction":[{"@type":"SearchAction","target":{"@type":"EntryPoint","urlTemplate":"https:\/\/villa-pacetina.com\/sl\/?s={search_term_string}"},"query-input":{"@type":"PropertyValueSpecification","valueRequired":true,"valueName":"search_term_string"}}],"inLanguage":"sl-SI"},{"@type":"Person","@id":"https:\/\/villa-pacetina.com\/sl\/#\/schema\/person\/1c68f551c9ed88ed99f8be2a16ae526b","name":"admin","image":{"@type":"ImageObject","inLanguage":"sl-SI","@id":"https:\/\/villa-pacetina.com\/sl\/#\/schema\/person\/image\/","url":"https:\/\/secure.gravatar.com\/avatar\/f98ec6756cb20d61f922dfb50f66c1bb9dc60bbcf7b8ab4672001b466ee773f8?s=96&d=mm&r=g","contentUrl":"https:\/\/secure.gravatar.com\/avatar\/f98ec6756cb20d61f922dfb50f66c1bb9dc60bbcf7b8ab4672001b466ee773f8?s=96&d=mm&r=g","caption":"admin"},"sameAs":["https:\/\/villa-pacetina.com"],"url":"https:\/\/villa-pacetina.com\/sl\/author\/admin\/"}]}},"_links":{"self":[{"href":"https:\/\/villa-pacetina.com\/sl\/wp-json\/wp\/v2\/posts\/5349","targetHints":{"allow":["GET"]}}],"collection":[{"href":"https:\/\/villa-pacetina.com\/sl\/wp-json\/wp\/v2\/posts"}],"about":[{"href":"https:\/\/villa-pacetina.com\/sl\/wp-json\/wp\/v2\/types\/post"}],"author":[{"embeddable":true,"href":"https:\/\/villa-pacetina.com\/sl\/wp-json\/wp\/v2\/users\/1"}],"replies":[{"embeddable":true,"href":"https:\/\/villa-pacetina.com\/sl\/wp-json\/wp\/v2\/comments?post=5349"}],"version-history":[{"count":0,"href":"https:\/\/villa-pacetina.com\/sl\/wp-json\/wp\/v2\/posts\/5349\/revisions"}],"wp:attachment":[{"href":"https:\/\/villa-pacetina.com\/sl\/wp-json\/wp\/v2\/media?parent=5349"}],"wp:term":[{"taxonomy":"category","embeddable":true,"href":"https:\/\/villa-pacetina.com\/sl\/wp-json\/wp\/v2\/categories?post=5349"},{"taxonomy":"post_tag","embeddable":true,"href":"https:\/\/villa-pacetina.com\/sl\/wp-json\/wp\/v2\/tags?post=5349"}],"curies":[{"name":"wp","href":"https:\/\/api.w.org\/{rel}","templated":true}]}}