{"id":5894,"date":"2023-09-22T08:58:21","date_gmt":"2023-09-22T08:58:21","guid":{"rendered":"https:\/\/villa-pacetina.com\/novi-najemniki-v-nasi-ograjeni-nepremicnini\/"},"modified":"2024-10-25T10:34:29","modified_gmt":"2024-10-25T10:34:29","slug":"novi-najemniki-v-nasi-ograjeni-nepremicnini","status":"publish","type":"post","link":"https:\/\/villa-pacetina.com\/sl\/novi-najemniki-v-nasi-ograjeni-nepremicnini\/","title":{"rendered":"Novi najemniki v na\u0161i ograjeni nepremi\u010dnini"},"content":{"rendered":"<div class=\"fusion-fullwidth fullwidth-box fusion-builder-row-1 fusion-flex-container has-pattern-background has-mask-background nonhundred-percent-fullwidth non-hundred-percent-height-scrolling\" style=\"--awb-border-radius-top-left:0px;--awb-border-radius-top-right:0px;--awb-border-radius-bottom-right:0px;--awb-border-radius-bottom-left:0px;--awb-flex-wrap:wrap;\" ><div class=\"fusion-builder-row fusion-row fusion-flex-align-items-flex-start fusion-flex-justify-content-center fusion-flex-content-wrap\" style=\"max-width:1300px;margin-left: calc(-4% \/ 2 );margin-right: calc(-4% \/ 2 );\"><div class=\"fusion-layout-column fusion_builder_column fusion-builder-column-0 fusion_builder_column_1_1 1_1 fusion-flex-column\" style=\"--awb-bg-size:cover;--awb-width-large:100%;--awb-margin-top-large:0px;--awb-spacing-right-large:1.92%;--awb-margin-bottom-large:20px;--awb-spacing-left-large:1.92%;--awb-width-medium:100%;--awb-order-medium:0;--awb-spacing-right-medium:1.92%;--awb-spacing-left-medium:1.92%;--awb-width-small:100%;--awb-order-small:0;--awb-spacing-right-small:1.92%;--awb-spacing-left-small:1.92%;\"><div class=\"fusion-column-wrapper fusion-column-has-shadow fusion-flex-justify-content-flex-start fusion-content-layout-column\"><div class=\"fusion-builder-row fusion-builder-row-inner fusion-row fusion-flex-align-items-flex-start fusion-flex-justify-content-center fusion-flex-content-wrap\" style=\"width:104% !important;max-width:104% !important;margin-left: calc(-4% \/ 2 );margin-right: calc(-4% \/ 2 );\"><div class=\"fusion-layout-column fusion_builder_column_inner fusion-builder-nested-column-0 fusion_builder_column_inner_1_1 1_1 fusion-flex-column\" style=\"--awb-bg-size:cover;--awb-width-large:100%;--awb-margin-top-large:0px;--awb-spacing-right-large:1.92%;--awb-margin-bottom-large:20px;--awb-spacing-left-large:1.92%;--awb-width-medium:100%;--awb-order-medium:0;--awb-spacing-right-medium:1.92%;--awb-spacing-left-medium:1.92%;--awb-width-small:100%;--awb-order-small:0;--awb-spacing-right-small:1.92%;--awb-spacing-left-small:1.92%;\"><div class=\"fusion-column-wrapper fusion-column-has-shadow fusion-flex-justify-content-flex-start fusion-content-layout-column\"><div class=\"fusion-title title fusion-title-1 fusion-title-center fusion-title-text fusion-title-size-two\" style=\"--awb-margin-bottom:0px;--awb-margin-bottom-small:0px;--awb-font-size:var(--awb-typography2-font-size);\"><div class=\"title-sep-container title-sep-container-left\"><div class=\"title-sep sep- sep-solid\" style=\"border-color:var(--awb-color3);\"><\/div><\/div><span class=\"awb-title-spacer\"><\/span><h2 class=\"fusion-title-heading title-heading-center fusion-responsive-typography-calculated\" style=\"font-family:var(--awb-typography2-font-family);font-weight:var(--awb-typography2-font-weight);font-style:var(--awb-typography2-font-style);margin:0;font-size:1em;letter-spacing:var(--awb-typography2-letter-spacing);text-transform:var(--awb-typography2-text-transform);--fontSize:13;--minFontSize:13;line-height:var(--awb-typography2-line-height);\">Vila Pa\u010detina<\/h2><span class=\"awb-title-spacer\"><\/span><div class=\"title-sep-container title-sep-container-right\"><div class=\"title-sep sep- sep-solid\" style=\"border-color:var(--awb-color3);\"><\/div><\/div><\/div><div class=\"fusion-title title fusion-title-2 fusion-title-center fusion-title-text fusion-title-size-one\" style=\"--awb-margin-bottom-small:15px;--awb-font-size:46px;\"><div class=\"title-sep-container title-sep-container-left\"><div class=\"title-sep sep- sep-solid\" style=\"border-color:var(--awb-color3);\"><\/div><\/div><span class=\"awb-title-spacer\"><\/span><h1 class=\"fusion-title-heading title-heading-center fusion-responsive-typography-calculated\" style=\"margin:0;font-size:1em;text-transform:none;--fontSize:46;line-height:var(--awb-typography1-line-height);\">Novi najemniki v na\u0161i ograjeni nepremi\u010dnini<\/h1><span class=\"awb-title-spacer\"><\/span><div class=\"title-sep-container title-sep-container-right\"><div class=\"title-sep sep- sep-solid\" style=\"border-color:var(--awb-color3);\"><\/div><\/div><\/div><\/div><\/div><\/div><\/div><\/div><div class=\"fusion-layout-column fusion_builder_column fusion-builder-column-1 fusion_builder_column_3_4 3_4 fusion-flex-column\" style=\"--awb-bg-size:cover;--awb-width-large:75%;--awb-margin-top-large:0px;--awb-spacing-right-large:2.56%;--awb-margin-bottom-large:20px;--awb-spacing-left-large:2.56%;--awb-width-medium:100%;--awb-order-medium:0;--awb-spacing-right-medium:1.92%;--awb-spacing-left-medium:1.92%;--awb-width-small:100%;--awb-order-small:0;--awb-spacing-right-small:1.92%;--awb-spacing-left-small:1.92%;\"><div class=\"fusion-column-wrapper fusion-column-has-shadow fusion-flex-justify-content-flex-start fusion-content-layout-column\"><div class=\"fusion-image-element \" style=\"--awb-caption-title-font-family:var(--h2_typography-font-family);--awb-caption-title-font-weight:var(--h2_typography-font-weight);--awb-caption-title-font-style:var(--h2_typography-font-style);--awb-caption-title-size:var(--h2_typography-font-size);--awb-caption-title-transform:var(--h2_typography-text-transform);--awb-caption-title-line-height:var(--h2_typography-line-height);--awb-caption-title-letter-spacing:var(--h2_typography-letter-spacing);\"><span class=\" fusion-imageframe imageframe-none imageframe-1 hover-type-none\"><img decoding=\"async\" width=\"2000\" height=\"899\" title=\"VillaPacetina58_Jurinec photography_19052022 copy 2\" src=\"data:image\/svg+xml,%3Csvg%20xmlns%3D%27http%3A%2F%2Fwww.w3.org%2F2000%2Fsvg%27%20width%3D%272000%27%20height%3D%27899%27%20viewBox%3D%270%200%202000%20899%27%3E%3Crect%20width%3D%272000%27%20height%3D%27899%27%20fill-opacity%3D%220%22%2F%3E%3C%2Fsvg%3E\" data-orig-src=\"https:\/\/villa-pacetina.com\/wp-content\/uploads\/2023\/09\/VillaPacetina58_Jurinec-photography_19052022-copy-2-jpg.webp\" alt class=\"lazyload img-responsive wp-image-5542\"\/><\/span><\/div><\/div><\/div><div class=\"fusion-layout-column fusion_builder_column fusion-builder-column-2 fusion_builder_column_3_4 3_4 fusion-flex-column\" style=\"--awb-bg-size:cover;--awb-width-large:75%;--awb-margin-top-large:0px;--awb-spacing-right-large:2.56%;--awb-margin-bottom-large:20px;--awb-spacing-left-large:2.56%;--awb-width-medium:100%;--awb-order-medium:0;--awb-spacing-right-medium:1.92%;--awb-spacing-left-medium:1.92%;--awb-width-small:100%;--awb-order-small:0;--awb-spacing-right-small:1.92%;--awb-spacing-left-small:1.92%;\"><div class=\"fusion-column-wrapper fusion-column-has-shadow fusion-flex-justify-content-flex-start fusion-content-layout-column\"><div class=\"fusion-text fusion-text-1 fusion-text-no-margin\" style=\"--awb-margin-bottom:20px;\"><p>V osr\u010dju narave, kjer se \u0161iri zelenje in prevladuje ti\u0161ina, Villa Pa\u010detina s ponosom napoveduje prihod \u0161tirih lepih srnjadi na na\u0161e ograjeno posestvo. Ti \u0161tirje srnjadi postanejo novi prebivalci okolja okoli Vile Pa\u010detina in dodajo poseben \u010dar naravnemu okolju. Ta izjemen dogodek zaznamuje na\u0161o strastno predanost ohranjanju in spodbujanju so\u017eitja z naravo.<\/p>\n<\/div><div class=\"awb-gallery-wrapper awb-gallery-wrapper-1 button-span-no\" style=\"--more-btn-alignment:center;\"><div style=\"margin:-5px;--awb-bordersize:0px;\" class=\"fusion-gallery fusion-gallery-container fusion-grid-4 fusion-columns-total-4 fusion-gallery-layout-grid fusion-gallery-1\"><div style=\"padding:5px;\" class=\"fusion-grid-column fusion-gallery-column fusion-gallery-column-4 hover-type-zoomin\"><div class=\"fusion-gallery-image\"><a href=\"https:\/\/villa-pacetina.com\/wp-content\/uploads\/2023\/09\/ville-pacetina-zagorje-krapina2-jpg.webp\" rel=\"noreferrer\" data-rel=\"iLightbox[gallery_image_1]\" class=\"fusion-lightbox\" target=\"_self\"><img decoding=\"async\" src=\"https:\/\/villa-pacetina.com\/wp-content\/uploads\/2023\/09\/ville-pacetina-zagorje-krapina2-jpg.webp\" data-orig-src=\"https:\/\/villa-pacetina.com\/wp-content\/uploads\/2023\/09\/ville-pacetina-zagorje-krapina2-jpg.webp\" width=\"550\" height=\"550\" alt=\"\" title=\"ville pa\u010detina zagorje krapina2\" aria-label=\"ville pa\u010detina zagorje krapina2\" class=\"lazyload img-responsive wp-image-5545\" srcset=\"data:image\/svg+xml,%3Csvg%20xmlns%3D%27http%3A%2F%2Fwww.w3.org%2F2000%2Fsvg%27%20width%3D%27550%27%20height%3D%27550%27%20viewBox%3D%270%200%20550%20550%27%3E%3Crect%20width%3D%27550%27%20height%3D%27550%27%20fill-opacity%3D%220%22%2F%3E%3C%2Fsvg%3E\" data-srcset=\"https:\/\/villa-pacetina.com\/wp-content\/uploads\/2023\/09\/ville-pacetina-zagorje-krapina2-66x66.webp 66w, https:\/\/villa-pacetina.com\/wp-content\/uploads\/2023\/09\/ville-pacetina-zagorje-krapina2-150x150.webp 150w, https:\/\/villa-pacetina.com\/wp-content\/uploads\/2023\/09\/ville-pacetina-zagorje-krapina2-200x200.webp 200w, https:\/\/villa-pacetina.com\/wp-content\/uploads\/2023\/09\/ville-pacetina-zagorje-krapina2-300x300.webp 300w, https:\/\/villa-pacetina.com\/wp-content\/uploads\/2023\/09\/ville-pacetina-zagorje-krapina2-400x400.webp 400w, https:\/\/villa-pacetina.com\/wp-content\/uploads\/2023\/09\/ville-pacetina-zagorje-krapina2-jpg.webp 550w\" data-sizes=\"auto\" data-orig-sizes=\"(min-width: 2200px) 100vw, (min-width: 915px) 309px, (min-width: 824px) 412px, (min-width: 732px) 618px, (min-width: 640px) 732px, \" \/><\/a><\/div><\/div><div style=\"padding:5px;\" class=\"fusion-grid-column fusion-gallery-column fusion-gallery-column-4 hover-type-zoomin\"><div class=\"fusion-gallery-image\"><a href=\"https:\/\/villa-pacetina.com\/wp-content\/uploads\/2023\/09\/ville-pacetina-zagorje-krapina21-jpg.webp\" rel=\"noreferrer\" data-rel=\"iLightbox[gallery_image_1]\" class=\"fusion-lightbox\" target=\"_self\"><img decoding=\"async\" src=\"https:\/\/villa-pacetina.com\/wp-content\/uploads\/2023\/09\/ville-pacetina-zagorje-krapina21-jpg.webp\" data-orig-src=\"https:\/\/villa-pacetina.com\/wp-content\/uploads\/2023\/09\/ville-pacetina-zagorje-krapina21-jpg.webp\" width=\"550\" height=\"550\" alt=\"\" title=\"ville pa\u010detina zagorje krapina21\" aria-label=\"ville pa\u010detina zagorje krapina21\" class=\"lazyload img-responsive wp-image-5550\" srcset=\"data:image\/svg+xml,%3Csvg%20xmlns%3D%27http%3A%2F%2Fwww.w3.org%2F2000%2Fsvg%27%20width%3D%27550%27%20height%3D%27550%27%20viewBox%3D%270%200%20550%20550%27%3E%3Crect%20width%3D%27550%27%20height%3D%27550%27%20fill-opacity%3D%220%22%2F%3E%3C%2Fsvg%3E\" data-srcset=\"https:\/\/villa-pacetina.com\/wp-content\/uploads\/2023\/09\/ville-pacetina-zagorje-krapina21-66x66.webp 66w, https:\/\/villa-pacetina.com\/wp-content\/uploads\/2023\/09\/ville-pacetina-zagorje-krapina21-150x150.webp 150w, https:\/\/villa-pacetina.com\/wp-content\/uploads\/2023\/09\/ville-pacetina-zagorje-krapina21-200x200.webp 200w, https:\/\/villa-pacetina.com\/wp-content\/uploads\/2023\/09\/ville-pacetina-zagorje-krapina21-300x300.webp 300w, https:\/\/villa-pacetina.com\/wp-content\/uploads\/2023\/09\/ville-pacetina-zagorje-krapina21-400x400.webp 400w, https:\/\/villa-pacetina.com\/wp-content\/uploads\/2023\/09\/ville-pacetina-zagorje-krapina21-jpg.webp 550w\" data-sizes=\"auto\" data-orig-sizes=\"(min-width: 2200px) 100vw, (min-width: 915px) 309px, (min-width: 824px) 412px, (min-width: 732px) 618px, (min-width: 640px) 732px, \" \/><\/a><\/div><\/div><div style=\"padding:5px;\" class=\"fusion-grid-column fusion-gallery-column fusion-gallery-column-4 hover-type-zoomin\"><div class=\"fusion-gallery-image\"><a href=\"https:\/\/villa-pacetina.com\/wp-content\/uploads\/2023\/09\/ville-pacetina-zagorje-krapina22-jpg.webp\" rel=\"noreferrer\" data-rel=\"iLightbox[gallery_image_1]\" class=\"fusion-lightbox\" target=\"_self\"><img decoding=\"async\" src=\"https:\/\/villa-pacetina.com\/wp-content\/uploads\/2023\/09\/ville-pacetina-zagorje-krapina22-jpg.webp\" data-orig-src=\"https:\/\/villa-pacetina.com\/wp-content\/uploads\/2023\/09\/ville-pacetina-zagorje-krapina22-jpg.webp\" width=\"550\" height=\"550\" alt=\"\" title=\"ville pa\u010detina zagorje krapina22\" aria-label=\"ville pa\u010detina zagorje krapina22\" class=\"lazyload img-responsive wp-image-5555\" srcset=\"data:image\/svg+xml,%3Csvg%20xmlns%3D%27http%3A%2F%2Fwww.w3.org%2F2000%2Fsvg%27%20width%3D%27550%27%20height%3D%27550%27%20viewBox%3D%270%200%20550%20550%27%3E%3Crect%20width%3D%27550%27%20height%3D%27550%27%20fill-opacity%3D%220%22%2F%3E%3C%2Fsvg%3E\" data-srcset=\"https:\/\/villa-pacetina.com\/wp-content\/uploads\/2023\/09\/ville-pacetina-zagorje-krapina22-66x66.webp 66w, https:\/\/villa-pacetina.com\/wp-content\/uploads\/2023\/09\/ville-pacetina-zagorje-krapina22-150x150.webp 150w, https:\/\/villa-pacetina.com\/wp-content\/uploads\/2023\/09\/ville-pacetina-zagorje-krapina22-200x200.webp 200w, https:\/\/villa-pacetina.com\/wp-content\/uploads\/2023\/09\/ville-pacetina-zagorje-krapina22-300x300.webp 300w, https:\/\/villa-pacetina.com\/wp-content\/uploads\/2023\/09\/ville-pacetina-zagorje-krapina22-400x400.webp 400w, https:\/\/villa-pacetina.com\/wp-content\/uploads\/2023\/09\/ville-pacetina-zagorje-krapina22-jpg.webp 550w\" data-sizes=\"auto\" data-orig-sizes=\"(min-width: 2200px) 100vw, (min-width: 915px) 309px, (min-width: 824px) 412px, (min-width: 732px) 618px, (min-width: 640px) 732px, \" \/><\/a><\/div><\/div><div style=\"padding:5px;\" class=\"fusion-grid-column fusion-gallery-column fusion-gallery-column-4 hover-type-zoomin\"><div class=\"fusion-gallery-image\"><a href=\"https:\/\/villa-pacetina.com\/wp-content\/uploads\/2023\/09\/ville-pacetina-zagorje-krapina221-jpg.webp\" rel=\"noreferrer\" data-rel=\"iLightbox[gallery_image_1]\" class=\"fusion-lightbox\" target=\"_self\"><img decoding=\"async\" src=\"https:\/\/villa-pacetina.com\/wp-content\/uploads\/2023\/09\/ville-pacetina-zagorje-krapina221-jpg.webp\" data-orig-src=\"https:\/\/villa-pacetina.com\/wp-content\/uploads\/2023\/09\/ville-pacetina-zagorje-krapina221-jpg.webp\" width=\"550\" height=\"550\" alt=\"\" title=\"ville pa\u010detina zagorje krapina221\" aria-label=\"ville pa\u010detina zagorje krapina221\" class=\"lazyload img-responsive wp-image-5560\" srcset=\"data:image\/svg+xml,%3Csvg%20xmlns%3D%27http%3A%2F%2Fwww.w3.org%2F2000%2Fsvg%27%20width%3D%27550%27%20height%3D%27550%27%20viewBox%3D%270%200%20550%20550%27%3E%3Crect%20width%3D%27550%27%20height%3D%27550%27%20fill-opacity%3D%220%22%2F%3E%3C%2Fsvg%3E\" data-srcset=\"https:\/\/villa-pacetina.com\/wp-content\/uploads\/2023\/09\/ville-pacetina-zagorje-krapina221-66x66.webp 66w, https:\/\/villa-pacetina.com\/wp-content\/uploads\/2023\/09\/ville-pacetina-zagorje-krapina221-150x150.webp 150w, https:\/\/villa-pacetina.com\/wp-content\/uploads\/2023\/09\/ville-pacetina-zagorje-krapina221-200x200.webp 200w, https:\/\/villa-pacetina.com\/wp-content\/uploads\/2023\/09\/ville-pacetina-zagorje-krapina221-300x300.webp 300w, https:\/\/villa-pacetina.com\/wp-content\/uploads\/2023\/09\/ville-pacetina-zagorje-krapina221-400x400.webp 400w, https:\/\/villa-pacetina.com\/wp-content\/uploads\/2023\/09\/ville-pacetina-zagorje-krapina221-jpg.webp 550w\" data-sizes=\"auto\" data-orig-sizes=\"(min-width: 2200px) 100vw, (min-width: 915px) 309px, (min-width: 824px) 412px, (min-width: 732px) 618px, (min-width: 640px) 732px, \" \/><\/a><\/div><\/div><div class=\"clearfix\"><\/div><\/div><\/div><div class=\"fusion-text fusion-text-2 fusion-text-no-margin\" style=\"--awb-margin-top:20px;--awb-margin-bottom:20px;\"><p>V sodelovanju z lokalnimi okoljskimi strokovnjaki smo zagotovili popolno okolje za te \u0161tiri mirne in krotke srnjadi. Na\u0161e ohi\u0161je jim zagotavlja prostorno in varno okolje, kjer se lahko prosto gibljejo, raziskujejo naravno okolje in u\u017eivajo. Srnjad so divje \u017eivali, ki so vedno ohranile svojo skrivnostno privla\u010dnost in ponosni smo, da to edinstveno prilo\u017enost delimo z na\u0161imi dragimi gosti.<\/p>\n<\/div><\/div><\/div><div class=\"fusion-layout-column fusion_builder_column fusion-builder-column-3 fusion-flex-column\" style=\"--awb-bg-size:cover;--awb-width-large:34%;--awb-margin-top-large:0px;--awb-spacing-right-large:5.6470588235294%;--awb-margin-bottom-large:20px;--awb-spacing-left-large:5.6470588235294%;--awb-width-medium:100%;--awb-order-medium:0;--awb-spacing-right-medium:1.92%;--awb-spacing-left-medium:1.92%;--awb-width-small:100%;--awb-order-small:0;--awb-spacing-right-small:1.92%;--awb-spacing-left-small:1.92%;\"><div class=\"fusion-column-wrapper fusion-column-has-shadow fusion-flex-justify-content-flex-start fusion-content-layout-column\"><div class=\"fusion-text fusion-text-3\" style=\"--awb-margin-top:40px;\"><p>Ko se sprehajate po na\u0161i posesti, lahko sre\u010date te \u010dudovite \u017eivali od blizu. Tu lahko opazujete njihovo krotkost in se udele\u017eite njihovih trenutkov sprostitve.<\/p>\n<p>Poleg tega, da si lahko ogledate srnjad, Villa Pa\u010detina ponuja tudi bogat izbor aktivnosti na prostem, vklju\u010dno s hojo, kolesarjenjem, pikniki in \u0161tevilnimi drugimi. Tu lahko pobegnete od vsakodnevnega stresa in se na edinstven na\u010din pove\u017eete z naravo.<\/p>\n<p>Dobrodo\u0161li v Vili Pa\u010detina, kjer narava \u017eivi pomirjujo\u010de in kjer v njenem objemu \u010dakajo nepozabna do\u017eivetja. Veselimo se, da vam bomo omogo\u010dili, da do\u017eivite lepoto in \u010darobnost narave na edinstven na\u010din, pri \u010demer so srnjad na\u0161i posebni sosedje.<\/p>\n<p>Rezervirajte svoje bivanje in postanite del te posebne zgodbe o naravi in razko\u0161ju \u0161e danes!<\/p>\n<\/div><style>#main {\n    padding-top: 30px;\n}\n<\/style><\/div><\/div><div class=\"fusion-layout-column fusion_builder_column fusion-builder-column-4 fusion_builder_column_2_5 2_5 fusion-flex-column\" style=\"--awb-bg-size:cover;--awb-width-large:40%;--awb-margin-top-large:0px;--awb-spacing-right-large:4.8%;--awb-margin-bottom-large:20px;--awb-spacing-left-large:4.8%;--awb-width-medium:100%;--awb-order-medium:0;--awb-spacing-right-medium:1.92%;--awb-spacing-left-medium:1.92%;--awb-width-small:100%;--awb-order-small:0;--awb-spacing-right-small:1.92%;--awb-spacing-left-small:1.92%;\"><div class=\"fusion-column-wrapper fusion-column-has-shadow fusion-flex-justify-content-flex-start fusion-content-layout-column\"><div class=\"fusion-video fusion-selfhosted-video\" style=\"max-width:100%;\"><div class=\"video-wrapper\"><video playsinline=\"true\" width=\"100%\" style=\"object-fit: cover;\" autoplay=\"true\" muted=\"true\" loop=\"true\" preload=\"auto\"><source src=\"https:\/\/villa-pacetina.com\/wp-content\/uploads\/2023\/09\/IMG_4329-1.mov\" type=\"video\/mp4\">Sorry, your browser doesn&#039;t support embedded videos.<\/video><\/div><\/div><\/div><\/div><\/div><\/div>\n","protected":false},"excerpt":{"rendered":"","protected":false},"author":1,"featured_media":5968,"comment_status":"open","ping_status":"open","sticky":false,"template":"","format":"standard","meta":{"footnotes":""},"categories":[32],"tags":[],"class_list":["post-5894","post","type-post","status-publish","format-standard","has-post-thumbnail","hentry","category-uncategorized-sl"],"yoast_head":"<!-- This site is optimized with the Yoast SEO plugin v27.1.1 - https:\/\/yoast.com\/product\/yoast-seo-wordpress\/ -->\n<title>Novi najemniki v na\u0161i ograjeni nepremi\u010dnini - Villa Pa\u010detina<\/title>\n<meta name=\"robots\" content=\"index, follow, max-snippet:-1, max-image-preview:large, max-video-preview:-1\" \/>\n<link rel=\"canonical\" href=\"https:\/\/villa-pacetina.com\/sl\/novi-najemniki-v-nasi-ograjeni-nepremicnini\/\" \/>\n<meta property=\"og:locale\" content=\"sl_SI\" \/>\n<meta property=\"og:type\" content=\"article\" \/>\n<meta property=\"og:title\" content=\"Novi najemniki v na\u0161i ograjeni nepremi\u010dnini - Villa Pa\u010detina\" \/>\n<meta property=\"og:url\" content=\"https:\/\/villa-pacetina.com\/sl\/novi-najemniki-v-nasi-ograjeni-nepremicnini\/\" \/>\n<meta property=\"og:site_name\" content=\"Villa Pa\u010detina\" \/>\n<meta property=\"article:publisher\" content=\"https:\/\/www.facebook.com\/vilapacetina\/\" \/>\n<meta property=\"article:published_time\" content=\"2023-09-22T08:58:21+00:00\" \/>\n<meta property=\"article:modified_time\" content=\"2024-10-25T10:34:29+00:00\" \/>\n<meta property=\"og:image\" content=\"https:\/\/villa-pacetina.com\/wp-content\/uploads\/2023\/09\/villa-pacetina-zagorje.jpg\" \/>\n\t<meta property=\"og:image:width\" content=\"1980\" \/>\n\t<meta property=\"og:image:height\" content=\"1114\" \/>\n\t<meta property=\"og:image:type\" content=\"image\/jpeg\" \/>\n<meta name=\"author\" content=\"admin\" \/>\n<meta name=\"twitter:card\" content=\"summary_large_image\" \/>\n<meta name=\"twitter:label1\" content=\"Written by\" \/>\n\t<meta name=\"twitter:data1\" content=\"admin\" \/>\n\t<meta name=\"twitter:label2\" content=\"Est. reading time\" \/>\n\t<meta name=\"twitter:data2\" content=\"20 minut\" \/>\n<script type=\"application\/ld+json\" class=\"yoast-schema-graph\">{\"@context\":\"https:\/\/schema.org\",\"@graph\":[{\"@type\":\"Article\",\"@id\":\"https:\/\/villa-pacetina.com\/sl\/novi-najemniki-v-nasi-ograjeni-nepremicnini\/#article\",\"isPartOf\":{\"@id\":\"https:\/\/villa-pacetina.com\/sl\/novi-najemniki-v-nasi-ograjeni-nepremicnini\/\"},\"author\":{\"name\":\"admin\",\"@id\":\"https:\/\/villa-pacetina.com\/sl\/#\/schema\/person\/1c68f551c9ed88ed99f8be2a16ae526b\"},\"headline\":\"Novi najemniki v na\u0161i ograjeni nepremi\u010dnini\",\"datePublished\":\"2023-09-22T08:58:21+00:00\",\"dateModified\":\"2024-10-25T10:34:29+00:00\",\"mainEntityOfPage\":{\"@id\":\"https:\/\/villa-pacetina.com\/sl\/novi-najemniki-v-nasi-ograjeni-nepremicnini\/\"},\"wordCount\":3991,\"commentCount\":0,\"image\":{\"@id\":\"https:\/\/villa-pacetina.com\/sl\/novi-najemniki-v-nasi-ograjeni-nepremicnini\/#primaryimage\"},\"thumbnailUrl\":\"https:\/\/villa-pacetina.com\/wp-content\/uploads\/2023\/09\/villa-pacetina-zagorje.jpg\",\"articleSection\":[\"Uncategorized @sl\"],\"inLanguage\":\"sl-SI\",\"potentialAction\":[{\"@type\":\"CommentAction\",\"name\":\"Comment\",\"target\":[\"https:\/\/villa-pacetina.com\/sl\/novi-najemniki-v-nasi-ograjeni-nepremicnini\/#respond\"]}]},{\"@type\":\"WebPage\",\"@id\":\"https:\/\/villa-pacetina.com\/sl\/novi-najemniki-v-nasi-ograjeni-nepremicnini\/\",\"url\":\"https:\/\/villa-pacetina.com\/sl\/novi-najemniki-v-nasi-ograjeni-nepremicnini\/\",\"name\":\"Novi najemniki v na\u0161i ograjeni nepremi\u010dnini - Villa Pa\u010detina\",\"isPartOf\":{\"@id\":\"https:\/\/villa-pacetina.com\/sl\/#website\"},\"primaryImageOfPage\":{\"@id\":\"https:\/\/villa-pacetina.com\/sl\/novi-najemniki-v-nasi-ograjeni-nepremicnini\/#primaryimage\"},\"image\":{\"@id\":\"https:\/\/villa-pacetina.com\/sl\/novi-najemniki-v-nasi-ograjeni-nepremicnini\/#primaryimage\"},\"thumbnailUrl\":\"https:\/\/villa-pacetina.com\/wp-content\/uploads\/2023\/09\/villa-pacetina-zagorje.jpg\",\"datePublished\":\"2023-09-22T08:58:21+00:00\",\"dateModified\":\"2024-10-25T10:34:29+00:00\",\"author\":{\"@id\":\"https:\/\/villa-pacetina.com\/sl\/#\/schema\/person\/1c68f551c9ed88ed99f8be2a16ae526b\"},\"breadcrumb\":{\"@id\":\"https:\/\/villa-pacetina.com\/sl\/novi-najemniki-v-nasi-ograjeni-nepremicnini\/#breadcrumb\"},\"inLanguage\":\"sl-SI\",\"potentialAction\":[{\"@type\":\"ReadAction\",\"target\":[\"https:\/\/villa-pacetina.com\/sl\/novi-najemniki-v-nasi-ograjeni-nepremicnini\/\"]}]},{\"@type\":\"ImageObject\",\"inLanguage\":\"sl-SI\",\"@id\":\"https:\/\/villa-pacetina.com\/sl\/novi-najemniki-v-nasi-ograjeni-nepremicnini\/#primaryimage\",\"url\":\"https:\/\/villa-pacetina.com\/wp-content\/uploads\/2023\/09\/villa-pacetina-zagorje.jpg\",\"contentUrl\":\"https:\/\/villa-pacetina.com\/wp-content\/uploads\/2023\/09\/villa-pacetina-zagorje.jpg\",\"width\":1980,\"height\":1114},{\"@type\":\"BreadcrumbList\",\"@id\":\"https:\/\/villa-pacetina.com\/sl\/novi-najemniki-v-nasi-ograjeni-nepremicnini\/#breadcrumb\",\"itemListElement\":[{\"@type\":\"ListItem\",\"position\":1,\"name\":\"Po\u010detna stranica\",\"item\":\"https:\/\/villa-pacetina.com\/sl\/prednja-stran\/\"},{\"@type\":\"ListItem\",\"position\":2,\"name\":\"Novi najemniki v na\u0161i ograjeni nepremi\u010dnini\"}]},{\"@type\":\"WebSite\",\"@id\":\"https:\/\/villa-pacetina.com\/sl\/#website\",\"url\":\"https:\/\/villa-pacetina.com\/sl\/\",\"name\":\"Villa Pa\u010detina\",\"description\":\"Idealno mjesto za odmor, u oazi mira i zelenilu\",\"potentialAction\":[{\"@type\":\"SearchAction\",\"target\":{\"@type\":\"EntryPoint\",\"urlTemplate\":\"https:\/\/villa-pacetina.com\/sl\/?s={search_term_string}\"},\"query-input\":{\"@type\":\"PropertyValueSpecification\",\"valueRequired\":true,\"valueName\":\"search_term_string\"}}],\"inLanguage\":\"sl-SI\"},{\"@type\":\"Person\",\"@id\":\"https:\/\/villa-pacetina.com\/sl\/#\/schema\/person\/1c68f551c9ed88ed99f8be2a16ae526b\",\"name\":\"admin\",\"image\":{\"@type\":\"ImageObject\",\"inLanguage\":\"sl-SI\",\"@id\":\"https:\/\/villa-pacetina.com\/sl\/#\/schema\/person\/image\/\",\"url\":\"https:\/\/secure.gravatar.com\/avatar\/f98ec6756cb20d61f922dfb50f66c1bb9dc60bbcf7b8ab4672001b466ee773f8?s=96&d=mm&r=g\",\"contentUrl\":\"https:\/\/secure.gravatar.com\/avatar\/f98ec6756cb20d61f922dfb50f66c1bb9dc60bbcf7b8ab4672001b466ee773f8?s=96&d=mm&r=g\",\"caption\":\"admin\"},\"sameAs\":[\"https:\/\/villa-pacetina.com\"],\"url\":\"https:\/\/villa-pacetina.com\/sl\/author\/admin\/\"}]}<\/script>\n<!-- \/ Yoast SEO plugin. -->","yoast_head_json":{"title":"Novi najemniki v na\u0161i ograjeni nepremi\u010dnini - Villa Pa\u010detina","robots":{"index":"index","follow":"follow","max-snippet":"max-snippet:-1","max-image-preview":"max-image-preview:large","max-video-preview":"max-video-preview:-1"},"canonical":"https:\/\/villa-pacetina.com\/sl\/novi-najemniki-v-nasi-ograjeni-nepremicnini\/","og_locale":"sl_SI","og_type":"article","og_title":"Novi najemniki v na\u0161i ograjeni nepremi\u010dnini - Villa Pa\u010detina","og_url":"https:\/\/villa-pacetina.com\/sl\/novi-najemniki-v-nasi-ograjeni-nepremicnini\/","og_site_name":"Villa Pa\u010detina","article_publisher":"https:\/\/www.facebook.com\/vilapacetina\/","article_published_time":"2023-09-22T08:58:21+00:00","article_modified_time":"2024-10-25T10:34:29+00:00","og_image":[{"width":1980,"height":1114,"url":"https:\/\/villa-pacetina.com\/wp-content\/uploads\/2023\/09\/villa-pacetina-zagorje.jpg","type":"image\/jpeg"}],"author":"admin","twitter_card":"summary_large_image","twitter_misc":{"Written by":"admin","Est. reading time":"20 minut"},"schema":{"@context":"https:\/\/schema.org","@graph":[{"@type":"Article","@id":"https:\/\/villa-pacetina.com\/sl\/novi-najemniki-v-nasi-ograjeni-nepremicnini\/#article","isPartOf":{"@id":"https:\/\/villa-pacetina.com\/sl\/novi-najemniki-v-nasi-ograjeni-nepremicnini\/"},"author":{"name":"admin","@id":"https:\/\/villa-pacetina.com\/sl\/#\/schema\/person\/1c68f551c9ed88ed99f8be2a16ae526b"},"headline":"Novi najemniki v na\u0161i ograjeni nepremi\u010dnini","datePublished":"2023-09-22T08:58:21+00:00","dateModified":"2024-10-25T10:34:29+00:00","mainEntityOfPage":{"@id":"https:\/\/villa-pacetina.com\/sl\/novi-najemniki-v-nasi-ograjeni-nepremicnini\/"},"wordCount":3991,"commentCount":0,"image":{"@id":"https:\/\/villa-pacetina.com\/sl\/novi-najemniki-v-nasi-ograjeni-nepremicnini\/#primaryimage"},"thumbnailUrl":"https:\/\/villa-pacetina.com\/wp-content\/uploads\/2023\/09\/villa-pacetina-zagorje.jpg","articleSection":["Uncategorized @sl"],"inLanguage":"sl-SI","potentialAction":[{"@type":"CommentAction","name":"Comment","target":["https:\/\/villa-pacetina.com\/sl\/novi-najemniki-v-nasi-ograjeni-nepremicnini\/#respond"]}]},{"@type":"WebPage","@id":"https:\/\/villa-pacetina.com\/sl\/novi-najemniki-v-nasi-ograjeni-nepremicnini\/","url":"https:\/\/villa-pacetina.com\/sl\/novi-najemniki-v-nasi-ograjeni-nepremicnini\/","name":"Novi najemniki v na\u0161i ograjeni nepremi\u010dnini - Villa Pa\u010detina","isPartOf":{"@id":"https:\/\/villa-pacetina.com\/sl\/#website"},"primaryImageOfPage":{"@id":"https:\/\/villa-pacetina.com\/sl\/novi-najemniki-v-nasi-ograjeni-nepremicnini\/#primaryimage"},"image":{"@id":"https:\/\/villa-pacetina.com\/sl\/novi-najemniki-v-nasi-ograjeni-nepremicnini\/#primaryimage"},"thumbnailUrl":"https:\/\/villa-pacetina.com\/wp-content\/uploads\/2023\/09\/villa-pacetina-zagorje.jpg","datePublished":"2023-09-22T08:58:21+00:00","dateModified":"2024-10-25T10:34:29+00:00","author":{"@id":"https:\/\/villa-pacetina.com\/sl\/#\/schema\/person\/1c68f551c9ed88ed99f8be2a16ae526b"},"breadcrumb":{"@id":"https:\/\/villa-pacetina.com\/sl\/novi-najemniki-v-nasi-ograjeni-nepremicnini\/#breadcrumb"},"inLanguage":"sl-SI","potentialAction":[{"@type":"ReadAction","target":["https:\/\/villa-pacetina.com\/sl\/novi-najemniki-v-nasi-ograjeni-nepremicnini\/"]}]},{"@type":"ImageObject","inLanguage":"sl-SI","@id":"https:\/\/villa-pacetina.com\/sl\/novi-najemniki-v-nasi-ograjeni-nepremicnini\/#primaryimage","url":"https:\/\/villa-pacetina.com\/wp-content\/uploads\/2023\/09\/villa-pacetina-zagorje.jpg","contentUrl":"https:\/\/villa-pacetina.com\/wp-content\/uploads\/2023\/09\/villa-pacetina-zagorje.jpg","width":1980,"height":1114},{"@type":"BreadcrumbList","@id":"https:\/\/villa-pacetina.com\/sl\/novi-najemniki-v-nasi-ograjeni-nepremicnini\/#breadcrumb","itemListElement":[{"@type":"ListItem","position":1,"name":"Po\u010detna stranica","item":"https:\/\/villa-pacetina.com\/sl\/prednja-stran\/"},{"@type":"ListItem","position":2,"name":"Novi najemniki v na\u0161i ograjeni nepremi\u010dnini"}]},{"@type":"WebSite","@id":"https:\/\/villa-pacetina.com\/sl\/#website","url":"https:\/\/villa-pacetina.com\/sl\/","name":"Villa Pa\u010detina","description":"Idealno mjesto za odmor, u oazi mira i zelenilu","potentialAction":[{"@type":"SearchAction","target":{"@type":"EntryPoint","urlTemplate":"https:\/\/villa-pacetina.com\/sl\/?s={search_term_string}"},"query-input":{"@type":"PropertyValueSpecification","valueRequired":true,"valueName":"search_term_string"}}],"inLanguage":"sl-SI"},{"@type":"Person","@id":"https:\/\/villa-pacetina.com\/sl\/#\/schema\/person\/1c68f551c9ed88ed99f8be2a16ae526b","name":"admin","image":{"@type":"ImageObject","inLanguage":"sl-SI","@id":"https:\/\/villa-pacetina.com\/sl\/#\/schema\/person\/image\/","url":"https:\/\/secure.gravatar.com\/avatar\/f98ec6756cb20d61f922dfb50f66c1bb9dc60bbcf7b8ab4672001b466ee773f8?s=96&d=mm&r=g","contentUrl":"https:\/\/secure.gravatar.com\/avatar\/f98ec6756cb20d61f922dfb50f66c1bb9dc60bbcf7b8ab4672001b466ee773f8?s=96&d=mm&r=g","caption":"admin"},"sameAs":["https:\/\/villa-pacetina.com"],"url":"https:\/\/villa-pacetina.com\/sl\/author\/admin\/"}]}},"_links":{"self":[{"href":"https:\/\/villa-pacetina.com\/sl\/wp-json\/wp\/v2\/posts\/5894","targetHints":{"allow":["GET"]}}],"collection":[{"href":"https:\/\/villa-pacetina.com\/sl\/wp-json\/wp\/v2\/posts"}],"about":[{"href":"https:\/\/villa-pacetina.com\/sl\/wp-json\/wp\/v2\/types\/post"}],"author":[{"embeddable":true,"href":"https:\/\/villa-pacetina.com\/sl\/wp-json\/wp\/v2\/users\/1"}],"replies":[{"embeddable":true,"href":"https:\/\/villa-pacetina.com\/sl\/wp-json\/wp\/v2\/comments?post=5894"}],"version-history":[{"count":0,"href":"https:\/\/villa-pacetina.com\/sl\/wp-json\/wp\/v2\/posts\/5894\/revisions"}],"wp:featuredmedia":[{"embeddable":true,"href":"https:\/\/villa-pacetina.com\/sl\/wp-json\/wp\/v2\/media\/5968"}],"wp:attachment":[{"href":"https:\/\/villa-pacetina.com\/sl\/wp-json\/wp\/v2\/media?parent=5894"}],"wp:term":[{"taxonomy":"category","embeddable":true,"href":"https:\/\/villa-pacetina.com\/sl\/wp-json\/wp\/v2\/categories?post=5894"},{"taxonomy":"post_tag","embeddable":true,"href":"https:\/\/villa-pacetina.com\/sl\/wp-json\/wp\/v2\/tags?post=5894"}],"curies":[{"name":"wp","href":"https:\/\/api.w.org\/{rel}","templated":true}]}}