{"id":6138,"date":"2023-10-03T12:20:24","date_gmt":"2023-10-03T12:20:24","guid":{"rendered":"https:\/\/villa-pacetina.com\/jesen-v-villi-pacetina-razkosna-oaza-v-srediscu-hrvaskega-zagorja\/"},"modified":"2024-10-25T10:35:58","modified_gmt":"2024-10-25T10:35:58","slug":"jesen-v-villi-pacetina-razkosna-oaza-v-srediscu-hrvaskega-zagorja","status":"publish","type":"post","link":"https:\/\/villa-pacetina.com\/sl\/jesen-v-villi-pacetina-razkosna-oaza-v-srediscu-hrvaskega-zagorja\/","title":{"rendered":"Jesen v Villi Pa\u010detina: razko\u0161na oaza v sredi\u0161\u010du hrva\u0161kega Zagorja"},"content":{"rendered":"<div class=\"fusion-fullwidth fullwidth-box fusion-builder-row-1 fusion-flex-container has-pattern-background has-mask-background nonhundred-percent-fullwidth non-hundred-percent-height-scrolling\" style=\"--awb-border-radius-top-left:0px;--awb-border-radius-top-right:0px;--awb-border-radius-bottom-right:0px;--awb-border-radius-bottom-left:0px;--awb-padding-top:0px;--awb-margin-top:0px;--awb-flex-wrap:wrap;\" ><div class=\"fusion-builder-row fusion-row fusion-flex-align-items-flex-start fusion-flex-content-wrap\" style=\"max-width:1300px;margin-left: calc(-4% \/ 2 );margin-right: calc(-4% \/ 2 );\"><div class=\"fusion-layout-column fusion_builder_column fusion-builder-column-0 fusion_builder_column_1_1 1_1 fusion-flex-column\" style=\"--awb-bg-size:cover;--awb-width-large:100%;--awb-margin-top-large:0px;--awb-spacing-right-large:1.92%;--awb-margin-bottom-large:20px;--awb-spacing-left-large:1.92%;--awb-width-medium:100%;--awb-order-medium:0;--awb-spacing-right-medium:1.92%;--awb-spacing-left-medium:1.92%;--awb-width-small:100%;--awb-order-small:0;--awb-spacing-right-small:1.92%;--awb-spacing-left-small:1.92%;\"><div class=\"fusion-column-wrapper fusion-column-has-shadow fusion-flex-justify-content-flex-start fusion-content-layout-column\"><div class=\"fusion-builder-row fusion-builder-row-inner fusion-row fusion-flex-align-items-flex-start fusion-flex-content-wrap\" style=\"width:104% !important;max-width:104% !important;margin-left: calc(-4% \/ 2 );margin-right: calc(-4% \/ 2 );\"><div class=\"fusion-layout-column fusion_builder_column_inner fusion-builder-nested-column-0 fusion_builder_column_inner_1_1 1_1 fusion-flex-column\" style=\"--awb-bg-size:cover;--awb-width-large:100%;--awb-margin-top-large:0px;--awb-spacing-right-large:1.92%;--awb-margin-bottom-large:20px;--awb-spacing-left-large:1.92%;--awb-width-medium:100%;--awb-order-medium:0;--awb-spacing-right-medium:1.92%;--awb-spacing-left-medium:1.92%;--awb-width-small:100%;--awb-order-small:0;--awb-spacing-right-small:1.92%;--awb-spacing-left-small:1.92%;\"><div class=\"fusion-column-wrapper fusion-column-has-shadow fusion-flex-justify-content-flex-start fusion-content-layout-column\"><div class=\"fusion-title title fusion-title-1 fusion-title-center fusion-title-text fusion-title-size-two\" style=\"--awb-margin-bottom:0px;--awb-margin-bottom-small:0px;--awb-font-size:var(--awb-typography2-font-size);\"><div class=\"title-sep-container title-sep-container-left\"><div class=\"title-sep sep- sep-solid\" style=\"border-color:var(--awb-color3);\"><\/div><\/div><span class=\"awb-title-spacer\"><\/span><h2 class=\"fusion-title-heading title-heading-center fusion-responsive-typography-calculated\" style=\"font-family:var(--awb-typography2-font-family);font-weight:var(--awb-typography2-font-weight);font-style:var(--awb-typography2-font-style);margin:0;font-size:1em;letter-spacing:var(--awb-typography2-letter-spacing);text-transform:var(--awb-typography2-text-transform);--fontSize:13;--minFontSize:13;line-height:var(--awb-typography2-line-height);\">Vila Pa\u010detina<\/h2><span class=\"awb-title-spacer\"><\/span><div class=\"title-sep-container title-sep-container-right\"><div class=\"title-sep sep- sep-solid\" style=\"border-color:var(--awb-color3);\"><\/div><\/div><\/div><div class=\"fusion-title title fusion-title-2 fusion-title-center fusion-title-text fusion-title-size-one\" style=\"--awb-margin-bottom-small:15px;--awb-font-size:46px;\"><div class=\"title-sep-container title-sep-container-left\"><div class=\"title-sep sep- sep-solid\" style=\"border-color:var(--awb-color3);\"><\/div><\/div><span class=\"awb-title-spacer\"><\/span><h1 class=\"fusion-title-heading title-heading-center fusion-responsive-typography-calculated\" style=\"margin:0;font-size:1em;text-transform:none;--fontSize:46;line-height:var(--awb-typography1-line-height);\">Jesen v Villi Pa\u010detina: razko\u0161na oaza v sredi\u0161\u010du hrva\u0161kega Zagorja<\/h1><span class=\"awb-title-spacer\"><\/span><div class=\"title-sep-container title-sep-container-right\"><div class=\"title-sep sep- sep-solid\" style=\"border-color:var(--awb-color3);\"><\/div><\/div><\/div><\/div><\/div><\/div><\/div><\/div><div class=\"fusion-layout-column fusion_builder_column fusion-builder-column-1 fusion_builder_column_1_1 1_1 fusion-flex-column\" style=\"--awb-bg-size:cover;--awb-width-large:100%;--awb-margin-top-large:0px;--awb-spacing-right-large:1.92%;--awb-margin-bottom-large:20px;--awb-spacing-left-large:1.92%;--awb-width-medium:100%;--awb-order-medium:0;--awb-spacing-right-medium:1.92%;--awb-spacing-left-medium:1.92%;--awb-width-small:100%;--awb-order-small:0;--awb-spacing-right-small:1.92%;--awb-spacing-left-small:1.92%;\"><div class=\"fusion-column-wrapper fusion-column-has-shadow fusion-flex-justify-content-flex-start fusion-content-layout-column\"><div class=\"fusion-image-element \" style=\"--awb-margin-bottom:50px;--awb-caption-title-font-family:var(--h2_typography-font-family);--awb-caption-title-font-weight:var(--h2_typography-font-weight);--awb-caption-title-font-style:var(--h2_typography-font-style);--awb-caption-title-size:var(--h2_typography-font-size);--awb-caption-title-transform:var(--h2_typography-text-transform);--awb-caption-title-line-height:var(--h2_typography-line-height);--awb-caption-title-letter-spacing:var(--h2_typography-letter-spacing);\"><span class=\" fusion-imageframe imageframe-none imageframe-1 hover-type-none\"><img decoding=\"async\" width=\"1980\" height=\"562\" title=\"villa pa\u010detina &#8211; ku\u0107e za odmor zagorje s bazenom\" src=\"https:\/\/villa-pacetina.com\/wp-content\/uploads\/2023\/10\/villa-pacetina-kuce-za-odmor-zagorje-s-bazenom.jpg\" data-orig-src=\"https:\/\/villa-pacetina.com\/wp-content\/uploads\/2023\/10\/villa-pacetina-kuce-za-odmor-zagorje-s-bazenom.jpg\" alt class=\"lazyload img-responsive wp-image-5928\" srcset=\"data:image\/svg+xml,%3Csvg%20xmlns%3D%27http%3A%2F%2Fwww.w3.org%2F2000%2Fsvg%27%20width%3D%271980%27%20height%3D%27562%27%20viewBox%3D%270%200%201980%20562%27%3E%3Crect%20width%3D%271980%27%20height%3D%27562%27%20fill-opacity%3D%220%22%2F%3E%3C%2Fsvg%3E\" data-srcset=\"https:\/\/villa-pacetina.com\/wp-content\/uploads\/2023\/10\/villa-pacetina-kuce-za-odmor-zagorje-s-bazenom-200x57.jpg 200w, https:\/\/villa-pacetina.com\/wp-content\/uploads\/2023\/10\/villa-pacetina-kuce-za-odmor-zagorje-s-bazenom-400x114.jpg 400w, https:\/\/villa-pacetina.com\/wp-content\/uploads\/2023\/10\/villa-pacetina-kuce-za-odmor-zagorje-s-bazenom-600x170.jpg 600w, https:\/\/villa-pacetina.com\/wp-content\/uploads\/2023\/10\/villa-pacetina-kuce-za-odmor-zagorje-s-bazenom-800x227.jpg 800w, https:\/\/villa-pacetina.com\/wp-content\/uploads\/2023\/10\/villa-pacetina-kuce-za-odmor-zagorje-s-bazenom-1200x341.jpg 1200w, https:\/\/villa-pacetina.com\/wp-content\/uploads\/2023\/10\/villa-pacetina-kuce-za-odmor-zagorje-s-bazenom.jpg 1980w\" data-sizes=\"auto\" data-orig-sizes=\"(max-width: 1024px) 100vw, (max-width: 640px) 100vw, 1980px\" \/><\/span><\/div><div class=\"fusion-text fusion-text-1\"><p>Le 30 minut vo\u017enje iz Zagreba in 20 minut od meje s Slovenijo se nahajajo vile Pa\u010detina. Ekskluzivne vile na \u010dudovitem polo\u017enem gri\u010du, v popolni osami, obdane z gozdom. To so neverjetni nastanitveni objekti, ki vam omogo\u010dajo, da do\u017eivite \u010darobnost jeseni na edinstven na\u010din. V tem besedilu bomo raziskali, kako jesen skozi fotogalerijo prina\u0161a posebno \u010darobnost Vili Pa\u010detin.<\/p>\n<p><strong>Jesen v Villi Pa\u010detina: slikovita sezona<\/strong><\/p>\n<p>Jesen je ve\u010dni navdih za ljubitelje narave, v Villi Pa\u010detina pa lahko ta navdih do\u017eivite na najbolj\u0161i na\u010din. Oglejte si na\u0161e najnovej\u0161e fotografije, ki prikazujejo, kako ta sezona spremeni okolico vil v pravo \u010darobnost barv in vonjav.<\/p>\n<p>V miru, ti\u0161ini, zelenju in prijetnem ambientu luksuznih po\u010ditni\u0161kih hi\u0161 boste do\u017eiveli nepozabne trenutke sprostitve. Jesen je idealen \u010das za sprehode po okoli\u0161kih gozdovih in sadovnjakih. U\u017eivajte na sve\u017eem in \u010distem zraku, medtem ko pobirate sadje iz bli\u017enjih sadovnjakov. Poleg tega Villa Pa\u010detina ponuja \u0161tevilne mo\u017enosti za aktivnosti na prostem, kot sta pohodni\u0161tvo in kolesarjenje, kar vam omogo\u010da, da se popolnoma pove\u017eete z naravo.<\/p>\n<p>Glede na \u0161tevilne naravne vire in novej\u0161o infrastrukturo Hrva\u0161ko Zagorje in okoli\u0161ka mesta ponujajo \u0161tevilne aktivnosti. \u010ce pa upo\u0161tevamo, da se Vile Pa\u010detina nahajajo v samem srcu Hrva\u0161kega Zagorja, boste dobili idealno kombinacijo za za\u010detek aktivnega dopusta v naravi.<\/p>\n<\/div><div class=\"awb-gallery-wrapper awb-gallery-wrapper-1 button-span-no\" style=\"--more-btn-alignment:center;margin-top:20px;margin-bottom:30px;\"><div style=\"margin:-5px;--awb-bordersize:0px;\" class=\"fusion-gallery fusion-gallery-container fusion-grid-4 fusion-columns-total-4 fusion-gallery-layout-grid fusion-gallery-1\"><div style=\"padding:5px;\" class=\"fusion-grid-column fusion-gallery-column fusion-gallery-column-4\"><div class=\"fusion-gallery-image fusion-gallery-image-liftup\"><a href=\"https:\/\/villa-pacetina.com\/wp-content\/uploads\/2023\/11\/villa-pacetina-ville-i-kuce-s-bazenom-zagorje-2.jpg\" rel=\"noreferrer\" data-rel=\"iLightbox[gallery_image_1]\" class=\"fusion-lightbox\" target=\"_self\"><img decoding=\"async\" src=\"https:\/\/villa-pacetina.com\/wp-content\/uploads\/2023\/11\/villa-pacetina-ville-i-kuce-s-bazenom-zagorje-2.jpg\" data-orig-src=\"https:\/\/villa-pacetina.com\/wp-content\/uploads\/2023\/11\/villa-pacetina-ville-i-kuce-s-bazenom-zagorje-2.jpg\" width=\"2000\" height=\"1333\" alt=\"\" title=\"villa pa\u010detina &#8211; ville i ku\u0107e s bazenom zagorje (2)\" aria-label=\"villa pa\u010detina &#8211; ville i ku\u0107e s bazenom zagorje (2)\" class=\"lazyload img-responsive wp-image-6047\" srcset=\"data:image\/svg+xml,%3Csvg%20xmlns%3D%27http%3A%2F%2Fwww.w3.org%2F2000%2Fsvg%27%20width%3D%272000%27%20height%3D%271333%27%20viewBox%3D%270%200%202000%201333%27%3E%3Crect%20width%3D%272000%27%20height%3D%271333%27%20fill-opacity%3D%220%22%2F%3E%3C%2Fsvg%3E\" data-srcset=\"https:\/\/villa-pacetina.com\/wp-content\/uploads\/2023\/11\/villa-pacetina-ville-i-kuce-s-bazenom-zagorje-2-200x133.jpg 200w, https:\/\/villa-pacetina.com\/wp-content\/uploads\/2023\/11\/villa-pacetina-ville-i-kuce-s-bazenom-zagorje-2-400x267.jpg 400w, https:\/\/villa-pacetina.com\/wp-content\/uploads\/2023\/11\/villa-pacetina-ville-i-kuce-s-bazenom-zagorje-2-600x400.jpg 600w, https:\/\/villa-pacetina.com\/wp-content\/uploads\/2023\/11\/villa-pacetina-ville-i-kuce-s-bazenom-zagorje-2-800x533.jpg 800w, https:\/\/villa-pacetina.com\/wp-content\/uploads\/2023\/11\/villa-pacetina-ville-i-kuce-s-bazenom-zagorje-2-1200x800.jpg 1200w, https:\/\/villa-pacetina.com\/wp-content\/uploads\/2023\/11\/villa-pacetina-ville-i-kuce-s-bazenom-zagorje-2.jpg 2000w\" data-sizes=\"auto\" data-orig-sizes=\"(min-width: 2200px) 100vw, (min-width: 915px) 309px, (min-width: 824px) 412px, (min-width: 732px) 618px, (min-width: 640px) 732px, \" \/><\/a><\/div><\/div><div style=\"padding:5px;\" class=\"fusion-grid-column fusion-gallery-column fusion-gallery-column-4\"><div class=\"fusion-gallery-image fusion-gallery-image-liftup\"><a href=\"https:\/\/villa-pacetina.com\/wp-content\/uploads\/2023\/11\/villa-pacetina-ville-i-kuce-s-bazenom-zagorje-4.jpg\" rel=\"noreferrer\" data-rel=\"iLightbox[gallery_image_1]\" class=\"fusion-lightbox\" target=\"_self\"><img decoding=\"async\" src=\"https:\/\/villa-pacetina.com\/wp-content\/uploads\/2023\/11\/villa-pacetina-ville-i-kuce-s-bazenom-zagorje-4.jpg\" data-orig-src=\"https:\/\/villa-pacetina.com\/wp-content\/uploads\/2023\/11\/villa-pacetina-ville-i-kuce-s-bazenom-zagorje-4.jpg\" width=\"2000\" height=\"1333\" alt=\"\" title=\"villa pa\u010detina &#8211; ville i ku\u0107e s bazenom zagorje (4)\" aria-label=\"villa pa\u010detina &#8211; ville i ku\u0107e s bazenom zagorje (4)\" class=\"lazyload img-responsive wp-image-6057\" srcset=\"data:image\/svg+xml,%3Csvg%20xmlns%3D%27http%3A%2F%2Fwww.w3.org%2F2000%2Fsvg%27%20width%3D%272000%27%20height%3D%271333%27%20viewBox%3D%270%200%202000%201333%27%3E%3Crect%20width%3D%272000%27%20height%3D%271333%27%20fill-opacity%3D%220%22%2F%3E%3C%2Fsvg%3E\" data-srcset=\"https:\/\/villa-pacetina.com\/wp-content\/uploads\/2023\/11\/villa-pacetina-ville-i-kuce-s-bazenom-zagorje-4-200x133.jpg 200w, https:\/\/villa-pacetina.com\/wp-content\/uploads\/2023\/11\/villa-pacetina-ville-i-kuce-s-bazenom-zagorje-4-400x267.jpg 400w, https:\/\/villa-pacetina.com\/wp-content\/uploads\/2023\/11\/villa-pacetina-ville-i-kuce-s-bazenom-zagorje-4-600x400.jpg 600w, https:\/\/villa-pacetina.com\/wp-content\/uploads\/2023\/11\/villa-pacetina-ville-i-kuce-s-bazenom-zagorje-4-800x533.jpg 800w, https:\/\/villa-pacetina.com\/wp-content\/uploads\/2023\/11\/villa-pacetina-ville-i-kuce-s-bazenom-zagorje-4-1200x800.jpg 1200w, https:\/\/villa-pacetina.com\/wp-content\/uploads\/2023\/11\/villa-pacetina-ville-i-kuce-s-bazenom-zagorje-4.jpg 2000w\" data-sizes=\"auto\" data-orig-sizes=\"(min-width: 2200px) 100vw, (min-width: 915px) 309px, (min-width: 824px) 412px, (min-width: 732px) 618px, (min-width: 640px) 732px, \" \/><\/a><\/div><\/div><div style=\"padding:5px;\" class=\"fusion-grid-column fusion-gallery-column fusion-gallery-column-4\"><div class=\"fusion-gallery-image fusion-gallery-image-liftup\"><a href=\"https:\/\/villa-pacetina.com\/wp-content\/uploads\/2023\/11\/villa-pacetina-ville-i-kuce-s-bazenom-zagorje.jpg\" rel=\"noreferrer\" data-rel=\"iLightbox[gallery_image_1]\" class=\"fusion-lightbox\" target=\"_self\"><img decoding=\"async\" src=\"https:\/\/villa-pacetina.com\/wp-content\/uploads\/2023\/11\/villa-pacetina-ville-i-kuce-s-bazenom-zagorje.jpg\" data-orig-src=\"https:\/\/villa-pacetina.com\/wp-content\/uploads\/2023\/11\/villa-pacetina-ville-i-kuce-s-bazenom-zagorje.jpg\" width=\"2000\" height=\"1332\" alt=\"\" title=\"villa pa\u010detina &#8211; ville i ku\u0107e s bazenom zagorje\" aria-label=\"villa pa\u010detina &#8211; ville i ku\u0107e s bazenom zagorje\" class=\"lazyload img-responsive wp-image-6062\" srcset=\"data:image\/svg+xml,%3Csvg%20xmlns%3D%27http%3A%2F%2Fwww.w3.org%2F2000%2Fsvg%27%20width%3D%272000%27%20height%3D%271332%27%20viewBox%3D%270%200%202000%201332%27%3E%3Crect%20width%3D%272000%27%20height%3D%271332%27%20fill-opacity%3D%220%22%2F%3E%3C%2Fsvg%3E\" data-srcset=\"https:\/\/villa-pacetina.com\/wp-content\/uploads\/2023\/11\/villa-pacetina-ville-i-kuce-s-bazenom-zagorje-200x133.jpg 200w, https:\/\/villa-pacetina.com\/wp-content\/uploads\/2023\/11\/villa-pacetina-ville-i-kuce-s-bazenom-zagorje-400x266.jpg 400w, https:\/\/villa-pacetina.com\/wp-content\/uploads\/2023\/11\/villa-pacetina-ville-i-kuce-s-bazenom-zagorje-600x400.jpg 600w, https:\/\/villa-pacetina.com\/wp-content\/uploads\/2023\/11\/villa-pacetina-ville-i-kuce-s-bazenom-zagorje-800x533.jpg 800w, https:\/\/villa-pacetina.com\/wp-content\/uploads\/2023\/11\/villa-pacetina-ville-i-kuce-s-bazenom-zagorje-1200x799.jpg 1200w, https:\/\/villa-pacetina.com\/wp-content\/uploads\/2023\/11\/villa-pacetina-ville-i-kuce-s-bazenom-zagorje.jpg 2000w\" data-sizes=\"auto\" data-orig-sizes=\"(min-width: 2200px) 100vw, (min-width: 915px) 309px, (min-width: 824px) 412px, (min-width: 732px) 618px, (min-width: 640px) 732px, \" \/><\/a><\/div><\/div><div style=\"padding:5px;\" class=\"fusion-grid-column fusion-gallery-column fusion-gallery-column-4\"><div class=\"fusion-gallery-image fusion-gallery-image-liftup\"><a href=\"https:\/\/villa-pacetina.com\/wp-content\/uploads\/2023\/11\/villa-pacetina-ville-i-kuce-s-bazenom-zagorje-1.jpg\" rel=\"noreferrer\" data-rel=\"iLightbox[gallery_image_1]\" class=\"fusion-lightbox\" target=\"_self\"><img decoding=\"async\" src=\"https:\/\/villa-pacetina.com\/wp-content\/uploads\/2023\/11\/villa-pacetina-ville-i-kuce-s-bazenom-zagorje-1.jpg\" data-orig-src=\"https:\/\/villa-pacetina.com\/wp-content\/uploads\/2023\/11\/villa-pacetina-ville-i-kuce-s-bazenom-zagorje-1.jpg\" width=\"2000\" height=\"1332\" alt=\"\" title=\"villa pa\u010detina &#8211; ville i ku\u0107e s bazenom zagorje (1)\" aria-label=\"villa pa\u010detina &#8211; ville i ku\u0107e s bazenom zagorje (1)\" class=\"lazyload img-responsive wp-image-6067\" srcset=\"data:image\/svg+xml,%3Csvg%20xmlns%3D%27http%3A%2F%2Fwww.w3.org%2F2000%2Fsvg%27%20width%3D%272000%27%20height%3D%271332%27%20viewBox%3D%270%200%202000%201332%27%3E%3Crect%20width%3D%272000%27%20height%3D%271332%27%20fill-opacity%3D%220%22%2F%3E%3C%2Fsvg%3E\" data-srcset=\"https:\/\/villa-pacetina.com\/wp-content\/uploads\/2023\/11\/villa-pacetina-ville-i-kuce-s-bazenom-zagorje-1-200x133.jpg 200w, https:\/\/villa-pacetina.com\/wp-content\/uploads\/2023\/11\/villa-pacetina-ville-i-kuce-s-bazenom-zagorje-1-400x266.jpg 400w, https:\/\/villa-pacetina.com\/wp-content\/uploads\/2023\/11\/villa-pacetina-ville-i-kuce-s-bazenom-zagorje-1-600x400.jpg 600w, https:\/\/villa-pacetina.com\/wp-content\/uploads\/2023\/11\/villa-pacetina-ville-i-kuce-s-bazenom-zagorje-1-800x533.jpg 800w, https:\/\/villa-pacetina.com\/wp-content\/uploads\/2023\/11\/villa-pacetina-ville-i-kuce-s-bazenom-zagorje-1-1200x799.jpg 1200w, https:\/\/villa-pacetina.com\/wp-content\/uploads\/2023\/11\/villa-pacetina-ville-i-kuce-s-bazenom-zagorje-1.jpg 2000w\" data-sizes=\"auto\" data-orig-sizes=\"(min-width: 2200px) 100vw, (min-width: 915px) 309px, (min-width: 824px) 412px, (min-width: 732px) 618px, (min-width: 640px) 732px, \" \/><\/a><\/div><\/div><div class=\"clearfix\"><\/div><\/div><\/div><div class=\"fusion-text fusion-text-2\"><p><strong>Aktivne po\u010ditnice in zabava v bli\u017eini<\/strong><\/p>\n<p>Villa Pa\u010detina ni le kraj sprostitve, temve\u010d tudi odli\u010dno izhodi\u0161\u010de za raziskovanje okoli\u0161kih znamenitosti. V bli\u017eini po\u010ditni\u0161kih hi\u0161k Villa Pa\u010detina lahko do\u017eivite skoraj vse &#8211; od brezskrbnega sprehoda po neokrnjeni naravi na sve\u017eem in \u010distem zraku do razli\u010dnih \u0161portov in zabave. Zato so idealen kraj za po\u010ditnice z dru\u017eino ali prijatelji, poslovna sre\u010danja in dogodke, team buildinge, organizirana sre\u010danja, strokovna sre\u010danja in predstavitve.<\/p>\n<p>U\u017eivajte v \u0161tevilnih aktivnostih in raznolikih vsebinah, tako kulturnih kot gastronomskih, ki jih ponuja Hrva\u0161ko Zagorje. Obi\u0161\u010dite lokalne restavracije in poskusite tradicionalne jedi z okusom jeseni. Prav tako razi\u0161\u010dite bli\u017enje znamenitosti, muzeje in kulturne dogodke, zaradi katerih je to obmo\u010dje edinstveno.<\/p>\n<p>Jesen v Villi Pa\u010detina prina\u0161a harmonijo med razko\u0161jem in naravo ter ponuja nepozabno do\u017eivetje, ki si ga boste \u0161e dolgo zapomnili. Rezervirajte svoje bivanje in do\u017eivite to \u010darobnost iz prve roke.<\/p>\n<\/div><\/div><\/div><\/div><\/div>\n","protected":false},"excerpt":{"rendered":"","protected":false},"author":1,"featured_media":6079,"comment_status":"open","ping_status":"open","sticky":false,"template":"","format":"standard","meta":{"footnotes":""},"categories":[32],"tags":[],"class_list":["post-6138","post","type-post","status-publish","format-standard","has-post-thumbnail","hentry","category-uncategorized-sl"],"yoast_head":"<!-- This site is optimized with the Yoast SEO plugin v27.1.1 - https:\/\/yoast.com\/product\/yoast-seo-wordpress\/ -->\n<title>Jesen v Villi Pa\u010detina: razko\u0161na oaza v sredi\u0161\u010du hrva\u0161kega Zagorja - Villa Pa\u010detina<\/title>\n<meta name=\"robots\" content=\"index, follow, max-snippet:-1, max-image-preview:large, max-video-preview:-1\" \/>\n<link rel=\"canonical\" href=\"https:\/\/villa-pacetina.com\/sl\/jesen-v-villi-pacetina-razkosna-oaza-v-srediscu-hrvaskega-zagorja\/\" \/>\n<meta property=\"og:locale\" content=\"sl_SI\" \/>\n<meta property=\"og:type\" content=\"article\" \/>\n<meta property=\"og:title\" content=\"Jesen v Villi Pa\u010detina: razko\u0161na oaza v sredi\u0161\u010du hrva\u0161kega Zagorja - Villa Pa\u010detina\" \/>\n<meta property=\"og:url\" content=\"https:\/\/villa-pacetina.com\/sl\/jesen-v-villi-pacetina-razkosna-oaza-v-srediscu-hrvaskega-zagorja\/\" \/>\n<meta property=\"og:site_name\" content=\"Villa Pa\u010detina\" \/>\n<meta property=\"article:publisher\" content=\"https:\/\/www.facebook.com\/vilapacetina\/\" \/>\n<meta property=\"article:published_time\" content=\"2023-10-03T12:20:24+00:00\" \/>\n<meta property=\"article:modified_time\" content=\"2024-10-25T10:35:58+00:00\" \/>\n<meta property=\"og:image\" content=\"https:\/\/villa-pacetina.com\/wp-content\/uploads\/2023\/10\/villa-pacetina.com-villa-zagorje-zagorje-smjestaj-s-bazenom-slider32-800x450-copy.jpg\" \/>\n\t<meta property=\"og:image:width\" content=\"800\" \/>\n\t<meta property=\"og:image:height\" content=\"450\" \/>\n\t<meta property=\"og:image:type\" content=\"image\/jpeg\" \/>\n<meta name=\"author\" content=\"admin\" \/>\n<meta name=\"twitter:card\" content=\"summary_large_image\" \/>\n<meta name=\"twitter:label1\" content=\"Written by\" \/>\n\t<meta name=\"twitter:data1\" content=\"admin\" \/>\n\t<meta name=\"twitter:label2\" content=\"Est. reading time\" \/>\n\t<meta name=\"twitter:data2\" content=\"16 minut\" \/>\n<script type=\"application\/ld+json\" class=\"yoast-schema-graph\">{\"@context\":\"https:\/\/schema.org\",\"@graph\":[{\"@type\":\"Article\",\"@id\":\"https:\/\/villa-pacetina.com\/sl\/jesen-v-villi-pacetina-razkosna-oaza-v-srediscu-hrvaskega-zagorja\/#article\",\"isPartOf\":{\"@id\":\"https:\/\/villa-pacetina.com\/sl\/jesen-v-villi-pacetina-razkosna-oaza-v-srediscu-hrvaskega-zagorja\/\"},\"author\":{\"name\":\"admin\",\"@id\":\"https:\/\/villa-pacetina.com\/sl\/#\/schema\/person\/1c68f551c9ed88ed99f8be2a16ae526b\"},\"headline\":\"Jesen v Villi Pa\u010detina: razko\u0161na oaza v sredi\u0161\u010du hrva\u0161kega Zagorja\",\"datePublished\":\"2023-10-03T12:20:24+00:00\",\"dateModified\":\"2024-10-25T10:35:58+00:00\",\"mainEntityOfPage\":{\"@id\":\"https:\/\/villa-pacetina.com\/sl\/jesen-v-villi-pacetina-razkosna-oaza-v-srediscu-hrvaskega-zagorja\/\"},\"wordCount\":3140,\"commentCount\":0,\"image\":{\"@id\":\"https:\/\/villa-pacetina.com\/sl\/jesen-v-villi-pacetina-razkosna-oaza-v-srediscu-hrvaskega-zagorja\/#primaryimage\"},\"thumbnailUrl\":\"https:\/\/villa-pacetina.com\/wp-content\/uploads\/2023\/10\/villa-pacetina.com-villa-zagorje-zagorje-smjestaj-s-bazenom-slider32-800x450-copy.jpg\",\"articleSection\":[\"Uncategorized @sl\"],\"inLanguage\":\"sl-SI\",\"potentialAction\":[{\"@type\":\"CommentAction\",\"name\":\"Comment\",\"target\":[\"https:\/\/villa-pacetina.com\/sl\/jesen-v-villi-pacetina-razkosna-oaza-v-srediscu-hrvaskega-zagorja\/#respond\"]}]},{\"@type\":\"WebPage\",\"@id\":\"https:\/\/villa-pacetina.com\/sl\/jesen-v-villi-pacetina-razkosna-oaza-v-srediscu-hrvaskega-zagorja\/\",\"url\":\"https:\/\/villa-pacetina.com\/sl\/jesen-v-villi-pacetina-razkosna-oaza-v-srediscu-hrvaskega-zagorja\/\",\"name\":\"Jesen v Villi Pa\u010detina: razko\u0161na oaza v sredi\u0161\u010du hrva\u0161kega Zagorja - Villa Pa\u010detina\",\"isPartOf\":{\"@id\":\"https:\/\/villa-pacetina.com\/sl\/#website\"},\"primaryImageOfPage\":{\"@id\":\"https:\/\/villa-pacetina.com\/sl\/jesen-v-villi-pacetina-razkosna-oaza-v-srediscu-hrvaskega-zagorja\/#primaryimage\"},\"image\":{\"@id\":\"https:\/\/villa-pacetina.com\/sl\/jesen-v-villi-pacetina-razkosna-oaza-v-srediscu-hrvaskega-zagorja\/#primaryimage\"},\"thumbnailUrl\":\"https:\/\/villa-pacetina.com\/wp-content\/uploads\/2023\/10\/villa-pacetina.com-villa-zagorje-zagorje-smjestaj-s-bazenom-slider32-800x450-copy.jpg\",\"datePublished\":\"2023-10-03T12:20:24+00:00\",\"dateModified\":\"2024-10-25T10:35:58+00:00\",\"author\":{\"@id\":\"https:\/\/villa-pacetina.com\/sl\/#\/schema\/person\/1c68f551c9ed88ed99f8be2a16ae526b\"},\"breadcrumb\":{\"@id\":\"https:\/\/villa-pacetina.com\/sl\/jesen-v-villi-pacetina-razkosna-oaza-v-srediscu-hrvaskega-zagorja\/#breadcrumb\"},\"inLanguage\":\"sl-SI\",\"potentialAction\":[{\"@type\":\"ReadAction\",\"target\":[\"https:\/\/villa-pacetina.com\/sl\/jesen-v-villi-pacetina-razkosna-oaza-v-srediscu-hrvaskega-zagorja\/\"]}]},{\"@type\":\"ImageObject\",\"inLanguage\":\"sl-SI\",\"@id\":\"https:\/\/villa-pacetina.com\/sl\/jesen-v-villi-pacetina-razkosna-oaza-v-srediscu-hrvaskega-zagorja\/#primaryimage\",\"url\":\"https:\/\/villa-pacetina.com\/wp-content\/uploads\/2023\/10\/villa-pacetina.com-villa-zagorje-zagorje-smjestaj-s-bazenom-slider32-800x450-copy.jpg\",\"contentUrl\":\"https:\/\/villa-pacetina.com\/wp-content\/uploads\/2023\/10\/villa-pacetina.com-villa-zagorje-zagorje-smjestaj-s-bazenom-slider32-800x450-copy.jpg\",\"width\":800,\"height\":450},{\"@type\":\"BreadcrumbList\",\"@id\":\"https:\/\/villa-pacetina.com\/sl\/jesen-v-villi-pacetina-razkosna-oaza-v-srediscu-hrvaskega-zagorja\/#breadcrumb\",\"itemListElement\":[{\"@type\":\"ListItem\",\"position\":1,\"name\":\"Po\u010detna stranica\",\"item\":\"https:\/\/villa-pacetina.com\/sl\/prednja-stran\/\"},{\"@type\":\"ListItem\",\"position\":2,\"name\":\"Jesen v Villi Pa\u010detina: razko\u0161na oaza v sredi\u0161\u010du hrva\u0161kega Zagorja\"}]},{\"@type\":\"WebSite\",\"@id\":\"https:\/\/villa-pacetina.com\/sl\/#website\",\"url\":\"https:\/\/villa-pacetina.com\/sl\/\",\"name\":\"Villa Pa\u010detina\",\"description\":\"Idealno mjesto za odmor, u oazi mira i zelenilu\",\"potentialAction\":[{\"@type\":\"SearchAction\",\"target\":{\"@type\":\"EntryPoint\",\"urlTemplate\":\"https:\/\/villa-pacetina.com\/sl\/?s={search_term_string}\"},\"query-input\":{\"@type\":\"PropertyValueSpecification\",\"valueRequired\":true,\"valueName\":\"search_term_string\"}}],\"inLanguage\":\"sl-SI\"},{\"@type\":\"Person\",\"@id\":\"https:\/\/villa-pacetina.com\/sl\/#\/schema\/person\/1c68f551c9ed88ed99f8be2a16ae526b\",\"name\":\"admin\",\"image\":{\"@type\":\"ImageObject\",\"inLanguage\":\"sl-SI\",\"@id\":\"https:\/\/villa-pacetina.com\/sl\/#\/schema\/person\/image\/\",\"url\":\"https:\/\/secure.gravatar.com\/avatar\/f98ec6756cb20d61f922dfb50f66c1bb9dc60bbcf7b8ab4672001b466ee773f8?s=96&d=mm&r=g\",\"contentUrl\":\"https:\/\/secure.gravatar.com\/avatar\/f98ec6756cb20d61f922dfb50f66c1bb9dc60bbcf7b8ab4672001b466ee773f8?s=96&d=mm&r=g\",\"caption\":\"admin\"},\"sameAs\":[\"https:\/\/villa-pacetina.com\"],\"url\":\"https:\/\/villa-pacetina.com\/sl\/author\/admin\/\"}]}<\/script>\n<!-- \/ Yoast SEO plugin. -->","yoast_head_json":{"title":"Jesen v Villi Pa\u010detina: razko\u0161na oaza v sredi\u0161\u010du hrva\u0161kega Zagorja - Villa Pa\u010detina","robots":{"index":"index","follow":"follow","max-snippet":"max-snippet:-1","max-image-preview":"max-image-preview:large","max-video-preview":"max-video-preview:-1"},"canonical":"https:\/\/villa-pacetina.com\/sl\/jesen-v-villi-pacetina-razkosna-oaza-v-srediscu-hrvaskega-zagorja\/","og_locale":"sl_SI","og_type":"article","og_title":"Jesen v Villi Pa\u010detina: razko\u0161na oaza v sredi\u0161\u010du hrva\u0161kega Zagorja - Villa Pa\u010detina","og_url":"https:\/\/villa-pacetina.com\/sl\/jesen-v-villi-pacetina-razkosna-oaza-v-srediscu-hrvaskega-zagorja\/","og_site_name":"Villa Pa\u010detina","article_publisher":"https:\/\/www.facebook.com\/vilapacetina\/","article_published_time":"2023-10-03T12:20:24+00:00","article_modified_time":"2024-10-25T10:35:58+00:00","og_image":[{"width":800,"height":450,"url":"https:\/\/villa-pacetina.com\/wp-content\/uploads\/2023\/10\/villa-pacetina.com-villa-zagorje-zagorje-smjestaj-s-bazenom-slider32-800x450-copy.jpg","type":"image\/jpeg"}],"author":"admin","twitter_card":"summary_large_image","twitter_misc":{"Written by":"admin","Est. reading time":"16 minut"},"schema":{"@context":"https:\/\/schema.org","@graph":[{"@type":"Article","@id":"https:\/\/villa-pacetina.com\/sl\/jesen-v-villi-pacetina-razkosna-oaza-v-srediscu-hrvaskega-zagorja\/#article","isPartOf":{"@id":"https:\/\/villa-pacetina.com\/sl\/jesen-v-villi-pacetina-razkosna-oaza-v-srediscu-hrvaskega-zagorja\/"},"author":{"name":"admin","@id":"https:\/\/villa-pacetina.com\/sl\/#\/schema\/person\/1c68f551c9ed88ed99f8be2a16ae526b"},"headline":"Jesen v Villi Pa\u010detina: razko\u0161na oaza v sredi\u0161\u010du hrva\u0161kega Zagorja","datePublished":"2023-10-03T12:20:24+00:00","dateModified":"2024-10-25T10:35:58+00:00","mainEntityOfPage":{"@id":"https:\/\/villa-pacetina.com\/sl\/jesen-v-villi-pacetina-razkosna-oaza-v-srediscu-hrvaskega-zagorja\/"},"wordCount":3140,"commentCount":0,"image":{"@id":"https:\/\/villa-pacetina.com\/sl\/jesen-v-villi-pacetina-razkosna-oaza-v-srediscu-hrvaskega-zagorja\/#primaryimage"},"thumbnailUrl":"https:\/\/villa-pacetina.com\/wp-content\/uploads\/2023\/10\/villa-pacetina.com-villa-zagorje-zagorje-smjestaj-s-bazenom-slider32-800x450-copy.jpg","articleSection":["Uncategorized @sl"],"inLanguage":"sl-SI","potentialAction":[{"@type":"CommentAction","name":"Comment","target":["https:\/\/villa-pacetina.com\/sl\/jesen-v-villi-pacetina-razkosna-oaza-v-srediscu-hrvaskega-zagorja\/#respond"]}]},{"@type":"WebPage","@id":"https:\/\/villa-pacetina.com\/sl\/jesen-v-villi-pacetina-razkosna-oaza-v-srediscu-hrvaskega-zagorja\/","url":"https:\/\/villa-pacetina.com\/sl\/jesen-v-villi-pacetina-razkosna-oaza-v-srediscu-hrvaskega-zagorja\/","name":"Jesen v Villi Pa\u010detina: razko\u0161na oaza v sredi\u0161\u010du hrva\u0161kega Zagorja - Villa Pa\u010detina","isPartOf":{"@id":"https:\/\/villa-pacetina.com\/sl\/#website"},"primaryImageOfPage":{"@id":"https:\/\/villa-pacetina.com\/sl\/jesen-v-villi-pacetina-razkosna-oaza-v-srediscu-hrvaskega-zagorja\/#primaryimage"},"image":{"@id":"https:\/\/villa-pacetina.com\/sl\/jesen-v-villi-pacetina-razkosna-oaza-v-srediscu-hrvaskega-zagorja\/#primaryimage"},"thumbnailUrl":"https:\/\/villa-pacetina.com\/wp-content\/uploads\/2023\/10\/villa-pacetina.com-villa-zagorje-zagorje-smjestaj-s-bazenom-slider32-800x450-copy.jpg","datePublished":"2023-10-03T12:20:24+00:00","dateModified":"2024-10-25T10:35:58+00:00","author":{"@id":"https:\/\/villa-pacetina.com\/sl\/#\/schema\/person\/1c68f551c9ed88ed99f8be2a16ae526b"},"breadcrumb":{"@id":"https:\/\/villa-pacetina.com\/sl\/jesen-v-villi-pacetina-razkosna-oaza-v-srediscu-hrvaskega-zagorja\/#breadcrumb"},"inLanguage":"sl-SI","potentialAction":[{"@type":"ReadAction","target":["https:\/\/villa-pacetina.com\/sl\/jesen-v-villi-pacetina-razkosna-oaza-v-srediscu-hrvaskega-zagorja\/"]}]},{"@type":"ImageObject","inLanguage":"sl-SI","@id":"https:\/\/villa-pacetina.com\/sl\/jesen-v-villi-pacetina-razkosna-oaza-v-srediscu-hrvaskega-zagorja\/#primaryimage","url":"https:\/\/villa-pacetina.com\/wp-content\/uploads\/2023\/10\/villa-pacetina.com-villa-zagorje-zagorje-smjestaj-s-bazenom-slider32-800x450-copy.jpg","contentUrl":"https:\/\/villa-pacetina.com\/wp-content\/uploads\/2023\/10\/villa-pacetina.com-villa-zagorje-zagorje-smjestaj-s-bazenom-slider32-800x450-copy.jpg","width":800,"height":450},{"@type":"BreadcrumbList","@id":"https:\/\/villa-pacetina.com\/sl\/jesen-v-villi-pacetina-razkosna-oaza-v-srediscu-hrvaskega-zagorja\/#breadcrumb","itemListElement":[{"@type":"ListItem","position":1,"name":"Po\u010detna stranica","item":"https:\/\/villa-pacetina.com\/sl\/prednja-stran\/"},{"@type":"ListItem","position":2,"name":"Jesen v Villi Pa\u010detina: razko\u0161na oaza v sredi\u0161\u010du hrva\u0161kega Zagorja"}]},{"@type":"WebSite","@id":"https:\/\/villa-pacetina.com\/sl\/#website","url":"https:\/\/villa-pacetina.com\/sl\/","name":"Villa Pa\u010detina","description":"Idealno mjesto za odmor, u oazi mira i zelenilu","potentialAction":[{"@type":"SearchAction","target":{"@type":"EntryPoint","urlTemplate":"https:\/\/villa-pacetina.com\/sl\/?s={search_term_string}"},"query-input":{"@type":"PropertyValueSpecification","valueRequired":true,"valueName":"search_term_string"}}],"inLanguage":"sl-SI"},{"@type":"Person","@id":"https:\/\/villa-pacetina.com\/sl\/#\/schema\/person\/1c68f551c9ed88ed99f8be2a16ae526b","name":"admin","image":{"@type":"ImageObject","inLanguage":"sl-SI","@id":"https:\/\/villa-pacetina.com\/sl\/#\/schema\/person\/image\/","url":"https:\/\/secure.gravatar.com\/avatar\/f98ec6756cb20d61f922dfb50f66c1bb9dc60bbcf7b8ab4672001b466ee773f8?s=96&d=mm&r=g","contentUrl":"https:\/\/secure.gravatar.com\/avatar\/f98ec6756cb20d61f922dfb50f66c1bb9dc60bbcf7b8ab4672001b466ee773f8?s=96&d=mm&r=g","caption":"admin"},"sameAs":["https:\/\/villa-pacetina.com"],"url":"https:\/\/villa-pacetina.com\/sl\/author\/admin\/"}]}},"_links":{"self":[{"href":"https:\/\/villa-pacetina.com\/sl\/wp-json\/wp\/v2\/posts\/6138","targetHints":{"allow":["GET"]}}],"collection":[{"href":"https:\/\/villa-pacetina.com\/sl\/wp-json\/wp\/v2\/posts"}],"about":[{"href":"https:\/\/villa-pacetina.com\/sl\/wp-json\/wp\/v2\/types\/post"}],"author":[{"embeddable":true,"href":"https:\/\/villa-pacetina.com\/sl\/wp-json\/wp\/v2\/users\/1"}],"replies":[{"embeddable":true,"href":"https:\/\/villa-pacetina.com\/sl\/wp-json\/wp\/v2\/comments?post=6138"}],"version-history":[{"count":0,"href":"https:\/\/villa-pacetina.com\/sl\/wp-json\/wp\/v2\/posts\/6138\/revisions"}],"wp:featuredmedia":[{"embeddable":true,"href":"https:\/\/villa-pacetina.com\/sl\/wp-json\/wp\/v2\/media\/6079"}],"wp:attachment":[{"href":"https:\/\/villa-pacetina.com\/sl\/wp-json\/wp\/v2\/media?parent=6138"}],"wp:term":[{"taxonomy":"category","embeddable":true,"href":"https:\/\/villa-pacetina.com\/sl\/wp-json\/wp\/v2\/categories?post=6138"},{"taxonomy":"post_tag","embeddable":true,"href":"https:\/\/villa-pacetina.com\/sl\/wp-json\/wp\/v2\/tags?post=6138"}],"curies":[{"name":"wp","href":"https:\/\/api.w.org\/{rel}","templated":true}]}}