{"id":6179,"date":"2023-11-06T15:21:41","date_gmt":"2023-11-06T15:21:41","guid":{"rendered":"https:\/\/villa-pacetina.com\/vila-pacetina-idealen-kraj-za-martinovanje\/"},"modified":"2024-10-19T20:05:41","modified_gmt":"2024-10-19T20:05:41","slug":"vila-pacetina-idealen-kraj-za-martinovanje","status":"publish","type":"post","link":"https:\/\/villa-pacetina.com\/sl\/vila-pacetina-idealen-kraj-za-martinovanje\/","title":{"rendered":"Vila Pa\u010detina &#8211; Idealen kraj za praznovanje Martinovanja 2024"},"content":{"rendered":"<div class=\"fusion-fullwidth fullwidth-box fusion-builder-row-1 fusion-flex-container has-pattern-background has-mask-background nonhundred-percent-fullwidth non-hundred-percent-height-scrolling\" style=\"--awb-border-radius-top-left:0px;--awb-border-radius-top-right:0px;--awb-border-radius-bottom-right:0px;--awb-border-radius-bottom-left:0px;--awb-flex-wrap:wrap;\" ><div class=\"fusion-builder-row fusion-row fusion-flex-align-items-flex-start fusion-flex-justify-content-center fusion-flex-content-wrap\" style=\"max-width:1300px;margin-left: calc(-4% \/ 2 );margin-right: calc(-4% \/ 2 );\"><div class=\"fusion-layout-column fusion_builder_column fusion-builder-column-0 fusion_builder_column_4_5 4_5 fusion-flex-column\" style=\"--awb-bg-size:cover;--awb-width-large:80%;--awb-margin-top-large:0px;--awb-spacing-right-large:2.4%;--awb-margin-bottom-large:0px;--awb-spacing-left-large:2.4%;--awb-width-medium:100%;--awb-spacing-right-medium:1.92%;--awb-spacing-left-medium:1.92%;--awb-width-small:100%;--awb-spacing-right-small:1.92%;--awb-spacing-left-small:1.92%;\"><div class=\"fusion-column-wrapper fusion-flex-justify-content-flex-start fusion-content-layout-column\"><div class=\"fusion-image-element \" style=\"--awb-caption-title-font-family:var(--h2_typography-font-family);--awb-caption-title-font-weight:var(--h2_typography-font-weight);--awb-caption-title-font-style:var(--h2_typography-font-style);--awb-caption-title-size:var(--h2_typography-font-size);--awb-caption-title-transform:var(--h2_typography-text-transform);--awb-caption-title-line-height:var(--h2_typography-line-height);--awb-caption-title-letter-spacing:var(--h2_typography-letter-spacing);\"><span class=\" fusion-imageframe imageframe-none imageframe-1 hover-type-none\"><img decoding=\"async\" width=\"800\" height=\"450\" alt=\"villa-pacetina.com-villa-zagorje-zagorje-smjestaj-s-bazenom-slider - proslava martinja u zagorju\" title=\"villa-pacetina.com-villa-zagorje-zagorje-smjestaj-s-bazenom-slider &#8211; proslava martinja u zagorju\" src=\"https:\/\/villa-pacetina.com\/wp-content\/uploads\/2023\/11\/villa-pacetina.com-villa-zagorje-zagorje-smjestaj-s-bazenom-slider-proslava-martinja-u-zagorju.jpg\" data-orig-src=\"https:\/\/villa-pacetina.com\/wp-content\/uploads\/2023\/11\/villa-pacetina.com-villa-zagorje-zagorje-smjestaj-s-bazenom-slider-proslava-martinja-u-zagorju.jpg\" class=\"lazyload img-responsive wp-image-6170\" srcset=\"data:image\/svg+xml,%3Csvg%20xmlns%3D%27http%3A%2F%2Fwww.w3.org%2F2000%2Fsvg%27%20width%3D%27800%27%20height%3D%27450%27%20viewBox%3D%270%200%20800%20450%27%3E%3Crect%20width%3D%27800%27%20height%3D%27450%27%20fill-opacity%3D%220%22%2F%3E%3C%2Fsvg%3E\" data-srcset=\"https:\/\/villa-pacetina.com\/wp-content\/uploads\/2023\/11\/villa-pacetina.com-villa-zagorje-zagorje-smjestaj-s-bazenom-slider-proslava-martinja-u-zagorju-200x113.jpg 200w, https:\/\/villa-pacetina.com\/wp-content\/uploads\/2023\/11\/villa-pacetina.com-villa-zagorje-zagorje-smjestaj-s-bazenom-slider-proslava-martinja-u-zagorju-400x225.jpg 400w, https:\/\/villa-pacetina.com\/wp-content\/uploads\/2023\/11\/villa-pacetina.com-villa-zagorje-zagorje-smjestaj-s-bazenom-slider-proslava-martinja-u-zagorju-600x338.jpg 600w, https:\/\/villa-pacetina.com\/wp-content\/uploads\/2023\/11\/villa-pacetina.com-villa-zagorje-zagorje-smjestaj-s-bazenom-slider-proslava-martinja-u-zagorju.jpg 800w\" data-sizes=\"auto\" data-orig-sizes=\"(max-width: 1024px) 100vw, (max-width: 640px) 100vw, 800px\" \/><\/span><\/div><div class=\"fusion-text fusion-text-1\"><p>Vila Pa\u010detina, ki se nahaja v \u010dudovitem okolju, ponuja popoln kraj za praznovanje Martinovanja. Ta luksuzna vila vam omogo\u010da, da u\u017eivate v tradicionalnem prazniku Martinje na edinstven in prijeten na\u010din. Ne glede na to, ali na\u010drtujete dru\u017einsko sre\u010danje, prijateljsko sre\u010danje ali poslovni dogodek, Villa Pa\u010detina nudi vse, kar potrebujete za nepozabno do\u017eivetje.<\/p>\n<\/div><div class=\"awb-gallery-wrapper awb-gallery-wrapper-1 button-span-no\" style=\"--more-btn-alignment:center;\"><div style=\"margin:-5px;--awb-bordersize:0px;\" class=\"fusion-gallery fusion-gallery-container fusion-grid-4 fusion-columns-total-4 fusion-gallery-layout-grid fusion-gallery-1\"><div style=\"padding:5px;\" class=\"fusion-grid-column fusion-gallery-column fusion-gallery-column-4\"><div class=\"fusion-gallery-image fusion-gallery-image-liftup\"><a href=\"https:\/\/villa-pacetina.com\/wp-content\/uploads\/2022\/10\/VillaPacetina68_Jurinec-photography_19052022.jpg\" rel=\"noreferrer\" data-rel=\"iLightbox[gallery_image_1]\" class=\"fusion-lightbox\" target=\"_self\"><img decoding=\"async\" src=\"https:\/\/villa-pacetina.com\/wp-content\/uploads\/2022\/10\/VillaPacetina68_Jurinec-photography_19052022.jpg\" data-orig-src=\"https:\/\/villa-pacetina.com\/wp-content\/uploads\/2022\/10\/VillaPacetina68_Jurinec-photography_19052022.jpg\" width=\"2000\" height=\"1334\" alt=\"\" title=\"VillaPacetina68_Jurinec photography_19052022\" aria-label=\"VillaPacetina68_Jurinec photography_19052022\" class=\"lazyload img-responsive wp-image-2579\" srcset=\"data:image\/svg+xml,%3Csvg%20xmlns%3D%27http%3A%2F%2Fwww.w3.org%2F2000%2Fsvg%27%20width%3D%272000%27%20height%3D%271334%27%20viewBox%3D%270%200%202000%201334%27%3E%3Crect%20width%3D%272000%27%20height%3D%271334%27%20fill-opacity%3D%220%22%2F%3E%3C%2Fsvg%3E\" data-srcset=\"https:\/\/villa-pacetina.com\/wp-content\/uploads\/2022\/10\/VillaPacetina68_Jurinec-photography_19052022-200x133.jpg 200w, https:\/\/villa-pacetina.com\/wp-content\/uploads\/2022\/10\/VillaPacetina68_Jurinec-photography_19052022-400x267.jpg 400w, https:\/\/villa-pacetina.com\/wp-content\/uploads\/2022\/10\/VillaPacetina68_Jurinec-photography_19052022-600x400.jpg 600w, https:\/\/villa-pacetina.com\/wp-content\/uploads\/2022\/10\/VillaPacetina68_Jurinec-photography_19052022-800x534.jpg 800w, https:\/\/villa-pacetina.com\/wp-content\/uploads\/2022\/10\/VillaPacetina68_Jurinec-photography_19052022-1200x800.jpg 1200w, https:\/\/villa-pacetina.com\/wp-content\/uploads\/2022\/10\/VillaPacetina68_Jurinec-photography_19052022.jpg 2000w\" data-sizes=\"auto\" data-orig-sizes=\"(min-width: 2200px) 100vw, (min-width: 915px) 309px, (min-width: 824px) 412px, (min-width: 732px) 618px, (min-width: 640px) 732px, \" \/><\/a><\/div><\/div><div style=\"padding:5px;\" class=\"fusion-grid-column fusion-gallery-column fusion-gallery-column-4\"><div class=\"fusion-gallery-image fusion-gallery-image-liftup\"><a href=\"https:\/\/villa-pacetina.com\/wp-content\/uploads\/2022\/10\/VillaPacetina60_Jurinec-photography_19052022.jpg\" rel=\"noreferrer\" data-rel=\"iLightbox[gallery_image_1]\" class=\"fusion-lightbox\" target=\"_self\"><img decoding=\"async\" src=\"https:\/\/villa-pacetina.com\/wp-content\/uploads\/2022\/10\/VillaPacetina60_Jurinec-photography_19052022.jpg\" data-orig-src=\"https:\/\/villa-pacetina.com\/wp-content\/uploads\/2022\/10\/VillaPacetina60_Jurinec-photography_19052022.jpg\" width=\"2000\" height=\"1334\" alt=\"\" title=\"VillaPacetina60_Jurinec photography_19052022\" aria-label=\"VillaPacetina60_Jurinec photography_19052022\" class=\"lazyload img-responsive wp-image-2571\" srcset=\"data:image\/svg+xml,%3Csvg%20xmlns%3D%27http%3A%2F%2Fwww.w3.org%2F2000%2Fsvg%27%20width%3D%272000%27%20height%3D%271334%27%20viewBox%3D%270%200%202000%201334%27%3E%3Crect%20width%3D%272000%27%20height%3D%271334%27%20fill-opacity%3D%220%22%2F%3E%3C%2Fsvg%3E\" data-srcset=\"https:\/\/villa-pacetina.com\/wp-content\/uploads\/2022\/10\/VillaPacetina60_Jurinec-photography_19052022-200x133.jpg 200w, https:\/\/villa-pacetina.com\/wp-content\/uploads\/2022\/10\/VillaPacetina60_Jurinec-photography_19052022-400x267.jpg 400w, https:\/\/villa-pacetina.com\/wp-content\/uploads\/2022\/10\/VillaPacetina60_Jurinec-photography_19052022-600x400.jpg 600w, https:\/\/villa-pacetina.com\/wp-content\/uploads\/2022\/10\/VillaPacetina60_Jurinec-photography_19052022-800x534.jpg 800w, https:\/\/villa-pacetina.com\/wp-content\/uploads\/2022\/10\/VillaPacetina60_Jurinec-photography_19052022-1200x800.jpg 1200w, https:\/\/villa-pacetina.com\/wp-content\/uploads\/2022\/10\/VillaPacetina60_Jurinec-photography_19052022.jpg 2000w\" data-sizes=\"auto\" data-orig-sizes=\"(min-width: 2200px) 100vw, (min-width: 915px) 309px, (min-width: 824px) 412px, (min-width: 732px) 618px, (min-width: 640px) 732px, \" \/><\/a><\/div><\/div><div style=\"padding:5px;\" class=\"fusion-grid-column fusion-gallery-column fusion-gallery-column-4\"><div class=\"fusion-gallery-image fusion-gallery-image-liftup\"><a href=\"https:\/\/villa-pacetina.com\/wp-content\/uploads\/2022\/10\/VillaPacetina73_Jurinec-photography_19052022.jpg\" rel=\"noreferrer\" data-rel=\"iLightbox[gallery_image_1]\" class=\"fusion-lightbox\" target=\"_self\"><img decoding=\"async\" src=\"https:\/\/villa-pacetina.com\/wp-content\/uploads\/2022\/10\/VillaPacetina73_Jurinec-photography_19052022.jpg\" data-orig-src=\"https:\/\/villa-pacetina.com\/wp-content\/uploads\/2022\/10\/VillaPacetina73_Jurinec-photography_19052022.jpg\" width=\"2000\" height=\"1334\" alt=\"\" title=\"VillaPacetina73_Jurinec photography_19052022\" aria-label=\"VillaPacetina73_Jurinec photography_19052022\" class=\"lazyload img-responsive wp-image-2584\" srcset=\"data:image\/svg+xml,%3Csvg%20xmlns%3D%27http%3A%2F%2Fwww.w3.org%2F2000%2Fsvg%27%20width%3D%272000%27%20height%3D%271334%27%20viewBox%3D%270%200%202000%201334%27%3E%3Crect%20width%3D%272000%27%20height%3D%271334%27%20fill-opacity%3D%220%22%2F%3E%3C%2Fsvg%3E\" data-srcset=\"https:\/\/villa-pacetina.com\/wp-content\/uploads\/2022\/10\/VillaPacetina73_Jurinec-photography_19052022-200x133.jpg 200w, https:\/\/villa-pacetina.com\/wp-content\/uploads\/2022\/10\/VillaPacetina73_Jurinec-photography_19052022-400x267.jpg 400w, https:\/\/villa-pacetina.com\/wp-content\/uploads\/2022\/10\/VillaPacetina73_Jurinec-photography_19052022-600x400.jpg 600w, https:\/\/villa-pacetina.com\/wp-content\/uploads\/2022\/10\/VillaPacetina73_Jurinec-photography_19052022-800x534.jpg 800w, https:\/\/villa-pacetina.com\/wp-content\/uploads\/2022\/10\/VillaPacetina73_Jurinec-photography_19052022-1200x800.jpg 1200w, https:\/\/villa-pacetina.com\/wp-content\/uploads\/2022\/10\/VillaPacetina73_Jurinec-photography_19052022.jpg 2000w\" data-sizes=\"auto\" data-orig-sizes=\"(min-width: 2200px) 100vw, (min-width: 915px) 309px, (min-width: 824px) 412px, (min-width: 732px) 618px, (min-width: 640px) 732px, \" \/><\/a><\/div><\/div><div style=\"padding:5px;\" class=\"fusion-grid-column fusion-gallery-column fusion-gallery-column-4\"><div class=\"fusion-gallery-image fusion-gallery-image-liftup\"><a href=\"https:\/\/villa-pacetina.com\/wp-content\/uploads\/2022\/10\/VillaPacetina74_Jurinec-photography_19052022.jpg\" rel=\"noreferrer\" data-rel=\"iLightbox[gallery_image_1]\" class=\"fusion-lightbox\" target=\"_self\"><img decoding=\"async\" src=\"https:\/\/villa-pacetina.com\/wp-content\/uploads\/2022\/10\/VillaPacetina74_Jurinec-photography_19052022.jpg\" data-orig-src=\"https:\/\/villa-pacetina.com\/wp-content\/uploads\/2022\/10\/VillaPacetina74_Jurinec-photography_19052022.jpg\" width=\"2000\" height=\"1333\" alt=\"\" title=\"VillaPacetina74_Jurinec photography_19052022\" aria-label=\"VillaPacetina74_Jurinec photography_19052022\" class=\"lazyload img-responsive wp-image-2585\" srcset=\"data:image\/svg+xml,%3Csvg%20xmlns%3D%27http%3A%2F%2Fwww.w3.org%2F2000%2Fsvg%27%20width%3D%272000%27%20height%3D%271333%27%20viewBox%3D%270%200%202000%201333%27%3E%3Crect%20width%3D%272000%27%20height%3D%271333%27%20fill-opacity%3D%220%22%2F%3E%3C%2Fsvg%3E\" data-srcset=\"https:\/\/villa-pacetina.com\/wp-content\/uploads\/2022\/10\/VillaPacetina74_Jurinec-photography_19052022-200x133.jpg 200w, https:\/\/villa-pacetina.com\/wp-content\/uploads\/2022\/10\/VillaPacetina74_Jurinec-photography_19052022-400x267.jpg 400w, https:\/\/villa-pacetina.com\/wp-content\/uploads\/2022\/10\/VillaPacetina74_Jurinec-photography_19052022-600x400.jpg 600w, https:\/\/villa-pacetina.com\/wp-content\/uploads\/2022\/10\/VillaPacetina74_Jurinec-photography_19052022-800x533.jpg 800w, https:\/\/villa-pacetina.com\/wp-content\/uploads\/2022\/10\/VillaPacetina74_Jurinec-photography_19052022-1200x800.jpg 1200w, https:\/\/villa-pacetina.com\/wp-content\/uploads\/2022\/10\/VillaPacetina74_Jurinec-photography_19052022.jpg 2000w\" data-sizes=\"auto\" data-orig-sizes=\"(min-width: 2200px) 100vw, (min-width: 915px) 309px, (min-width: 824px) 412px, (min-width: 732px) 618px, (min-width: 640px) 732px, \" \/><\/a><\/div><\/div><div class=\"clearfix\"><\/div><\/div><\/div><div class=\"fusion-text fusion-text-2\" style=\"--awb-margin-top:20px;\"><p><strong>Sve\u010dana ve\u010derja v Vili Pa\u010detina:<\/strong> Va\u0161e martinovanje bo nepozabno ob okusni ve\u010derji, ki jo bodo za vas pripravili izku\u0161eni kuharski mojstri Vile Pa\u010detina. Postregli vam bodo s tradicionalnimi jedmi, ki jih obi\u010dajno jemo na martinovo, vklju\u010dno z buncekom z zeleno, krvavko, pra\u017eenim krompirjem in \u0161tevilnimi drugimi okusnimi dobrotami. Poleg tradicionalnih jedi vas \u010dakajo tudi \u0161tevilne gurmanske ponudbe, prilagojene va\u0161emu okusu.<\/p>\n<p><strong>Mlado vino in wellness do\u017eivetje:<\/strong> Ob ve\u010derji boste u\u017eivali v izboru mladih vin, ki se odli\u010dno ujemajo z jedmi, pripravljenimi za to posebno prilo\u017enost. Vila Pa\u010detina ponuja tudi wellness in spa vsebine, vklju\u010dno s savno in jacuzzijem, kjer lahko po obroku sprostite telo in duha. To bo prava prilo\u017enost za sprostitev in u\u017eivanje.<\/p>\n<p><strong>Namestitev za skupine:<\/strong> Vila Pa\u010detina ponuja razli\u010dne mo\u017enosti namestitve za skupine od 1 do 16 oseb. Vse sobe so prostorne, udobne in elegantno opremljene ter vam nudijo vse potrebno udobje med bivanjem. Ne glede na velikost va\u0161e skupine ima Villa Pa\u010detina zmogljivosti, da vam zagotovi najbolj\u0161o mo\u017eno namestitev.<\/p>\n<p><strong>Rezervirajte bivanje:<\/strong> Da si zagotovite svoje mesto v tej \u010dudoviti vili za martinovanje, obi\u0161\u010dite uradno spletno stran Vile Pa\u010detina na naslovu <a href=\"https:\/\/villa-pacetina.com\/sl\/\" target=\"_new\" rel=\"noopener\">https:\/\/villa-pacetina.com\/<\/a> . Tam boste na\u0161li vse potrebne informacije o cenah, razpolo\u017eljivosti in dodatnih storitvah. Ne zamudite prilo\u017enosti, da z Vilo Pa\u010detina na najbolj\u0161i mo\u017eni na\u010din praznujete Martinovanje.<\/p>\n<\/div><div class=\"accordian fusion-accordian\" style=\"--awb-border-size:1px;--awb-icon-size:16px;--awb-content-font-size:var(--awb-typography4-font-size);--awb-icon-alignment:left;--awb-hover-color:var(--awb-color2);--awb-border-color:var(--awb-color3);--awb-background-color:var(--awb-color1);--awb-divider-color:var(--awb-color3);--awb-divider-hover-color:var(--awb-color3);--awb-icon-color:var(--awb-color1);--awb-title-color:var(--awb-color8);--awb-content-color:var(--awb-color8);--awb-icon-box-color:var(--awb-color4);--awb-toggle-hover-accent-color:var(--awb-color5);--awb-title-font-family:var(--awb-typography1-font-family);--awb-title-font-weight:var(--awb-typography1-font-weight);--awb-title-font-style:var(--awb-typography1-font-style);--awb-title-font-size:24px;--awb-title-letter-spacing:var(--awb-typography1-letter-spacing);--awb-title-line-height:var(--awb-typography1-line-height);--awb-content-font-family:var(--awb-typography4-font-family);--awb-content-font-weight:var(--awb-typography4-font-weight);--awb-content-font-style:var(--awb-typography4-font-style);\"><div class=\"panel-group fusion-toggle-icon-boxed\" id=\"accordion-6179-1\"><div class=\"fusion-panel panel-default panel-002581c37c40b652c fusion-toggle-no-divider fusion-toggle-boxed-mode\" style=\"--awb-title-color:var(--awb-color8);\"><div class=\"panel-heading\"><h4 class=\"panel-title toggle\" id=\"toggle_002581c37c40b652c\"><a aria-expanded=\"false\" aria-controls=\"002581c37c40b652c\" role=\"button\" data-toggle=\"collapse\" data-parent=\"#accordion-6179-1\" data-target=\"#002581c37c40b652c\" href=\"#002581c37c40b652c\"><span class=\"fusion-toggle-icon-wrapper\" aria-hidden=\"true\"><i class=\"fa-fusion-box active-icon awb-icon-minus\" aria-hidden=\"true\"><\/i><i class=\"fa-fusion-box inactive-icon awb-icon-plus\" aria-hidden=\"true\"><\/i><\/span><span class=\"fusion-toggle-heading\">Cenik<\/span><\/a><\/h4><\/div><div id=\"002581c37c40b652c\" class=\"panel-collapse collapse \" aria-labelledby=\"toggle_002581c37c40b652c\"><div class=\"panel-body toggle-content fusion-clearfix\">\n<p><img decoding=\"async\" class=\"lazyload alignnone size-full wp-image-5695\" src=\"data:image\/svg+xml,%3Csvg%20xmlns%3D%27http%3A%2F%2Fwww.w3.org%2F2000%2Fsvg%27%20width%3D%271948%27%20height%3D%272026%27%20viewBox%3D%270%200%201948%202026%27%3E%3Crect%20width%3D%271948%27%20height%3D%272026%27%20fill-opacity%3D%220%22%2F%3E%3C%2Fsvg%3E\" data-orig-src=\"https:\/\/villa-pacetina.com\/wp-content\/uploads\/2023\/11\/villa-pacetina-cijena.jpg\" alt=\"\" width=\"1948\" height=\"2026\"><\/p>\n<\/div><\/div><\/div><\/div><\/div><div class=\"fusion-title title fusion-title-1 fusion-title-center fusion-title-text fusion-title-size-two\" style=\"--awb-margin-top:30px;\"><div class=\"title-sep-container title-sep-container-left\"><div class=\"title-sep sep-double sep-solid\" style=\"border-color:var(--awb-color3);\"><\/div><\/div><span class=\"awb-title-spacer\"><\/span><h2 class=\"fusion-title-heading title-heading-center fusion-responsive-typography-calculated\" style=\"margin:0;--fontSize:26;line-height:var(--awb-typography1-line-height);\">Rezervirajte namestitev \u0161e danes<\/h2><span class=\"awb-title-spacer\"><\/span><div class=\"title-sep-container title-sep-container-right\"><div class=\"title-sep sep-double sep-solid\" style=\"border-color:var(--awb-color3);\"><\/div><\/div><\/div><script type=\"text\/javascript\">\n\/* <![CDATA[ *\/\nvar gform;gform||(document.addEventListener(\"gform_main_scripts_loaded\",function(){gform.scriptsLoaded=!0}),document.addEventListener(\"gform\/theme\/scripts_loaded\",function(){gform.themeScriptsLoaded=!0}),window.addEventListener(\"DOMContentLoaded\",function(){gform.domLoaded=!0}),gform={domLoaded:!1,scriptsLoaded:!1,themeScriptsLoaded:!1,isFormEditor:()=>\"function\"==typeof InitializeEditor,callIfLoaded:function(o){return!(!gform.domLoaded||!gform.scriptsLoaded||!gform.themeScriptsLoaded&&!gform.isFormEditor()||(gform.isFormEditor()&&console.warn(\"The use of gform.initializeOnLoaded() is deprecated in the form editor context and will be removed in Gravity Forms 3.1.\"),o(),0))},initializeOnLoaded:function(o){gform.callIfLoaded(o)||(document.addEventListener(\"gform_main_scripts_loaded\",()=>{gform.scriptsLoaded=!0,gform.callIfLoaded(o)}),document.addEventListener(\"gform\/theme\/scripts_loaded\",()=>{gform.themeScriptsLoaded=!0,gform.callIfLoaded(o)}),window.addEventListener(\"DOMContentLoaded\",()=>{gform.domLoaded=!0,gform.callIfLoaded(o)}))},hooks:{action:{},filter:{}},addAction:function(o,r,e,t){gform.addHook(\"action\",o,r,e,t)},addFilter:function(o,r,e,t){gform.addHook(\"filter\",o,r,e,t)},doAction:function(o){gform.doHook(\"action\",o,arguments)},applyFilters:function(o){return gform.doHook(\"filter\",o,arguments)},removeAction:function(o,r){gform.removeHook(\"action\",o,r)},removeFilter:function(o,r,e){gform.removeHook(\"filter\",o,r,e)},addHook:function(o,r,e,t,n){null==gform.hooks[o][r]&&(gform.hooks[o][r]=[]);var d=gform.hooks[o][r];null==n&&(n=r+\"_\"+d.length),gform.hooks[o][r].push({tag:n,callable:e,priority:t=null==t?10:t})},doHook:function(r,o,e){var t;if(e=Array.prototype.slice.call(e,1),null!=gform.hooks[r][o]&&((o=gform.hooks[r][o]).sort(function(o,r){return o.priority-r.priority}),o.forEach(function(o){\"function\"!=typeof(t=o.callable)&&(t=window[t]),\"action\"==r?t.apply(null,e):e[0]=t.apply(null,e)})),\"filter\"==r)return e[0]},removeHook:function(o,r,t,n){var e;null!=gform.hooks[o][r]&&(e=(e=gform.hooks[o][r]).filter(function(o,r,e){return!!(null!=n&&n!=o.tag||null!=t&&t!=o.priority)}),gform.hooks[o][r]=e)}});\n\/* ]]> *\/\n<\/script>\n\n                <div class='gf_browser_gecko gform_wrapper gravity-theme gform-theme--no-framework' data-form-theme='gravity-theme' data-form-index='0' id='gform_wrapper_1' >\n                        <div class='gform_heading'>\n\t\t\t\t\t\t\t<p class='gform_required_legend'>&quot;<span class=\"gfield_required gfield_required_asterisk\">*<\/span>&quot; indicates required fields<\/p>\n                        <\/div><form method='post' enctype='multipart\/form-data'  id='gform_1'  action='\/sl\/wp-json\/wp\/v2\/posts\/6179' data-formid='1' novalidate>\n                        <div class='gform-body gform_body'><div id='gform_fields_1' class='gform_fields top_label form_sublabel_below description_below validation_below'><div id=\"field_1_8\" class=\"gfield gfield--type-honeypot gform_validation_container field_sublabel_below gfield--has-description field_description_below field_validation_below gfield_visibility_visible\"  ><label class='gfield_label gform-field-label' for='input_1_8'>Facebook<\/label><div class='ginput_container'><input name='input_8' id='input_1_8' type='text' value='' autocomplete='new-password'\/><\/div><div class='gfield_description' id='gfield_description_1_8'>This field is for validation purposes and should be left unchanged.<\/div><\/div><div id=\"field_1_1\" class=\"gfield gfield--type-text gfield--input-type-text gfield--width-third gfield_contains_required field_sublabel_below gfield--no-description field_description_below field_validation_below gfield_visibility_visible\"  ><label class='gfield_label gform-field-label' for='input_1_1'>Ime in priimek:<span class=\"gfield_required\"><span class=\"gfield_required gfield_required_asterisk\">*<\/span><\/span><\/label><div class='ginput_container ginput_container_text'><input name='input_1' id='input_1_1' type='text' value='' class='large'     aria-required=\"true\" aria-invalid=\"false\"   \/><\/div><\/div><div id=\"field_1_5\" class=\"gfield gfield--type-email gfield--input-type-email gfield--width-third gfield_contains_required field_sublabel_below gfield--no-description field_description_below field_validation_below gfield_visibility_visible\"  ><label class='gfield_label gform-field-label' for='input_1_5'>E-naslov:<span class=\"gfield_required\"><span class=\"gfield_required gfield_required_asterisk\">*<\/span><\/span><\/label><div class='ginput_container ginput_container_email'>\n                            <input name='input_5' id='input_1_5' type='email' value='' class='large'    aria-required=\"true\" aria-invalid=\"false\"  \/>\n                        <\/div><\/div><div id=\"field_1_3\" class=\"gfield gfield--type-text gfield--input-type-text gfield--width-third gfield_contains_required field_sublabel_below gfield--no-description field_description_below field_validation_below gfield_visibility_visible\"  ><label class='gfield_label gform-field-label' for='input_1_3'>Telefonska \u0161tevilka:<span class=\"gfield_required\"><span class=\"gfield_required gfield_required_asterisk\">*<\/span><\/span><\/label><div class='ginput_container ginput_container_text'><input name='input_3' id='input_1_3' type='text' value='' class='large'     aria-required=\"true\" aria-invalid=\"false\"   \/><\/div><\/div><div id=\"field_1_6\" class=\"gfield gfield--type-textarea gfield--input-type-textarea gfield--width-full gfield_contains_required field_sublabel_below gfield--no-description field_description_below field_validation_below gfield_visibility_visible\"  ><label class='gfield_label gform-field-label' for='input_1_6'>Sporo\u010dilo:<span class=\"gfield_required\"><span class=\"gfield_required gfield_required_asterisk\">*<\/span><\/span><\/label><div class='ginput_container ginput_container_textarea'><textarea name='input_6' id='input_1_6' class='textarea small'     aria-required=\"true\" aria-invalid=\"false\"   rows='10' cols='50'><\/textarea><\/div><\/div><div id=\"field_1_7\" class=\"gfield gfield--type-captcha gfield--input-type-captcha gfield--width-full field_sublabel_below gfield--no-description field_description_below field_validation_below gfield_visibility_visible\"  ><label class='gfield_label gform-field-label screen-reader-text' for='input_1_7'><\/label><div id='input_1_7' class='ginput_container ginput_recaptcha' data-sitekey='6LcRwQ4kAAAAAH7fNcZRSVPHmLcaX86S-THOzDKt'  data-theme='light' data-tabindex='0'  data-badge=''><\/div><\/div><\/div><\/div>\n        <div class='gform-footer gform_footer top_label'> <input type='submit' id='gform_submit_button_1' class='gform_button button' onclick='gform.submission.handleButtonClick(this);' data-submission-type='submit' value='poslati'  \/> \n            <input type='hidden' class='gform_hidden' name='gform_submission_method' data-js='gform_submission_method_1' value='postback' \/>\n            <input type='hidden' class='gform_hidden' name='gform_theme' data-js='gform_theme_1' id='gform_theme_1' value='gravity-theme' \/>\n            <input type='hidden' class='gform_hidden' name='gform_style_settings' data-js='gform_style_settings_1' id='gform_style_settings_1' value='[]' \/>\n            <input type='hidden' class='gform_hidden' name='is_submit_1' value='1' \/>\n            <input type='hidden' class='gform_hidden' name='gform_submit' value='1' \/>\n            \n            <input type='hidden' class='gform_hidden' name='gform_currency' data-currency='EUR' value='X+wR1yQi+eNt2aXB1XSqTUcpoyZs8yvf6tpO0DxKUwTibY3Lz\/v9JlbyKIg4jM1orxYzhDdqnBMcUrBYeRcDL4aucoqXCfg3I\/aOU6y4Ru8qCWE=' \/>\n            <input type='hidden' class='gform_hidden' name='gform_unique_id' value='' \/>\n            <input type='hidden' class='gform_hidden' name='state_1' value='WyJbXSIsImQzZmUyMTQzNGQ1YWJmZWY3OWFiMjM5MDIzN2JjM2Y3Il0=' \/>\n            <input type='hidden' autocomplete='off' class='gform_hidden' name='gform_target_page_number_1' id='gform_target_page_number_1' value='0' \/>\n            <input type='hidden' autocomplete='off' class='gform_hidden' name='gform_source_page_number_1' id='gform_source_page_number_1' value='1' \/>\n            <input type='hidden' name='gform_field_values' value='' \/>\n            \n        <\/div>\n                        <input type=\"hidden\" id=\"ct_checkjs_f770b62bc8f42a0b66751fe636fc6eb0\" name=\"ct_checkjs\" value=\"0\" \/><script >setTimeout(function(){var ct_input_name = \"ct_checkjs_f770b62bc8f42a0b66751fe636fc6eb0\";if (document.getElementById(ct_input_name) !== null) {var ct_input_value = document.getElementById(ct_input_name).value;document.getElementById(ct_input_name).value = document.getElementById(ct_input_name).value.replace(ct_input_value, 'c13234a4d08287727fb58eccd144565b8dd8541aa87a061f03cd46eb47526658');}}, 1000);<\/script><input\n                    class=\"apbct_special_field apbct_email_id__gravity_form\"\n                    name=\"apbct__email_id__gravity_form\"\n                    aria-label=\"apbct__label_id__gravity_form\"\n                    type=\"text\" size=\"30\" maxlength=\"200\" autocomplete=\"off\"\n                    value=\"\"\n                \/><\/form>\n                        <\/div><script type=\"text\/javascript\">\n\/* <![CDATA[ *\/\n gform.initializeOnLoaded( function() {gformInitSpinner( 1, 'https:\/\/villa-pacetina.com\/wp-content\/plugins\/gravityforms\/images\/spinner.svg', true );jQuery('#gform_ajax_frame_1').on('load',function(){var contents = jQuery(this).contents().find('*').html();var is_postback = contents.indexOf('GF_AJAX_POSTBACK') >= 0;if(!is_postback){return;}var form_content = jQuery(this).contents().find('#gform_wrapper_1');var is_confirmation = jQuery(this).contents().find('#gform_confirmation_wrapper_1').length > 0;var is_redirect = contents.indexOf('gformRedirect(){') >= 0;var is_form = form_content.length > 0 && ! is_redirect && ! is_confirmation;var mt = parseInt(jQuery('html').css('margin-top'), 10) + parseInt(jQuery('body').css('margin-top'), 10) + 100;if(is_form){jQuery('#gform_wrapper_1').html(form_content.html());if(form_content.hasClass('gform_validation_error')){jQuery('#gform_wrapper_1').addClass('gform_validation_error');} else {jQuery('#gform_wrapper_1').removeClass('gform_validation_error');}setTimeout( function() { \/* delay the scroll by 50 milliseconds to fix a bug in chrome *\/  }, 50 );if(window['gformInitDatepicker']) {gformInitDatepicker();}if(window['gformInitPriceFields']) {gformInitPriceFields();}var current_page = jQuery('#gform_source_page_number_1').val();gformInitSpinner( 1, 'https:\/\/villa-pacetina.com\/wp-content\/plugins\/gravityforms\/images\/spinner.svg', true );jQuery(document).trigger('gform_page_loaded', [1, current_page]);window['gf_submitting_1'] = false;}else if(!is_redirect){var confirmation_content = jQuery(this).contents().find('.GF_AJAX_POSTBACK').html();if(!confirmation_content){confirmation_content = contents;}jQuery('#gform_wrapper_1').replaceWith(confirmation_content);jQuery(document).trigger('gform_confirmation_loaded', [1]);window['gf_submitting_1'] = false;wp.a11y.speak(jQuery('#gform_confirmation_message_1').text());}else{jQuery('#gform_1').append(contents);if(window['gformRedirect']) {gformRedirect();}}jQuery(document).trigger(\"gform_pre_post_render\", [{ formId: \"1\", currentPage: \"current_page\", abort: function() { this.preventDefault(); } }]);        if (event && event.defaultPrevented) {                return;        }        const gformWrapperDiv = document.getElementById( \"gform_wrapper_1\" );        if ( gformWrapperDiv ) {            const visibilitySpan = document.createElement( \"span\" );            visibilitySpan.id = \"gform_visibility_test_1\";            gformWrapperDiv.insertAdjacentElement( \"afterend\", visibilitySpan );        }        const visibilityTestDiv = document.getElementById( \"gform_visibility_test_1\" );        let postRenderFired = false;        function triggerPostRender() {            if ( postRenderFired ) {                return;            }            postRenderFired = true;            gform.core.triggerPostRenderEvents( 1, current_page );            if ( visibilityTestDiv ) {                visibilityTestDiv.parentNode.removeChild( visibilityTestDiv );            }        }        function debounce( func, wait, immediate ) {            var timeout;            return function() {                var context = this, args = arguments;                var later = function() {                    timeout = null;                    if ( !immediate ) func.apply( context, args );                };                var callNow = immediate && !timeout;                clearTimeout( timeout );                timeout = setTimeout( later, wait );                if ( callNow ) func.apply( context, args );            };        }        const debouncedTriggerPostRender = debounce( function() {            triggerPostRender();        }, 200 );        if ( visibilityTestDiv && visibilityTestDiv.offsetParent === null ) {            const observer = new MutationObserver( ( mutations ) => {                mutations.forEach( ( mutation ) => {                    if ( mutation.type === 'attributes' && visibilityTestDiv.offsetParent !== null ) {                        debouncedTriggerPostRender();                        observer.disconnect();                    }                });            });            observer.observe( document.body, {                attributes: true,                childList: false,                subtree: true,                attributeFilter: [ 'style', 'class' ],            });        } else {            triggerPostRender();        }    } );} ); \n\/* ]]> *\/\n<\/script>\n<\/div><\/div><\/div><\/div>\n","protected":false},"excerpt":{"rendered":"","protected":false},"author":1,"featured_media":6170,"comment_status":"open","ping_status":"open","sticky":false,"template":"","format":"standard","meta":{"footnotes":""},"categories":[32],"tags":[],"class_list":["post-6179","post","type-post","status-publish","format-standard","has-post-thumbnail","hentry","category-uncategorized-sl"],"yoast_head":"<!-- This site is optimized with the Yoast SEO plugin v27.1.1 - https:\/\/yoast.com\/product\/yoast-seo-wordpress\/ -->\n<title>Vila Pa\u010detina - Idealen kraj za praznovanje Martinovanja 2024 - Villa Pa\u010detina<\/title>\n<meta name=\"robots\" content=\"index, follow, max-snippet:-1, max-image-preview:large, max-video-preview:-1\" \/>\n<link rel=\"canonical\" href=\"https:\/\/villa-pacetina.com\/sl\/vila-pacetina-idealen-kraj-za-martinovanje\/\" \/>\n<meta property=\"og:locale\" content=\"sl_SI\" \/>\n<meta property=\"og:type\" content=\"article\" \/>\n<meta property=\"og:title\" content=\"Vila Pa\u010detina - Idealen kraj za praznovanje Martinovanja 2024 - Villa Pa\u010detina\" \/>\n<meta property=\"og:url\" content=\"https:\/\/villa-pacetina.com\/sl\/vila-pacetina-idealen-kraj-za-martinovanje\/\" \/>\n<meta property=\"og:site_name\" content=\"Villa Pa\u010detina\" \/>\n<meta property=\"article:publisher\" content=\"https:\/\/www.facebook.com\/vilapacetina\/\" \/>\n<meta property=\"article:published_time\" content=\"2023-11-06T15:21:41+00:00\" \/>\n<meta property=\"article:modified_time\" content=\"2024-10-19T20:05:41+00:00\" \/>\n<meta property=\"og:image\" content=\"https:\/\/villa-pacetina.com\/wp-content\/uploads\/2023\/11\/villa-pacetina.com-villa-zagorje-zagorje-smjestaj-s-bazenom-slider-proslava-martinja-u-zagorju.jpg\" \/>\n\t<meta property=\"og:image:width\" content=\"800\" \/>\n\t<meta property=\"og:image:height\" content=\"450\" \/>\n\t<meta property=\"og:image:type\" content=\"image\/jpeg\" \/>\n<meta name=\"author\" content=\"admin\" \/>\n<meta name=\"twitter:card\" content=\"summary_large_image\" \/>\n<meta name=\"twitter:label1\" content=\"Written by\" \/>\n\t<meta name=\"twitter:data1\" content=\"admin\" \/>\n\t<meta name=\"twitter:label2\" content=\"Est. reading time\" \/>\n\t<meta name=\"twitter:data2\" content=\"9 minut\" \/>\n<script type=\"application\/ld+json\" class=\"yoast-schema-graph\">{\"@context\":\"https:\/\/schema.org\",\"@graph\":[{\"@type\":\"Article\",\"@id\":\"https:\/\/villa-pacetina.com\/sl\/vila-pacetina-idealen-kraj-za-martinovanje\/#article\",\"isPartOf\":{\"@id\":\"https:\/\/villa-pacetina.com\/sl\/vila-pacetina-idealen-kraj-za-martinovanje\/\"},\"author\":{\"name\":\"admin\",\"@id\":\"https:\/\/villa-pacetina.com\/sl\/#\/schema\/person\/1c68f551c9ed88ed99f8be2a16ae526b\"},\"headline\":\"Vila Pa\u010detina &#8211; Idealen kraj za praznovanje Martinovanja 2024\",\"datePublished\":\"2023-11-06T15:21:41+00:00\",\"dateModified\":\"2024-10-19T20:05:41+00:00\",\"mainEntityOfPage\":{\"@id\":\"https:\/\/villa-pacetina.com\/sl\/vila-pacetina-idealen-kraj-za-martinovanje\/\"},\"wordCount\":1898,\"commentCount\":0,\"image\":{\"@id\":\"https:\/\/villa-pacetina.com\/sl\/vila-pacetina-idealen-kraj-za-martinovanje\/#primaryimage\"},\"thumbnailUrl\":\"https:\/\/villa-pacetina.com\/wp-content\/uploads\/2023\/11\/villa-pacetina.com-villa-zagorje-zagorje-smjestaj-s-bazenom-slider-proslava-martinja-u-zagorju.jpg\",\"articleSection\":[\"Uncategorized @sl\"],\"inLanguage\":\"sl-SI\",\"potentialAction\":[{\"@type\":\"CommentAction\",\"name\":\"Comment\",\"target\":[\"https:\/\/villa-pacetina.com\/sl\/vila-pacetina-idealen-kraj-za-martinovanje\/#respond\"]}]},{\"@type\":\"WebPage\",\"@id\":\"https:\/\/villa-pacetina.com\/sl\/vila-pacetina-idealen-kraj-za-martinovanje\/\",\"url\":\"https:\/\/villa-pacetina.com\/sl\/vila-pacetina-idealen-kraj-za-martinovanje\/\",\"name\":\"Vila Pa\u010detina - Idealen kraj za praznovanje Martinovanja 2024 - Villa Pa\u010detina\",\"isPartOf\":{\"@id\":\"https:\/\/villa-pacetina.com\/sl\/#website\"},\"primaryImageOfPage\":{\"@id\":\"https:\/\/villa-pacetina.com\/sl\/vila-pacetina-idealen-kraj-za-martinovanje\/#primaryimage\"},\"image\":{\"@id\":\"https:\/\/villa-pacetina.com\/sl\/vila-pacetina-idealen-kraj-za-martinovanje\/#primaryimage\"},\"thumbnailUrl\":\"https:\/\/villa-pacetina.com\/wp-content\/uploads\/2023\/11\/villa-pacetina.com-villa-zagorje-zagorje-smjestaj-s-bazenom-slider-proslava-martinja-u-zagorju.jpg\",\"datePublished\":\"2023-11-06T15:21:41+00:00\",\"dateModified\":\"2024-10-19T20:05:41+00:00\",\"author\":{\"@id\":\"https:\/\/villa-pacetina.com\/sl\/#\/schema\/person\/1c68f551c9ed88ed99f8be2a16ae526b\"},\"breadcrumb\":{\"@id\":\"https:\/\/villa-pacetina.com\/sl\/vila-pacetina-idealen-kraj-za-martinovanje\/#breadcrumb\"},\"inLanguage\":\"sl-SI\",\"potentialAction\":[{\"@type\":\"ReadAction\",\"target\":[\"https:\/\/villa-pacetina.com\/sl\/vila-pacetina-idealen-kraj-za-martinovanje\/\"]}]},{\"@type\":\"ImageObject\",\"inLanguage\":\"sl-SI\",\"@id\":\"https:\/\/villa-pacetina.com\/sl\/vila-pacetina-idealen-kraj-za-martinovanje\/#primaryimage\",\"url\":\"https:\/\/villa-pacetina.com\/wp-content\/uploads\/2023\/11\/villa-pacetina.com-villa-zagorje-zagorje-smjestaj-s-bazenom-slider-proslava-martinja-u-zagorju.jpg\",\"contentUrl\":\"https:\/\/villa-pacetina.com\/wp-content\/uploads\/2023\/11\/villa-pacetina.com-villa-zagorje-zagorje-smjestaj-s-bazenom-slider-proslava-martinja-u-zagorju.jpg\",\"width\":800,\"height\":450,\"caption\":\"villa-pacetina.com-villa-zagorje-zagorje-smjestaj-s-bazenom-slider - proslava martinja u zagorju\"},{\"@type\":\"BreadcrumbList\",\"@id\":\"https:\/\/villa-pacetina.com\/sl\/vila-pacetina-idealen-kraj-za-martinovanje\/#breadcrumb\",\"itemListElement\":[{\"@type\":\"ListItem\",\"position\":1,\"name\":\"Po\u010detna stranica\",\"item\":\"https:\/\/villa-pacetina.com\/sl\/prednja-stran\/\"},{\"@type\":\"ListItem\",\"position\":2,\"name\":\"Vila Pa\u010detina &#8211; Idealen kraj za martinovanje\"}]},{\"@type\":\"WebSite\",\"@id\":\"https:\/\/villa-pacetina.com\/sl\/#website\",\"url\":\"https:\/\/villa-pacetina.com\/sl\/\",\"name\":\"Villa Pa\u010detina\",\"description\":\"Idealno mjesto za odmor, u oazi mira i zelenilu\",\"potentialAction\":[{\"@type\":\"SearchAction\",\"target\":{\"@type\":\"EntryPoint\",\"urlTemplate\":\"https:\/\/villa-pacetina.com\/sl\/?s={search_term_string}\"},\"query-input\":{\"@type\":\"PropertyValueSpecification\",\"valueRequired\":true,\"valueName\":\"search_term_string\"}}],\"inLanguage\":\"sl-SI\"},{\"@type\":\"Person\",\"@id\":\"https:\/\/villa-pacetina.com\/sl\/#\/schema\/person\/1c68f551c9ed88ed99f8be2a16ae526b\",\"name\":\"admin\",\"image\":{\"@type\":\"ImageObject\",\"inLanguage\":\"sl-SI\",\"@id\":\"https:\/\/villa-pacetina.com\/sl\/#\/schema\/person\/image\/\",\"url\":\"https:\/\/secure.gravatar.com\/avatar\/f98ec6756cb20d61f922dfb50f66c1bb9dc60bbcf7b8ab4672001b466ee773f8?s=96&d=mm&r=g\",\"contentUrl\":\"https:\/\/secure.gravatar.com\/avatar\/f98ec6756cb20d61f922dfb50f66c1bb9dc60bbcf7b8ab4672001b466ee773f8?s=96&d=mm&r=g\",\"caption\":\"admin\"},\"sameAs\":[\"https:\/\/villa-pacetina.com\"],\"url\":\"https:\/\/villa-pacetina.com\/sl\/author\/admin\/\"}]}<\/script>\n<!-- \/ Yoast SEO plugin. -->","yoast_head_json":{"title":"Vila Pa\u010detina - Idealen kraj za praznovanje Martinovanja 2024 - Villa Pa\u010detina","robots":{"index":"index","follow":"follow","max-snippet":"max-snippet:-1","max-image-preview":"max-image-preview:large","max-video-preview":"max-video-preview:-1"},"canonical":"https:\/\/villa-pacetina.com\/sl\/vila-pacetina-idealen-kraj-za-martinovanje\/","og_locale":"sl_SI","og_type":"article","og_title":"Vila Pa\u010detina - Idealen kraj za praznovanje Martinovanja 2024 - Villa Pa\u010detina","og_url":"https:\/\/villa-pacetina.com\/sl\/vila-pacetina-idealen-kraj-za-martinovanje\/","og_site_name":"Villa Pa\u010detina","article_publisher":"https:\/\/www.facebook.com\/vilapacetina\/","article_published_time":"2023-11-06T15:21:41+00:00","article_modified_time":"2024-10-19T20:05:41+00:00","og_image":[{"width":800,"height":450,"url":"https:\/\/villa-pacetina.com\/wp-content\/uploads\/2023\/11\/villa-pacetina.com-villa-zagorje-zagorje-smjestaj-s-bazenom-slider-proslava-martinja-u-zagorju.jpg","type":"image\/jpeg"}],"author":"admin","twitter_card":"summary_large_image","twitter_misc":{"Written by":"admin","Est. reading time":"9 minut"},"schema":{"@context":"https:\/\/schema.org","@graph":[{"@type":"Article","@id":"https:\/\/villa-pacetina.com\/sl\/vila-pacetina-idealen-kraj-za-martinovanje\/#article","isPartOf":{"@id":"https:\/\/villa-pacetina.com\/sl\/vila-pacetina-idealen-kraj-za-martinovanje\/"},"author":{"name":"admin","@id":"https:\/\/villa-pacetina.com\/sl\/#\/schema\/person\/1c68f551c9ed88ed99f8be2a16ae526b"},"headline":"Vila Pa\u010detina &#8211; Idealen kraj za praznovanje Martinovanja 2024","datePublished":"2023-11-06T15:21:41+00:00","dateModified":"2024-10-19T20:05:41+00:00","mainEntityOfPage":{"@id":"https:\/\/villa-pacetina.com\/sl\/vila-pacetina-idealen-kraj-za-martinovanje\/"},"wordCount":1898,"commentCount":0,"image":{"@id":"https:\/\/villa-pacetina.com\/sl\/vila-pacetina-idealen-kraj-za-martinovanje\/#primaryimage"},"thumbnailUrl":"https:\/\/villa-pacetina.com\/wp-content\/uploads\/2023\/11\/villa-pacetina.com-villa-zagorje-zagorje-smjestaj-s-bazenom-slider-proslava-martinja-u-zagorju.jpg","articleSection":["Uncategorized @sl"],"inLanguage":"sl-SI","potentialAction":[{"@type":"CommentAction","name":"Comment","target":["https:\/\/villa-pacetina.com\/sl\/vila-pacetina-idealen-kraj-za-martinovanje\/#respond"]}]},{"@type":"WebPage","@id":"https:\/\/villa-pacetina.com\/sl\/vila-pacetina-idealen-kraj-za-martinovanje\/","url":"https:\/\/villa-pacetina.com\/sl\/vila-pacetina-idealen-kraj-za-martinovanje\/","name":"Vila Pa\u010detina - Idealen kraj za praznovanje Martinovanja 2024 - Villa Pa\u010detina","isPartOf":{"@id":"https:\/\/villa-pacetina.com\/sl\/#website"},"primaryImageOfPage":{"@id":"https:\/\/villa-pacetina.com\/sl\/vila-pacetina-idealen-kraj-za-martinovanje\/#primaryimage"},"image":{"@id":"https:\/\/villa-pacetina.com\/sl\/vila-pacetina-idealen-kraj-za-martinovanje\/#primaryimage"},"thumbnailUrl":"https:\/\/villa-pacetina.com\/wp-content\/uploads\/2023\/11\/villa-pacetina.com-villa-zagorje-zagorje-smjestaj-s-bazenom-slider-proslava-martinja-u-zagorju.jpg","datePublished":"2023-11-06T15:21:41+00:00","dateModified":"2024-10-19T20:05:41+00:00","author":{"@id":"https:\/\/villa-pacetina.com\/sl\/#\/schema\/person\/1c68f551c9ed88ed99f8be2a16ae526b"},"breadcrumb":{"@id":"https:\/\/villa-pacetina.com\/sl\/vila-pacetina-idealen-kraj-za-martinovanje\/#breadcrumb"},"inLanguage":"sl-SI","potentialAction":[{"@type":"ReadAction","target":["https:\/\/villa-pacetina.com\/sl\/vila-pacetina-idealen-kraj-za-martinovanje\/"]}]},{"@type":"ImageObject","inLanguage":"sl-SI","@id":"https:\/\/villa-pacetina.com\/sl\/vila-pacetina-idealen-kraj-za-martinovanje\/#primaryimage","url":"https:\/\/villa-pacetina.com\/wp-content\/uploads\/2023\/11\/villa-pacetina.com-villa-zagorje-zagorje-smjestaj-s-bazenom-slider-proslava-martinja-u-zagorju.jpg","contentUrl":"https:\/\/villa-pacetina.com\/wp-content\/uploads\/2023\/11\/villa-pacetina.com-villa-zagorje-zagorje-smjestaj-s-bazenom-slider-proslava-martinja-u-zagorju.jpg","width":800,"height":450,"caption":"villa-pacetina.com-villa-zagorje-zagorje-smjestaj-s-bazenom-slider - proslava martinja u zagorju"},{"@type":"BreadcrumbList","@id":"https:\/\/villa-pacetina.com\/sl\/vila-pacetina-idealen-kraj-za-martinovanje\/#breadcrumb","itemListElement":[{"@type":"ListItem","position":1,"name":"Po\u010detna stranica","item":"https:\/\/villa-pacetina.com\/sl\/prednja-stran\/"},{"@type":"ListItem","position":2,"name":"Vila Pa\u010detina &#8211; Idealen kraj za martinovanje"}]},{"@type":"WebSite","@id":"https:\/\/villa-pacetina.com\/sl\/#website","url":"https:\/\/villa-pacetina.com\/sl\/","name":"Villa Pa\u010detina","description":"Idealno mjesto za odmor, u oazi mira i zelenilu","potentialAction":[{"@type":"SearchAction","target":{"@type":"EntryPoint","urlTemplate":"https:\/\/villa-pacetina.com\/sl\/?s={search_term_string}"},"query-input":{"@type":"PropertyValueSpecification","valueRequired":true,"valueName":"search_term_string"}}],"inLanguage":"sl-SI"},{"@type":"Person","@id":"https:\/\/villa-pacetina.com\/sl\/#\/schema\/person\/1c68f551c9ed88ed99f8be2a16ae526b","name":"admin","image":{"@type":"ImageObject","inLanguage":"sl-SI","@id":"https:\/\/villa-pacetina.com\/sl\/#\/schema\/person\/image\/","url":"https:\/\/secure.gravatar.com\/avatar\/f98ec6756cb20d61f922dfb50f66c1bb9dc60bbcf7b8ab4672001b466ee773f8?s=96&d=mm&r=g","contentUrl":"https:\/\/secure.gravatar.com\/avatar\/f98ec6756cb20d61f922dfb50f66c1bb9dc60bbcf7b8ab4672001b466ee773f8?s=96&d=mm&r=g","caption":"admin"},"sameAs":["https:\/\/villa-pacetina.com"],"url":"https:\/\/villa-pacetina.com\/sl\/author\/admin\/"}]}},"_links":{"self":[{"href":"https:\/\/villa-pacetina.com\/sl\/wp-json\/wp\/v2\/posts\/6179","targetHints":{"allow":["GET"]}}],"collection":[{"href":"https:\/\/villa-pacetina.com\/sl\/wp-json\/wp\/v2\/posts"}],"about":[{"href":"https:\/\/villa-pacetina.com\/sl\/wp-json\/wp\/v2\/types\/post"}],"author":[{"embeddable":true,"href":"https:\/\/villa-pacetina.com\/sl\/wp-json\/wp\/v2\/users\/1"}],"replies":[{"embeddable":true,"href":"https:\/\/villa-pacetina.com\/sl\/wp-json\/wp\/v2\/comments?post=6179"}],"version-history":[{"count":0,"href":"https:\/\/villa-pacetina.com\/sl\/wp-json\/wp\/v2\/posts\/6179\/revisions"}],"wp:featuredmedia":[{"embeddable":true,"href":"https:\/\/villa-pacetina.com\/sl\/wp-json\/wp\/v2\/media\/6170"}],"wp:attachment":[{"href":"https:\/\/villa-pacetina.com\/sl\/wp-json\/wp\/v2\/media?parent=6179"}],"wp:term":[{"taxonomy":"category","embeddable":true,"href":"https:\/\/villa-pacetina.com\/sl\/wp-json\/wp\/v2\/categories?post=6179"},{"taxonomy":"post_tag","embeddable":true,"href":"https:\/\/villa-pacetina.com\/sl\/wp-json\/wp\/v2\/tags?post=6179"}],"curies":[{"name":"wp","href":"https:\/\/api.w.org\/{rel}","templated":true}]}}