{"id":6244,"date":"2023-04-12T08:42:34","date_gmt":"2023-04-12T08:42:34","guid":{"rendered":"https:\/\/villa-pacetina.com\/vila-pacetina-utrjuje-polozaj-okoljsko-ozavescene-destinacije-nova-moznost-polnjenja-elektricnih-avtomobilov\/"},"modified":"2024-10-25T10:34:41","modified_gmt":"2024-10-25T10:34:41","slug":"vila-pacetina-utrjuje-polozaj-okoljsko-ozavescene-destinacije-nova-moznost-polnjenja-elektricnih-avtomobilov","status":"publish","type":"post","link":"https:\/\/villa-pacetina.com\/sl\/vila-pacetina-utrjuje-polozaj-okoljsko-ozavescene-destinacije-nova-moznost-polnjenja-elektricnih-avtomobilov\/","title":{"rendered":"Vila Pa\u010detina utrjuje polo\u017eaj ekolo\u0161ke destinacije: Nova mo\u017enost brezpla\u010dnega polnjenja elektri\u010dnih avtomobilov"},"content":{"rendered":"<div class=\"fusion-fullwidth fullwidth-box fusion-builder-row-1 fusion-flex-container nonhundred-percent-fullwidth non-hundred-percent-height-scrolling\" style=\"--awb-border-radius-top-left:0px;--awb-border-radius-top-right:0px;--awb-border-radius-bottom-right:0px;--awb-border-radius-bottom-left:0px;--awb-flex-wrap:wrap;\" ><div class=\"fusion-builder-row fusion-row fusion-flex-align-items-flex-start fusion-flex-content-wrap\" style=\"max-width:1300px;margin-left: calc(-4% \/ 2 );margin-right: calc(-4% \/ 2 );\"><div class=\"fusion-layout-column fusion_builder_column fusion-builder-column-0 fusion_builder_column_1_1 1_1 fusion-flex-column\" style=\"--awb-bg-size:cover;--awb-width-large:100%;--awb-margin-top-large:0px;--awb-spacing-right-large:1.92%;--awb-margin-bottom-large:20px;--awb-spacing-left-large:1.92%;--awb-width-medium:100%;--awb-order-medium:0;--awb-spacing-right-medium:1.92%;--awb-spacing-left-medium:1.92%;--awb-width-small:100%;--awb-order-small:0;--awb-spacing-right-small:1.92%;--awb-spacing-left-small:1.92%;\"><div class=\"fusion-column-wrapper fusion-column-has-shadow fusion-flex-justify-content-flex-start fusion-content-layout-column\"><div class=\"fusion-builder-row fusion-builder-row-inner fusion-row fusion-flex-align-items-flex-start fusion-flex-content-wrap\" style=\"width:104% !important;max-width:104% !important;margin-left: calc(-4% \/ 2 );margin-right: calc(-4% \/ 2 );\"><div class=\"fusion-layout-column fusion_builder_column_inner fusion-builder-nested-column-0 fusion_builder_column_inner_1_1 1_1 fusion-flex-column\" style=\"--awb-bg-size:cover;--awb-width-large:100%;--awb-margin-top-large:0px;--awb-spacing-right-large:1.92%;--awb-margin-bottom-large:20px;--awb-spacing-left-large:1.92%;--awb-width-medium:100%;--awb-order-medium:0;--awb-spacing-right-medium:1.92%;--awb-spacing-left-medium:1.92%;--awb-width-small:100%;--awb-order-small:0;--awb-spacing-right-small:1.92%;--awb-spacing-left-small:1.92%;\"><div class=\"fusion-column-wrapper fusion-column-has-shadow fusion-flex-justify-content-flex-start fusion-content-layout-column\"><div class=\"fusion-title title fusion-title-1 fusion-title-center fusion-title-text fusion-title-size-two\" style=\"--awb-margin-bottom:0px;--awb-margin-bottom-small:0px;--awb-font-size:var(--awb-typography2-font-size);\"><div class=\"title-sep-container title-sep-container-left\"><div class=\"title-sep sep- sep-solid\" style=\"border-color:var(--awb-color3);\"><\/div><\/div><span class=\"awb-title-spacer\"><\/span><h2 class=\"fusion-title-heading title-heading-center fusion-responsive-typography-calculated\" style=\"font-family:var(--awb-typography2-font-family);font-weight:var(--awb-typography2-font-weight);font-style:var(--awb-typography2-font-style);margin:0;font-size:1em;letter-spacing:var(--awb-typography2-letter-spacing);text-transform:var(--awb-typography2-text-transform);--fontSize:13;--minFontSize:13;line-height:var(--awb-typography2-line-height);\">Vila Pa\u010detina<\/h2><span class=\"awb-title-spacer\"><\/span><div class=\"title-sep-container title-sep-container-right\"><div class=\"title-sep sep- sep-solid\" style=\"border-color:var(--awb-color3);\"><\/div><\/div><\/div><div class=\"fusion-title title fusion-title-2 fusion-title-center fusion-title-text fusion-title-size-one\" style=\"--awb-margin-bottom-small:15px;--awb-font-size:46px;\"><div class=\"title-sep-container title-sep-container-left\"><div class=\"title-sep sep- sep-solid\" style=\"border-color:var(--awb-color3);\"><\/div><\/div><span class=\"awb-title-spacer\"><\/span><h1 class=\"fusion-title-heading title-heading-center fusion-responsive-typography-calculated\" style=\"margin:0;font-size:1em;text-transform:none;--fontSize:46;line-height:var(--awb-typography1-line-height);\">Vila Pa\u010detina utrjuje polo\u017eaj ekolo\u0161ke destinacije: Nova mo\u017enost brezpla\u010dnega polnjenja elektri\u010dnih avtomobilov<\/h1><span class=\"awb-title-spacer\"><\/span><div class=\"title-sep-container title-sep-container-right\"><div class=\"title-sep sep- sep-solid\" style=\"border-color:var(--awb-color3);\"><\/div><\/div><\/div><\/div><\/div><\/div><\/div><\/div><div class=\"fusion-layout-column fusion_builder_column fusion-builder-column-1 fusion_builder_column_1_1 1_1 fusion-flex-column\" style=\"--awb-bg-size:cover;--awb-width-large:100%;--awb-margin-top-large:0px;--awb-spacing-right-large:1.92%;--awb-margin-bottom-large:0px;--awb-spacing-left-large:1.92%;--awb-width-medium:100%;--awb-spacing-right-medium:1.92%;--awb-spacing-left-medium:1.92%;--awb-width-small:100%;--awb-spacing-right-small:1.92%;--awb-spacing-left-small:1.92%;\"><div class=\"fusion-column-wrapper fusion-flex-justify-content-flex-start fusion-content-layout-column\"><div class=\"fusion-text fusion-text-1\"><p>Vila Pa\u010detina, prepoznavna po svoji eleganci in udobju, je \u017ee od nekdaj sinonim za inovativnost in sodobnost. Pred kratkim je ta \u010dudovita vila ponosno naznanila svojo najnovej\u0161o mo\u017enost \u2013 polnjenje elektri\u010dnih avtomobilov s tehnologijo Schrach &amp; Charge. Ta novost postavlja Vilo Pa\u010detina v ospredje trendov trajnostne mobilnosti in prispeva k njenemu ugledu okoljsko ozave\u0161\u010dene destinacije.<\/p>\n<p>Tehnologija Schrach &amp; Charge, ki je ume\u0161\u010dena v luksuzno okolje vile, omogo\u010da gostom in obiskovalcem enostavno in hitro polnjenje svojih elektri\u010dnih vozil. To pomeni, da jim ni ve\u010d treba skrbeti, kje najti polnilno postajo ali pri\u010dakovati ob\u010dasno razpolo\u017eljiva prodajna mesta. Zdaj se lahko preprosto pripeljejo do vile, u\u017eivajo v njenih prednostih in hkrati napolnijo svoje vozilo ter tako zagotovijo, da so pripravljeni na naslednjo avanturo.<\/p>\n<p>Ta nova funkcija gostom ne olaj\u0161a le potovanja, ampak tudi spodbuja trajnost in okoljsko odgovornost. Glede na vse ve\u010dje \u0161tevilo elektri\u010dnih vozil na cestah po vsem svetu je Villa Pa\u010detina prepoznala potrebo po prilagoditvi svojih storitev potrebam sodobnih popotnikov. Izstopa kot vodilni v svoji panogi in je zgled drugim luksuznim destinacijam po vsem svetu.<\/p>\n<p>Poleg zagotavljanja udobja in razko\u0161ja svojim gostom ima Villa Pa\u010detina zdaj aktivno vlogo pri varovanju okolja. Zmanj\u0161evanje emisij CO2 postaja vse pomembnej\u0161e in ta inovacija dokazuje, da gresta razko\u0161je in okoljska ozave\u0161\u010denost lahko z roko v roki.<\/p>\n<p>Nenazadnje Villa Pa\u010detina nadaljuje svojo tradicijo postavljanja standardov v svetu luksuznih namestitev. Njegova nova zmo\u017enost polnjenja elektri\u010dnih avtomobilov s tehnologijo Schrach &amp; Charge ni le korak v prihodnost, ampak tudi potrditev njegove predanosti udobju, inovativnosti in trajnosti.<\/p>\n<\/div><\/div><\/div><\/div><\/div>\n","protected":false},"excerpt":{"rendered":"","protected":false},"author":1,"featured_media":6281,"comment_status":"open","ping_status":"open","sticky":false,"template":"","format":"standard","meta":{"footnotes":""},"categories":[32],"tags":[],"class_list":["post-6244","post","type-post","status-publish","format-standard","has-post-thumbnail","hentry","category-uncategorized-sl"],"yoast_head":"<!-- This site is optimized with the Yoast SEO plugin v27.1.1 - https:\/\/yoast.com\/product\/yoast-seo-wordpress\/ -->\n<title>Vila Pa\u010detina utrjuje polo\u017eaj ekolo\u0161ke destinacije: Nova mo\u017enost brezpla\u010dnega polnjenja elektri\u010dnih avtomobilov - Villa Pa\u010detina<\/title>\n<meta name=\"robots\" content=\"index, follow, max-snippet:-1, max-image-preview:large, max-video-preview:-1\" \/>\n<link rel=\"canonical\" href=\"https:\/\/villa-pacetina.com\/sl\/vila-pacetina-utrjuje-polozaj-okoljsko-ozavescene-destinacije-nova-moznost-polnjenja-elektricnih-avtomobilov\/\" \/>\n<meta property=\"og:locale\" content=\"sl_SI\" \/>\n<meta property=\"og:type\" content=\"article\" \/>\n<meta property=\"og:title\" content=\"Vila Pa\u010detina utrjuje polo\u017eaj ekolo\u0161ke destinacije: Nova mo\u017enost brezpla\u010dnega polnjenja elektri\u010dnih avtomobilov - Villa Pa\u010detina\" \/>\n<meta property=\"og:url\" content=\"https:\/\/villa-pacetina.com\/sl\/vila-pacetina-utrjuje-polozaj-okoljsko-ozavescene-destinacije-nova-moznost-polnjenja-elektricnih-avtomobilov\/\" \/>\n<meta property=\"og:site_name\" content=\"Villa Pa\u010detina\" \/>\n<meta property=\"article:publisher\" content=\"https:\/\/www.facebook.com\/vilapacetina\/\" \/>\n<meta property=\"article:published_time\" content=\"2023-04-12T08:42:34+00:00\" \/>\n<meta property=\"article:modified_time\" content=\"2024-10-25T10:34:41+00:00\" \/>\n<meta property=\"og:image\" content=\"https:\/\/villa-pacetina.com\/wp-content\/uploads\/2024\/04\/villa-pacetina.com-villa-zagorje-zagorje-smjestaj-s-bazenom-slider32-800x450-copy-400x225-copy.jpg\" \/>\n\t<meta property=\"og:image:width\" content=\"400\" \/>\n\t<meta property=\"og:image:height\" content=\"225\" \/>\n\t<meta property=\"og:image:type\" content=\"image\/jpeg\" \/>\n<meta name=\"author\" content=\"admin\" \/>\n<meta name=\"twitter:card\" content=\"summary_large_image\" \/>\n<meta name=\"twitter:label1\" content=\"Written by\" \/>\n\t<meta name=\"twitter:data1\" content=\"admin\" \/>\n\t<meta name=\"twitter:label2\" content=\"Est. reading time\" \/>\n\t<meta name=\"twitter:data2\" content=\"9 minut\" \/>\n<script type=\"application\/ld+json\" class=\"yoast-schema-graph\">{\"@context\":\"https:\/\/schema.org\",\"@graph\":[{\"@type\":\"Article\",\"@id\":\"https:\/\/villa-pacetina.com\/sl\/vila-pacetina-utrjuje-polozaj-okoljsko-ozavescene-destinacije-nova-moznost-polnjenja-elektricnih-avtomobilov\/#article\",\"isPartOf\":{\"@id\":\"https:\/\/villa-pacetina.com\/sl\/vila-pacetina-utrjuje-polozaj-okoljsko-ozavescene-destinacije-nova-moznost-polnjenja-elektricnih-avtomobilov\/\"},\"author\":{\"name\":\"admin\",\"@id\":\"https:\/\/villa-pacetina.com\/sl\/#\/schema\/person\/1c68f551c9ed88ed99f8be2a16ae526b\"},\"headline\":\"Vila Pa\u010detina utrjuje polo\u017eaj ekolo\u0161ke destinacije: Nova mo\u017enost brezpla\u010dnega polnjenja elektri\u010dnih avtomobilov\",\"datePublished\":\"2023-04-12T08:42:34+00:00\",\"dateModified\":\"2024-10-25T10:34:41+00:00\",\"mainEntityOfPage\":{\"@id\":\"https:\/\/villa-pacetina.com\/sl\/vila-pacetina-utrjuje-polozaj-okoljsko-ozavescene-destinacije-nova-moznost-polnjenja-elektricnih-avtomobilov\/\"},\"wordCount\":1786,\"commentCount\":0,\"image\":{\"@id\":\"https:\/\/villa-pacetina.com\/sl\/vila-pacetina-utrjuje-polozaj-okoljsko-ozavescene-destinacije-nova-moznost-polnjenja-elektricnih-avtomobilov\/#primaryimage\"},\"thumbnailUrl\":\"https:\/\/villa-pacetina.com\/wp-content\/uploads\/2024\/04\/villa-pacetina.com-villa-zagorje-zagorje-smjestaj-s-bazenom-slider32-800x450-copy-400x225-copy.jpg\",\"articleSection\":[\"Uncategorized @sl\"],\"inLanguage\":\"sl-SI\",\"potentialAction\":[{\"@type\":\"CommentAction\",\"name\":\"Comment\",\"target\":[\"https:\/\/villa-pacetina.com\/sl\/vila-pacetina-utrjuje-polozaj-okoljsko-ozavescene-destinacije-nova-moznost-polnjenja-elektricnih-avtomobilov\/#respond\"]}]},{\"@type\":\"WebPage\",\"@id\":\"https:\/\/villa-pacetina.com\/sl\/vila-pacetina-utrjuje-polozaj-okoljsko-ozavescene-destinacije-nova-moznost-polnjenja-elektricnih-avtomobilov\/\",\"url\":\"https:\/\/villa-pacetina.com\/sl\/vila-pacetina-utrjuje-polozaj-okoljsko-ozavescene-destinacije-nova-moznost-polnjenja-elektricnih-avtomobilov\/\",\"name\":\"Vila Pa\u010detina utrjuje polo\u017eaj ekolo\u0161ke destinacije: Nova mo\u017enost brezpla\u010dnega polnjenja elektri\u010dnih avtomobilov - Villa Pa\u010detina\",\"isPartOf\":{\"@id\":\"https:\/\/villa-pacetina.com\/sl\/#website\"},\"primaryImageOfPage\":{\"@id\":\"https:\/\/villa-pacetina.com\/sl\/vila-pacetina-utrjuje-polozaj-okoljsko-ozavescene-destinacije-nova-moznost-polnjenja-elektricnih-avtomobilov\/#primaryimage\"},\"image\":{\"@id\":\"https:\/\/villa-pacetina.com\/sl\/vila-pacetina-utrjuje-polozaj-okoljsko-ozavescene-destinacije-nova-moznost-polnjenja-elektricnih-avtomobilov\/#primaryimage\"},\"thumbnailUrl\":\"https:\/\/villa-pacetina.com\/wp-content\/uploads\/2024\/04\/villa-pacetina.com-villa-zagorje-zagorje-smjestaj-s-bazenom-slider32-800x450-copy-400x225-copy.jpg\",\"datePublished\":\"2023-04-12T08:42:34+00:00\",\"dateModified\":\"2024-10-25T10:34:41+00:00\",\"author\":{\"@id\":\"https:\/\/villa-pacetina.com\/sl\/#\/schema\/person\/1c68f551c9ed88ed99f8be2a16ae526b\"},\"breadcrumb\":{\"@id\":\"https:\/\/villa-pacetina.com\/sl\/vila-pacetina-utrjuje-polozaj-okoljsko-ozavescene-destinacije-nova-moznost-polnjenja-elektricnih-avtomobilov\/#breadcrumb\"},\"inLanguage\":\"sl-SI\",\"potentialAction\":[{\"@type\":\"ReadAction\",\"target\":[\"https:\/\/villa-pacetina.com\/sl\/vila-pacetina-utrjuje-polozaj-okoljsko-ozavescene-destinacije-nova-moznost-polnjenja-elektricnih-avtomobilov\/\"]}]},{\"@type\":\"ImageObject\",\"inLanguage\":\"sl-SI\",\"@id\":\"https:\/\/villa-pacetina.com\/sl\/vila-pacetina-utrjuje-polozaj-okoljsko-ozavescene-destinacije-nova-moznost-polnjenja-elektricnih-avtomobilov\/#primaryimage\",\"url\":\"https:\/\/villa-pacetina.com\/wp-content\/uploads\/2024\/04\/villa-pacetina.com-villa-zagorje-zagorje-smjestaj-s-bazenom-slider32-800x450-copy-400x225-copy.jpg\",\"contentUrl\":\"https:\/\/villa-pacetina.com\/wp-content\/uploads\/2024\/04\/villa-pacetina.com-villa-zagorje-zagorje-smjestaj-s-bazenom-slider32-800x450-copy-400x225-copy.jpg\",\"width\":400,\"height\":225},{\"@type\":\"BreadcrumbList\",\"@id\":\"https:\/\/villa-pacetina.com\/sl\/vila-pacetina-utrjuje-polozaj-okoljsko-ozavescene-destinacije-nova-moznost-polnjenja-elektricnih-avtomobilov\/#breadcrumb\",\"itemListElement\":[{\"@type\":\"ListItem\",\"position\":1,\"name\":\"Po\u010detna stranica\",\"item\":\"https:\/\/villa-pacetina.com\/sl\/prednja-stran\/\"},{\"@type\":\"ListItem\",\"position\":2,\"name\":\"Vila Pa\u010detina utrjuje polo\u017eaj ekolo\u0161ke destinacije: Nova mo\u017enost brezpla\u010dnega polnjenja elektri\u010dnih avtomobilov\"}]},{\"@type\":\"WebSite\",\"@id\":\"https:\/\/villa-pacetina.com\/sl\/#website\",\"url\":\"https:\/\/villa-pacetina.com\/sl\/\",\"name\":\"Villa Pa\u010detina\",\"description\":\"Idealno mjesto za odmor, u oazi mira i zelenilu\",\"potentialAction\":[{\"@type\":\"SearchAction\",\"target\":{\"@type\":\"EntryPoint\",\"urlTemplate\":\"https:\/\/villa-pacetina.com\/sl\/?s={search_term_string}\"},\"query-input\":{\"@type\":\"PropertyValueSpecification\",\"valueRequired\":true,\"valueName\":\"search_term_string\"}}],\"inLanguage\":\"sl-SI\"},{\"@type\":\"Person\",\"@id\":\"https:\/\/villa-pacetina.com\/sl\/#\/schema\/person\/1c68f551c9ed88ed99f8be2a16ae526b\",\"name\":\"admin\",\"image\":{\"@type\":\"ImageObject\",\"inLanguage\":\"sl-SI\",\"@id\":\"https:\/\/villa-pacetina.com\/sl\/#\/schema\/person\/image\/\",\"url\":\"https:\/\/secure.gravatar.com\/avatar\/f98ec6756cb20d61f922dfb50f66c1bb9dc60bbcf7b8ab4672001b466ee773f8?s=96&d=mm&r=g\",\"contentUrl\":\"https:\/\/secure.gravatar.com\/avatar\/f98ec6756cb20d61f922dfb50f66c1bb9dc60bbcf7b8ab4672001b466ee773f8?s=96&d=mm&r=g\",\"caption\":\"admin\"},\"sameAs\":[\"https:\/\/villa-pacetina.com\"],\"url\":\"https:\/\/villa-pacetina.com\/sl\/author\/admin\/\"}]}<\/script>\n<!-- \/ Yoast SEO plugin. -->","yoast_head_json":{"title":"Vila Pa\u010detina utrjuje polo\u017eaj ekolo\u0161ke destinacije: Nova mo\u017enost brezpla\u010dnega polnjenja elektri\u010dnih avtomobilov - Villa Pa\u010detina","robots":{"index":"index","follow":"follow","max-snippet":"max-snippet:-1","max-image-preview":"max-image-preview:large","max-video-preview":"max-video-preview:-1"},"canonical":"https:\/\/villa-pacetina.com\/sl\/vila-pacetina-utrjuje-polozaj-okoljsko-ozavescene-destinacije-nova-moznost-polnjenja-elektricnih-avtomobilov\/","og_locale":"sl_SI","og_type":"article","og_title":"Vila Pa\u010detina utrjuje polo\u017eaj ekolo\u0161ke destinacije: Nova mo\u017enost brezpla\u010dnega polnjenja elektri\u010dnih avtomobilov - Villa Pa\u010detina","og_url":"https:\/\/villa-pacetina.com\/sl\/vila-pacetina-utrjuje-polozaj-okoljsko-ozavescene-destinacije-nova-moznost-polnjenja-elektricnih-avtomobilov\/","og_site_name":"Villa Pa\u010detina","article_publisher":"https:\/\/www.facebook.com\/vilapacetina\/","article_published_time":"2023-04-12T08:42:34+00:00","article_modified_time":"2024-10-25T10:34:41+00:00","og_image":[{"width":400,"height":225,"url":"https:\/\/villa-pacetina.com\/wp-content\/uploads\/2024\/04\/villa-pacetina.com-villa-zagorje-zagorje-smjestaj-s-bazenom-slider32-800x450-copy-400x225-copy.jpg","type":"image\/jpeg"}],"author":"admin","twitter_card":"summary_large_image","twitter_misc":{"Written by":"admin","Est. reading time":"9 minut"},"schema":{"@context":"https:\/\/schema.org","@graph":[{"@type":"Article","@id":"https:\/\/villa-pacetina.com\/sl\/vila-pacetina-utrjuje-polozaj-okoljsko-ozavescene-destinacije-nova-moznost-polnjenja-elektricnih-avtomobilov\/#article","isPartOf":{"@id":"https:\/\/villa-pacetina.com\/sl\/vila-pacetina-utrjuje-polozaj-okoljsko-ozavescene-destinacije-nova-moznost-polnjenja-elektricnih-avtomobilov\/"},"author":{"name":"admin","@id":"https:\/\/villa-pacetina.com\/sl\/#\/schema\/person\/1c68f551c9ed88ed99f8be2a16ae526b"},"headline":"Vila Pa\u010detina utrjuje polo\u017eaj ekolo\u0161ke destinacije: Nova mo\u017enost brezpla\u010dnega polnjenja elektri\u010dnih avtomobilov","datePublished":"2023-04-12T08:42:34+00:00","dateModified":"2024-10-25T10:34:41+00:00","mainEntityOfPage":{"@id":"https:\/\/villa-pacetina.com\/sl\/vila-pacetina-utrjuje-polozaj-okoljsko-ozavescene-destinacije-nova-moznost-polnjenja-elektricnih-avtomobilov\/"},"wordCount":1786,"commentCount":0,"image":{"@id":"https:\/\/villa-pacetina.com\/sl\/vila-pacetina-utrjuje-polozaj-okoljsko-ozavescene-destinacije-nova-moznost-polnjenja-elektricnih-avtomobilov\/#primaryimage"},"thumbnailUrl":"https:\/\/villa-pacetina.com\/wp-content\/uploads\/2024\/04\/villa-pacetina.com-villa-zagorje-zagorje-smjestaj-s-bazenom-slider32-800x450-copy-400x225-copy.jpg","articleSection":["Uncategorized @sl"],"inLanguage":"sl-SI","potentialAction":[{"@type":"CommentAction","name":"Comment","target":["https:\/\/villa-pacetina.com\/sl\/vila-pacetina-utrjuje-polozaj-okoljsko-ozavescene-destinacije-nova-moznost-polnjenja-elektricnih-avtomobilov\/#respond"]}]},{"@type":"WebPage","@id":"https:\/\/villa-pacetina.com\/sl\/vila-pacetina-utrjuje-polozaj-okoljsko-ozavescene-destinacije-nova-moznost-polnjenja-elektricnih-avtomobilov\/","url":"https:\/\/villa-pacetina.com\/sl\/vila-pacetina-utrjuje-polozaj-okoljsko-ozavescene-destinacije-nova-moznost-polnjenja-elektricnih-avtomobilov\/","name":"Vila Pa\u010detina utrjuje polo\u017eaj ekolo\u0161ke destinacije: Nova mo\u017enost brezpla\u010dnega polnjenja elektri\u010dnih avtomobilov - Villa Pa\u010detina","isPartOf":{"@id":"https:\/\/villa-pacetina.com\/sl\/#website"},"primaryImageOfPage":{"@id":"https:\/\/villa-pacetina.com\/sl\/vila-pacetina-utrjuje-polozaj-okoljsko-ozavescene-destinacije-nova-moznost-polnjenja-elektricnih-avtomobilov\/#primaryimage"},"image":{"@id":"https:\/\/villa-pacetina.com\/sl\/vila-pacetina-utrjuje-polozaj-okoljsko-ozavescene-destinacije-nova-moznost-polnjenja-elektricnih-avtomobilov\/#primaryimage"},"thumbnailUrl":"https:\/\/villa-pacetina.com\/wp-content\/uploads\/2024\/04\/villa-pacetina.com-villa-zagorje-zagorje-smjestaj-s-bazenom-slider32-800x450-copy-400x225-copy.jpg","datePublished":"2023-04-12T08:42:34+00:00","dateModified":"2024-10-25T10:34:41+00:00","author":{"@id":"https:\/\/villa-pacetina.com\/sl\/#\/schema\/person\/1c68f551c9ed88ed99f8be2a16ae526b"},"breadcrumb":{"@id":"https:\/\/villa-pacetina.com\/sl\/vila-pacetina-utrjuje-polozaj-okoljsko-ozavescene-destinacije-nova-moznost-polnjenja-elektricnih-avtomobilov\/#breadcrumb"},"inLanguage":"sl-SI","potentialAction":[{"@type":"ReadAction","target":["https:\/\/villa-pacetina.com\/sl\/vila-pacetina-utrjuje-polozaj-okoljsko-ozavescene-destinacije-nova-moznost-polnjenja-elektricnih-avtomobilov\/"]}]},{"@type":"ImageObject","inLanguage":"sl-SI","@id":"https:\/\/villa-pacetina.com\/sl\/vila-pacetina-utrjuje-polozaj-okoljsko-ozavescene-destinacije-nova-moznost-polnjenja-elektricnih-avtomobilov\/#primaryimage","url":"https:\/\/villa-pacetina.com\/wp-content\/uploads\/2024\/04\/villa-pacetina.com-villa-zagorje-zagorje-smjestaj-s-bazenom-slider32-800x450-copy-400x225-copy.jpg","contentUrl":"https:\/\/villa-pacetina.com\/wp-content\/uploads\/2024\/04\/villa-pacetina.com-villa-zagorje-zagorje-smjestaj-s-bazenom-slider32-800x450-copy-400x225-copy.jpg","width":400,"height":225},{"@type":"BreadcrumbList","@id":"https:\/\/villa-pacetina.com\/sl\/vila-pacetina-utrjuje-polozaj-okoljsko-ozavescene-destinacije-nova-moznost-polnjenja-elektricnih-avtomobilov\/#breadcrumb","itemListElement":[{"@type":"ListItem","position":1,"name":"Po\u010detna stranica","item":"https:\/\/villa-pacetina.com\/sl\/prednja-stran\/"},{"@type":"ListItem","position":2,"name":"Vila Pa\u010detina utrjuje polo\u017eaj ekolo\u0161ke destinacije: Nova mo\u017enost brezpla\u010dnega polnjenja elektri\u010dnih avtomobilov"}]},{"@type":"WebSite","@id":"https:\/\/villa-pacetina.com\/sl\/#website","url":"https:\/\/villa-pacetina.com\/sl\/","name":"Villa Pa\u010detina","description":"Idealno mjesto za odmor, u oazi mira i zelenilu","potentialAction":[{"@type":"SearchAction","target":{"@type":"EntryPoint","urlTemplate":"https:\/\/villa-pacetina.com\/sl\/?s={search_term_string}"},"query-input":{"@type":"PropertyValueSpecification","valueRequired":true,"valueName":"search_term_string"}}],"inLanguage":"sl-SI"},{"@type":"Person","@id":"https:\/\/villa-pacetina.com\/sl\/#\/schema\/person\/1c68f551c9ed88ed99f8be2a16ae526b","name":"admin","image":{"@type":"ImageObject","inLanguage":"sl-SI","@id":"https:\/\/villa-pacetina.com\/sl\/#\/schema\/person\/image\/","url":"https:\/\/secure.gravatar.com\/avatar\/f98ec6756cb20d61f922dfb50f66c1bb9dc60bbcf7b8ab4672001b466ee773f8?s=96&d=mm&r=g","contentUrl":"https:\/\/secure.gravatar.com\/avatar\/f98ec6756cb20d61f922dfb50f66c1bb9dc60bbcf7b8ab4672001b466ee773f8?s=96&d=mm&r=g","caption":"admin"},"sameAs":["https:\/\/villa-pacetina.com"],"url":"https:\/\/villa-pacetina.com\/sl\/author\/admin\/"}]}},"_links":{"self":[{"href":"https:\/\/villa-pacetina.com\/sl\/wp-json\/wp\/v2\/posts\/6244","targetHints":{"allow":["GET"]}}],"collection":[{"href":"https:\/\/villa-pacetina.com\/sl\/wp-json\/wp\/v2\/posts"}],"about":[{"href":"https:\/\/villa-pacetina.com\/sl\/wp-json\/wp\/v2\/types\/post"}],"author":[{"embeddable":true,"href":"https:\/\/villa-pacetina.com\/sl\/wp-json\/wp\/v2\/users\/1"}],"replies":[{"embeddable":true,"href":"https:\/\/villa-pacetina.com\/sl\/wp-json\/wp\/v2\/comments?post=6244"}],"version-history":[{"count":0,"href":"https:\/\/villa-pacetina.com\/sl\/wp-json\/wp\/v2\/posts\/6244\/revisions"}],"wp:featuredmedia":[{"embeddable":true,"href":"https:\/\/villa-pacetina.com\/sl\/wp-json\/wp\/v2\/media\/6281"}],"wp:attachment":[{"href":"https:\/\/villa-pacetina.com\/sl\/wp-json\/wp\/v2\/media?parent=6244"}],"wp:term":[{"taxonomy":"category","embeddable":true,"href":"https:\/\/villa-pacetina.com\/sl\/wp-json\/wp\/v2\/categories?post=6244"},{"taxonomy":"post_tag","embeddable":true,"href":"https:\/\/villa-pacetina.com\/sl\/wp-json\/wp\/v2\/tags?post=6244"}],"curies":[{"name":"wp","href":"https:\/\/api.w.org\/{rel}","templated":true}]}}