{"id":7379,"date":"2025-06-11T07:30:36","date_gmt":"2025-06-11T07:30:36","guid":{"rendered":"https:\/\/villa-pacetina.com\/vila-pacetina-vas-z-elektricnim-kolesom-popelje-cez-zelene-grice\/"},"modified":"2025-08-25T08:43:08","modified_gmt":"2025-08-25T08:43:08","slug":"vila-pacetina-vas-z-elektricnim-kolesom-popelje-cez-zelene-grice","status":"publish","type":"post","link":"https:\/\/villa-pacetina.com\/sl\/vila-pacetina-vas-z-elektricnim-kolesom-popelje-cez-zelene-grice\/","title":{"rendered":"Vila Pa\u010detina vas z elektri\u010dnim kolesom popelje \u010dez zelene gri\u010de"},"content":{"rendered":"<p><div class=\"fusion-fullwidth fullwidth-box fusion-builder-row-1 fusion-flex-container has-pattern-background has-mask-background fusion-parallax-none hundred-percent-fullwidth non-hundred-percent-height-scrolling lazyload\" style=\"--awb-border-radius-top-left:0px;--awb-border-radius-top-right:0px;--awb-border-radius-bottom-right:0px;--awb-border-radius-bottom-left:0px;--awb-padding-right:0px;--awb-padding-bottom:0px;--awb-padding-left:0px;--awb-margin-bottom:50px;--awb-min-height:700px;--awb-min-height-small:300px;--awb-background-size:cover;--awb-flex-wrap:wrap;\" data-bg=\"https:\/\/villa-pacetina.com\/wp-content\/uploads\/2025\/06\/20250526_134013-copy.jpg\" ><div class=\"fusion-builder-row fusion-row fusion-flex-align-items-center fusion-flex-align-content-flex-end fusion-flex-content-wrap\" style=\"width:104% !important;max-width:104% !important;margin-left: calc(-4% \/ 2 );margin-right: calc(-4% \/ 2 );\"><div class=\"fusion-layout-column fusion_builder_column fusion-builder-column-0 fusion_builder_column_1_1 1_1 fusion-flex-column\" style=\"--awb-bg-size:cover;--awb-width-large:100%;--awb-margin-top-large:0px;--awb-spacing-right-large:1.92%;--awb-margin-bottom-large:0px;--awb-spacing-left-large:1.92%;--awb-width-medium:100%;--awb-order-medium:0;--awb-spacing-right-medium:1.92%;--awb-spacing-left-medium:1.92%;--awb-width-small:100%;--awb-order-small:0;--awb-spacing-right-small:1.92%;--awb-spacing-left-small:1.92%;\"><div class=\"fusion-column-wrapper fusion-column-has-shadow fusion-flex-justify-content-flex-start fusion-content-layout-column\"><div class=\"fusion-section-separator section-separator hills-opacity fusion-section-separator-1\" style=\"--awb-spacer-padding-top:inherit;--awb-svg-margin-left:1.92%;--awb-svg-margin-right:1.92%;--awb-svg-margin-left-medium:1.92%;--awb-svg-margin-right-medium:1.92%;--awb-svg-margin-left-small:1.92%;--awb-svg-margin-right-small:1.92%;--awb-divider-height:50px;--awb-spacer-height:50px;--awb-sep-font-size:0;--awb-sep-line-height:0;--awb-margin-right:0px;--awb-margin-bottom:0px;--awb-margin-left:0px;\"><div class=\"fusion-section-separator-svg\"><svg class=\"fusion-hills-opacity-candy\" xmlns=\"http:\/\/www.w3.org\/2000\/svg\" version=\"1.1\" width=\"100%\" viewBox=\"0 -0.5 1024 182\" preserveAspectRatio=\"none\" fill=\"rgba(255,255,255,1)\"><path class=\"st0\" d=\"M0 182.086h1024V41.593c-28.058-21.504-60.109-37.581-97.075-37.581-112.845 0-198.144 93.798-289.792 93.798S437.658 6.777 351.846 6.777s-142.234 82.125-238.49 82.125c-63.078 0-75.776-31.744-113.357-53.658L0 182.086z\"\/>\n\t\t\t\t\t\t\t\t\t<path class=\"st1\" d=\"M1024 181.062v-75.878c-39.731 15.872-80.794 27.341-117.658 25.805-110.387-4.506-191.795-109.773-325.53-116.224-109.158-5.12-344.166 120.115-429.466 166.298H1024v-.001z\"\/>\n\t\t\t\t\t\t\t\t\t<path class=\"st2\" d=\"M0 182.086h1024V90.028C966.451 59.103 907.059 16.3 824.115 15.071 690.278 13.023 665.19 102.93 482.099 102.93S202.138-1.62 74.24.019C46.49.326 21.811 4.217 0 9.849v172.237z\"\/>\n\t\t\t\t\t\t\t\t\t<path class=\"st3\" d=\"M0 182.086h1024V80.505c-37.171 19.558-80.691 35.328-139.571 36.25-151.142 2.355-141.619-28.57-298.496-29.184s-138.854 47.002-305.459 43.725C132.813 128.428 91.238 44.563 0 28.179v153.907z\"\/>\n\t\t\t\t\t\t\t\t\t<path class=\"st4\" d=\"M0 182.086h1024v-77.312c-49.05 20.07-120.525 42.394-193.229 42.086-128.922-.512-159.846-72.294-255.795-72.294-89.088 0-134.656 80.179-245.043 82.022S169.063 99.346 49.971 97.401C32.768 97.094 16.077 99.244 0 103.135v78.951z\"\/>\n\t\t\t\t\t\t\t\t<\/svg><\/div><div class=\"fusion-section-separator-spacer\"><div class=\"fusion-section-separator-spacer-height\"><\/div><\/div><\/div><\/div><\/div><\/div><\/div><div class=\"fusion-fullwidth fullwidth-box fusion-builder-row-2 fusion-flex-container nonhundred-percent-fullwidth non-hundred-percent-height-scrolling\" style=\"--awb-border-radius-top-left:0px;--awb-border-radius-top-right:0px;--awb-border-radius-bottom-right:0px;--awb-border-radius-bottom-left:0px;--awb-flex-wrap:wrap;\" ><div class=\"fusion-builder-row fusion-row fusion-flex-align-items-flex-start fusion-flex-content-wrap\" style=\"max-width:1300px;margin-left: calc(-4% \/ 2 );margin-right: calc(-4% \/ 2 );\"><div class=\"fusion-layout-column fusion_builder_column fusion-builder-column-1 fusion_builder_column_1_1 1_1 fusion-flex-column\" style=\"--awb-bg-size:cover;--awb-width-large:100%;--awb-margin-top-large:0px;--awb-spacing-right-large:1.92%;--awb-margin-bottom-large:20px;--awb-spacing-left-large:1.92%;--awb-width-medium:100%;--awb-order-medium:0;--awb-spacing-right-medium:1.92%;--awb-spacing-left-medium:1.92%;--awb-width-small:100%;--awb-order-small:0;--awb-spacing-right-small:1.92%;--awb-spacing-left-small:1.92%;\"><div class=\"fusion-column-wrapper fusion-column-has-shadow fusion-flex-justify-content-flex-start fusion-content-layout-column\"><div class=\"fusion-builder-row fusion-builder-row-inner fusion-row fusion-flex-align-items-flex-start fusion-flex-content-wrap\" style=\"width:104% !important;max-width:104% !important;margin-left: calc(-4% \/ 2 );margin-right: calc(-4% \/ 2 );\"><div class=\"fusion-layout-column fusion_builder_column_inner fusion-builder-nested-column-0 fusion_builder_column_inner_1_1 1_1 fusion-flex-column\" style=\"--awb-bg-size:cover;--awb-width-large:100%;--awb-margin-top-large:0px;--awb-spacing-right-large:1.92%;--awb-margin-bottom-large:20px;--awb-spacing-left-large:1.92%;--awb-width-medium:100%;--awb-order-medium:0;--awb-spacing-right-medium:1.92%;--awb-spacing-left-medium:1.92%;--awb-width-small:100%;--awb-order-small:0;--awb-spacing-right-small:1.92%;--awb-spacing-left-small:1.92%;\"><div class=\"fusion-column-wrapper fusion-column-has-shadow fusion-flex-justify-content-flex-start fusion-content-layout-column\"><div class=\"fusion-title title fusion-title-1 fusion-title-center fusion-title-text fusion-title-size-one\" style=\"--awb-margin-bottom-small:15px;--awb-font-size:46px;\"><div class=\"title-sep-container title-sep-container-left\"><div class=\"title-sep sep- sep-solid\" style=\"border-color:var(--awb-color3);\"><\/div><\/div><span class=\"awb-title-spacer\"><\/span><h1 class=\"fusion-title-heading title-heading-center fusion-responsive-typography-calculated\" style=\"margin:0;font-size:1em;text-transform:none;--fontSize:46;line-height:var(--awb-typography1-line-height);\">Vila Pa\u010detina vas z elektri\u010dnim kolesom popelje \u010dez zelene gri\u010de<\/h1><span class=\"awb-title-spacer\"><\/span><div class=\"title-sep-container title-sep-container-right\"><div class=\"title-sep sep- sep-solid\" style=\"border-color:var(--awb-color3);\"><\/div><\/div><\/div><\/div><\/div><\/div><\/div><\/div><div class=\"fusion-layout-column fusion_builder_column fusion-builder-column-2 fusion_builder_column_1_1 1_1 fusion-flex-column\" style=\"--awb-bg-size:cover;--awb-width-large:100%;--awb-margin-top-large:0px;--awb-spacing-right-large:1.92%;--awb-margin-bottom-large:0px;--awb-spacing-left-large:1.92%;--awb-width-medium:100%;--awb-spacing-right-medium:1.92%;--awb-spacing-left-medium:1.92%;--awb-width-small:100%;--awb-spacing-right-small:1.92%;--awb-spacing-left-small:1.92%;\"><div class=\"fusion-column-wrapper fusion-flex-justify-content-flex-start fusion-content-layout-column\"><div class=\"fusion-text fusion-text-1\"><p data-start=\"0\" data-end=\"424\">Villa Pa\u010detina od sad svojim gostima nudi tri potpuno nova elektri\u010dna bicikla \u2013 diskretno sna\u017ene, tihe i savr\u0161eno prilago\u0111ene zagorskim serpentinama. Zahvaljuju\u0107i njihovim modernim motorima i dugotrajnoj bateriji, svaki uspon pretvara se u laganu vo\u017enju, a \u00ad\u2013 jednom kad se popnete \u2013 nagrada sti\u017ee u obliku \u0161irokih vidika na zlatno-zelene vinograde, prepoznatljive crkvene tornji\u0107e i bajkovite dvorce razasute po bre\u017euljcima.<\/p>\n<p data-start=\"426\" data-end=\"931\">Staze vode prema panoramskim vidikovcima, termalnim toplicama u Krapinskim toplicama spa-centrima, ali i do autenti\u010dnih zagorskih kleti.<\/p>\n<p data-start=\"933\" data-end=\"1464\" data-is-last-node=\"\" data-is-only-node=\"\">\u017delite li odmor s dozom aktivnosti, dopustite da vam osoblje predlo\u017ei rutu prilago\u0111enu va\u0161oj kondiciji: od jutarnjeg \u201ecoffee-ridea\u201c uz miris jesenskih vinograda do cjelodnevne avanture kroz sjenovite bukove \u0161ume. Bez brige oko parkinga ili umora \u2013 elektri\u010dni pogon brine se da vam ostane dovoljno energije za degustaciju doma\u0107ih proizvoda i u\u017eivanje na terasi Ville Pa\u010detina, dok sunce nestaje iza zagorskih brega. Prebacite u e-mode, uhvatite ritam prirode i otkrijte koliko je Zagorje jo\u0161 ljep\u0161e kad ga istra\u017eujete na dva kota\u010da!<\/p>\n<\/div><\/div><\/div><\/div><\/div><\/p>\n","protected":false},"excerpt":{"rendered":"","protected":false},"author":1,"featured_media":0,"comment_status":"open","ping_status":"open","sticky":false,"template":"","format":"standard","meta":{"footnotes":""},"categories":[32],"tags":[],"class_list":["post-7379","post","type-post","status-publish","format-standard","hentry","category-uncategorized-sl"],"yoast_head":"<!-- This site is optimized with the Yoast SEO plugin v27.1.1 - https:\/\/yoast.com\/product\/yoast-seo-wordpress\/ -->\n<title>Vila Pa\u010detina vas z elektri\u010dnim kolesom popelje \u010dez zelene gri\u010de - Villa Pa\u010detina<\/title>\n<meta name=\"robots\" content=\"index, follow, max-snippet:-1, max-image-preview:large, max-video-preview:-1\" \/>\n<link rel=\"canonical\" href=\"https:\/\/villa-pacetina.com\/sl\/vila-pacetina-vas-z-elektricnim-kolesom-popelje-cez-zelene-grice\/\" \/>\n<meta property=\"og:locale\" content=\"sl_SI\" \/>\n<meta property=\"og:type\" content=\"article\" \/>\n<meta property=\"og:title\" content=\"Vila Pa\u010detina vas z elektri\u010dnim kolesom popelje \u010dez zelene gri\u010de - Villa Pa\u010detina\" \/>\n<meta property=\"og:url\" content=\"https:\/\/villa-pacetina.com\/sl\/vila-pacetina-vas-z-elektricnim-kolesom-popelje-cez-zelene-grice\/\" \/>\n<meta property=\"og:site_name\" content=\"Villa Pa\u010detina\" \/>\n<meta property=\"article:publisher\" content=\"https:\/\/www.facebook.com\/vilapacetina\/\" \/>\n<meta property=\"article:published_time\" content=\"2025-06-11T07:30:36+00:00\" \/>\n<meta property=\"article:modified_time\" content=\"2025-08-25T08:43:08+00:00\" \/>\n<meta property=\"og:image\" content=\"https:\/\/villa-pacetina.com\/wp-content\/uploads\/2025\/06\/Villa-Pacetina-vas-vodi-e-bikeom-preko-zelenih-bregova.jpg\" \/>\n\t<meta property=\"og:image:width\" content=\"1920\" \/>\n\t<meta property=\"og:image:height\" content=\"1279\" \/>\n\t<meta property=\"og:image:type\" content=\"image\/jpeg\" \/>\n<meta name=\"author\" content=\"admin\" \/>\n<meta name=\"twitter:card\" content=\"summary_large_image\" \/>\n<meta name=\"twitter:label1\" content=\"Written by\" \/>\n\t<meta name=\"twitter:data1\" content=\"admin\" \/>\n\t<meta name=\"twitter:label2\" content=\"Est. reading time\" \/>\n\t<meta name=\"twitter:data2\" content=\"12 minut\" \/>\n<script type=\"application\/ld+json\" class=\"yoast-schema-graph\">{\"@context\":\"https:\/\/schema.org\",\"@graph\":[{\"@type\":\"Article\",\"@id\":\"https:\/\/villa-pacetina.com\/sl\/vila-pacetina-vas-z-elektricnim-kolesom-popelje-cez-zelene-grice\/#article\",\"isPartOf\":{\"@id\":\"https:\/\/villa-pacetina.com\/sl\/vila-pacetina-vas-z-elektricnim-kolesom-popelje-cez-zelene-grice\/\"},\"author\":{\"name\":\"admin\",\"@id\":\"https:\/\/villa-pacetina.com\/sl\/#\/schema\/person\/1c68f551c9ed88ed99f8be2a16ae526b\"},\"headline\":\"Vila Pa\u010detina vas z elektri\u010dnim kolesom popelje \u010dez zelene gri\u010de\",\"datePublished\":\"2025-06-11T07:30:36+00:00\",\"dateModified\":\"2025-08-25T08:43:08+00:00\",\"mainEntityOfPage\":{\"@id\":\"https:\/\/villa-pacetina.com\/sl\/vila-pacetina-vas-z-elektricnim-kolesom-popelje-cez-zelene-grice\/\"},\"wordCount\":2393,\"commentCount\":0,\"articleSection\":[\"Uncategorized @sl\"],\"inLanguage\":\"sl-SI\",\"potentialAction\":[{\"@type\":\"CommentAction\",\"name\":\"Comment\",\"target\":[\"https:\/\/villa-pacetina.com\/sl\/vila-pacetina-vas-z-elektricnim-kolesom-popelje-cez-zelene-grice\/#respond\"]}]},{\"@type\":\"WebPage\",\"@id\":\"https:\/\/villa-pacetina.com\/sl\/vila-pacetina-vas-z-elektricnim-kolesom-popelje-cez-zelene-grice\/\",\"url\":\"https:\/\/villa-pacetina.com\/sl\/vila-pacetina-vas-z-elektricnim-kolesom-popelje-cez-zelene-grice\/\",\"name\":\"Vila Pa\u010detina vas z elektri\u010dnim kolesom popelje \u010dez zelene gri\u010de - Villa Pa\u010detina\",\"isPartOf\":{\"@id\":\"https:\/\/villa-pacetina.com\/sl\/#website\"},\"datePublished\":\"2025-06-11T07:30:36+00:00\",\"dateModified\":\"2025-08-25T08:43:08+00:00\",\"author\":{\"@id\":\"https:\/\/villa-pacetina.com\/sl\/#\/schema\/person\/1c68f551c9ed88ed99f8be2a16ae526b\"},\"breadcrumb\":{\"@id\":\"https:\/\/villa-pacetina.com\/sl\/vila-pacetina-vas-z-elektricnim-kolesom-popelje-cez-zelene-grice\/#breadcrumb\"},\"inLanguage\":\"sl-SI\",\"potentialAction\":[{\"@type\":\"ReadAction\",\"target\":[\"https:\/\/villa-pacetina.com\/sl\/vila-pacetina-vas-z-elektricnim-kolesom-popelje-cez-zelene-grice\/\"]}]},{\"@type\":\"BreadcrumbList\",\"@id\":\"https:\/\/villa-pacetina.com\/sl\/vila-pacetina-vas-z-elektricnim-kolesom-popelje-cez-zelene-grice\/#breadcrumb\",\"itemListElement\":[{\"@type\":\"ListItem\",\"position\":1,\"name\":\"Po\u010detna stranica\",\"item\":\"https:\/\/villa-pacetina.com\/sl\/prednja-stran\/\"},{\"@type\":\"ListItem\",\"position\":2,\"name\":\"Vila Pa\u010detina vas z elektri\u010dnim kolesom popelje \u010dez zelene gri\u010de\"}]},{\"@type\":\"WebSite\",\"@id\":\"https:\/\/villa-pacetina.com\/sl\/#website\",\"url\":\"https:\/\/villa-pacetina.com\/sl\/\",\"name\":\"Villa Pa\u010detina\",\"description\":\"Idealno mjesto za odmor, u oazi mira i zelenilu\",\"potentialAction\":[{\"@type\":\"SearchAction\",\"target\":{\"@type\":\"EntryPoint\",\"urlTemplate\":\"https:\/\/villa-pacetina.com\/sl\/?s={search_term_string}\"},\"query-input\":{\"@type\":\"PropertyValueSpecification\",\"valueRequired\":true,\"valueName\":\"search_term_string\"}}],\"inLanguage\":\"sl-SI\"},{\"@type\":\"Person\",\"@id\":\"https:\/\/villa-pacetina.com\/sl\/#\/schema\/person\/1c68f551c9ed88ed99f8be2a16ae526b\",\"name\":\"admin\",\"image\":{\"@type\":\"ImageObject\",\"inLanguage\":\"sl-SI\",\"@id\":\"https:\/\/villa-pacetina.com\/sl\/#\/schema\/person\/image\/\",\"url\":\"https:\/\/secure.gravatar.com\/avatar\/f98ec6756cb20d61f922dfb50f66c1bb9dc60bbcf7b8ab4672001b466ee773f8?s=96&d=mm&r=g\",\"contentUrl\":\"https:\/\/secure.gravatar.com\/avatar\/f98ec6756cb20d61f922dfb50f66c1bb9dc60bbcf7b8ab4672001b466ee773f8?s=96&d=mm&r=g\",\"caption\":\"admin\"},\"sameAs\":[\"https:\/\/villa-pacetina.com\"],\"url\":\"https:\/\/villa-pacetina.com\/sl\/author\/admin\/\"}]}<\/script>\n<!-- \/ Yoast SEO plugin. -->","yoast_head_json":{"title":"Vila Pa\u010detina vas z elektri\u010dnim kolesom popelje \u010dez zelene gri\u010de - Villa Pa\u010detina","robots":{"index":"index","follow":"follow","max-snippet":"max-snippet:-1","max-image-preview":"max-image-preview:large","max-video-preview":"max-video-preview:-1"},"canonical":"https:\/\/villa-pacetina.com\/sl\/vila-pacetina-vas-z-elektricnim-kolesom-popelje-cez-zelene-grice\/","og_locale":"sl_SI","og_type":"article","og_title":"Vila Pa\u010detina vas z elektri\u010dnim kolesom popelje \u010dez zelene gri\u010de - Villa Pa\u010detina","og_url":"https:\/\/villa-pacetina.com\/sl\/vila-pacetina-vas-z-elektricnim-kolesom-popelje-cez-zelene-grice\/","og_site_name":"Villa Pa\u010detina","article_publisher":"https:\/\/www.facebook.com\/vilapacetina\/","article_published_time":"2025-06-11T07:30:36+00:00","article_modified_time":"2025-08-25T08:43:08+00:00","og_image":[{"width":1920,"height":1279,"url":"https:\/\/villa-pacetina.com\/wp-content\/uploads\/2025\/06\/Villa-Pacetina-vas-vodi-e-bikeom-preko-zelenih-bregova.jpg","type":"image\/jpeg"}],"author":"admin","twitter_card":"summary_large_image","twitter_misc":{"Written by":"admin","Est. reading time":"12 minut"},"schema":{"@context":"https:\/\/schema.org","@graph":[{"@type":"Article","@id":"https:\/\/villa-pacetina.com\/sl\/vila-pacetina-vas-z-elektricnim-kolesom-popelje-cez-zelene-grice\/#article","isPartOf":{"@id":"https:\/\/villa-pacetina.com\/sl\/vila-pacetina-vas-z-elektricnim-kolesom-popelje-cez-zelene-grice\/"},"author":{"name":"admin","@id":"https:\/\/villa-pacetina.com\/sl\/#\/schema\/person\/1c68f551c9ed88ed99f8be2a16ae526b"},"headline":"Vila Pa\u010detina vas z elektri\u010dnim kolesom popelje \u010dez zelene gri\u010de","datePublished":"2025-06-11T07:30:36+00:00","dateModified":"2025-08-25T08:43:08+00:00","mainEntityOfPage":{"@id":"https:\/\/villa-pacetina.com\/sl\/vila-pacetina-vas-z-elektricnim-kolesom-popelje-cez-zelene-grice\/"},"wordCount":2393,"commentCount":0,"articleSection":["Uncategorized @sl"],"inLanguage":"sl-SI","potentialAction":[{"@type":"CommentAction","name":"Comment","target":["https:\/\/villa-pacetina.com\/sl\/vila-pacetina-vas-z-elektricnim-kolesom-popelje-cez-zelene-grice\/#respond"]}]},{"@type":"WebPage","@id":"https:\/\/villa-pacetina.com\/sl\/vila-pacetina-vas-z-elektricnim-kolesom-popelje-cez-zelene-grice\/","url":"https:\/\/villa-pacetina.com\/sl\/vila-pacetina-vas-z-elektricnim-kolesom-popelje-cez-zelene-grice\/","name":"Vila Pa\u010detina vas z elektri\u010dnim kolesom popelje \u010dez zelene gri\u010de - Villa Pa\u010detina","isPartOf":{"@id":"https:\/\/villa-pacetina.com\/sl\/#website"},"datePublished":"2025-06-11T07:30:36+00:00","dateModified":"2025-08-25T08:43:08+00:00","author":{"@id":"https:\/\/villa-pacetina.com\/sl\/#\/schema\/person\/1c68f551c9ed88ed99f8be2a16ae526b"},"breadcrumb":{"@id":"https:\/\/villa-pacetina.com\/sl\/vila-pacetina-vas-z-elektricnim-kolesom-popelje-cez-zelene-grice\/#breadcrumb"},"inLanguage":"sl-SI","potentialAction":[{"@type":"ReadAction","target":["https:\/\/villa-pacetina.com\/sl\/vila-pacetina-vas-z-elektricnim-kolesom-popelje-cez-zelene-grice\/"]}]},{"@type":"BreadcrumbList","@id":"https:\/\/villa-pacetina.com\/sl\/vila-pacetina-vas-z-elektricnim-kolesom-popelje-cez-zelene-grice\/#breadcrumb","itemListElement":[{"@type":"ListItem","position":1,"name":"Po\u010detna stranica","item":"https:\/\/villa-pacetina.com\/sl\/prednja-stran\/"},{"@type":"ListItem","position":2,"name":"Vila Pa\u010detina vas z elektri\u010dnim kolesom popelje \u010dez zelene gri\u010de"}]},{"@type":"WebSite","@id":"https:\/\/villa-pacetina.com\/sl\/#website","url":"https:\/\/villa-pacetina.com\/sl\/","name":"Villa Pa\u010detina","description":"Idealno mjesto za odmor, u oazi mira i zelenilu","potentialAction":[{"@type":"SearchAction","target":{"@type":"EntryPoint","urlTemplate":"https:\/\/villa-pacetina.com\/sl\/?s={search_term_string}"},"query-input":{"@type":"PropertyValueSpecification","valueRequired":true,"valueName":"search_term_string"}}],"inLanguage":"sl-SI"},{"@type":"Person","@id":"https:\/\/villa-pacetina.com\/sl\/#\/schema\/person\/1c68f551c9ed88ed99f8be2a16ae526b","name":"admin","image":{"@type":"ImageObject","inLanguage":"sl-SI","@id":"https:\/\/villa-pacetina.com\/sl\/#\/schema\/person\/image\/","url":"https:\/\/secure.gravatar.com\/avatar\/f98ec6756cb20d61f922dfb50f66c1bb9dc60bbcf7b8ab4672001b466ee773f8?s=96&d=mm&r=g","contentUrl":"https:\/\/secure.gravatar.com\/avatar\/f98ec6756cb20d61f922dfb50f66c1bb9dc60bbcf7b8ab4672001b466ee773f8?s=96&d=mm&r=g","caption":"admin"},"sameAs":["https:\/\/villa-pacetina.com"],"url":"https:\/\/villa-pacetina.com\/sl\/author\/admin\/"}]}},"_links":{"self":[{"href":"https:\/\/villa-pacetina.com\/sl\/wp-json\/wp\/v2\/posts\/7379","targetHints":{"allow":["GET"]}}],"collection":[{"href":"https:\/\/villa-pacetina.com\/sl\/wp-json\/wp\/v2\/posts"}],"about":[{"href":"https:\/\/villa-pacetina.com\/sl\/wp-json\/wp\/v2\/types\/post"}],"author":[{"embeddable":true,"href":"https:\/\/villa-pacetina.com\/sl\/wp-json\/wp\/v2\/users\/1"}],"replies":[{"embeddable":true,"href":"https:\/\/villa-pacetina.com\/sl\/wp-json\/wp\/v2\/comments?post=7379"}],"version-history":[{"count":0,"href":"https:\/\/villa-pacetina.com\/sl\/wp-json\/wp\/v2\/posts\/7379\/revisions"}],"wp:attachment":[{"href":"https:\/\/villa-pacetina.com\/sl\/wp-json\/wp\/v2\/media?parent=7379"}],"wp:term":[{"taxonomy":"category","embeddable":true,"href":"https:\/\/villa-pacetina.com\/sl\/wp-json\/wp\/v2\/categories?post=7379"},{"taxonomy":"post_tag","embeddable":true,"href":"https:\/\/villa-pacetina.com\/sl\/wp-json\/wp\/v2\/tags?post=7379"}],"curies":[{"name":"wp","href":"https:\/\/api.w.org\/{rel}","templated":true}]}}