{"id":7401,"date":"2025-05-22T21:56:44","date_gmt":"2025-05-22T21:56:44","guid":{"rendered":"https:\/\/villa-pacetina.com\/dobro-jutro-iz-srca-zagorja-aparat-nespresso-pixie\/"},"modified":"2025-08-06T21:16:51","modified_gmt":"2025-08-06T21:16:51","slug":"dobro-jutro-iz-srca-zagorja-aparat-nespresso-pixie","status":"publish","type":"post","link":"https:\/\/villa-pacetina.com\/sl\/dobro-jutro-iz-srca-zagorja-aparat-nespresso-pixie\/","title":{"rendered":"Dobro jutro iz srca Zagorja &#8211; aparat Nespresso Pixie"},"content":{"rendered":"<p><div class=\"fusion-fullwidth fullwidth-box fusion-builder-row-1 fusion-flex-container has-pattern-background has-mask-background fusion-parallax-none hundred-percent-fullwidth non-hundred-percent-height-scrolling lazyload\" style=\"--awb-border-radius-top-left:0px;--awb-border-radius-top-right:0px;--awb-border-radius-bottom-right:0px;--awb-border-radius-bottom-left:0px;--awb-padding-right:0px;--awb-padding-bottom:0px;--awb-padding-left:0px;--awb-margin-bottom:50px;--awb-min-height:700px;--awb-min-height-small:300px;--awb-background-size:cover;--awb-flex-wrap:wrap;\" data-bg=\"https:\/\/villa-pacetina.com\/wp-content\/uploads\/2025\/05\/VillaPacetina35_Jurinec-photography_19052022-1.jpg\" ><div class=\"fusion-builder-row fusion-row fusion-flex-align-items-center fusion-flex-align-content-flex-end fusion-flex-content-wrap\" style=\"width:104% !important;max-width:104% !important;margin-left: calc(-4% \/ 2 );margin-right: calc(-4% \/ 2 );\"><div class=\"fusion-layout-column fusion_builder_column fusion-builder-column-0 fusion_builder_column_1_1 1_1 fusion-flex-column\" style=\"--awb-bg-size:cover;--awb-width-large:100%;--awb-margin-top-large:0px;--awb-spacing-right-large:1.92%;--awb-margin-bottom-large:0px;--awb-spacing-left-large:1.92%;--awb-width-medium:100%;--awb-order-medium:0;--awb-spacing-right-medium:1.92%;--awb-spacing-left-medium:1.92%;--awb-width-small:100%;--awb-order-small:0;--awb-spacing-right-small:1.92%;--awb-spacing-left-small:1.92%;\"><div class=\"fusion-column-wrapper fusion-column-has-shadow fusion-flex-justify-content-flex-start fusion-content-layout-column\"><div class=\"fusion-section-separator section-separator hills-opacity fusion-section-separator-1\" style=\"--awb-spacer-padding-top:inherit;--awb-svg-margin-left:1.92%;--awb-svg-margin-right:1.92%;--awb-svg-margin-left-medium:1.92%;--awb-svg-margin-right-medium:1.92%;--awb-svg-margin-left-small:1.92%;--awb-svg-margin-right-small:1.92%;--awb-divider-height:50px;--awb-spacer-height:50px;--awb-sep-font-size:0;--awb-sep-line-height:0;--awb-margin-right:0px;--awb-margin-bottom:0px;--awb-margin-left:0px;\"><div class=\"fusion-section-separator-svg\"><svg class=\"fusion-hills-opacity-candy\" xmlns=\"http:\/\/www.w3.org\/2000\/svg\" version=\"1.1\" width=\"100%\" viewBox=\"0 -0.5 1024 182\" preserveAspectRatio=\"none\" fill=\"rgba(255,255,255,1)\"><path class=\"st0\" d=\"M0 182.086h1024V41.593c-28.058-21.504-60.109-37.581-97.075-37.581-112.845 0-198.144 93.798-289.792 93.798S437.658 6.777 351.846 6.777s-142.234 82.125-238.49 82.125c-63.078 0-75.776-31.744-113.357-53.658L0 182.086z\"\/>\n\t\t\t\t\t\t\t\t\t<path class=\"st1\" d=\"M1024 181.062v-75.878c-39.731 15.872-80.794 27.341-117.658 25.805-110.387-4.506-191.795-109.773-325.53-116.224-109.158-5.12-344.166 120.115-429.466 166.298H1024v-.001z\"\/>\n\t\t\t\t\t\t\t\t\t<path class=\"st2\" d=\"M0 182.086h1024V90.028C966.451 59.103 907.059 16.3 824.115 15.071 690.278 13.023 665.19 102.93 482.099 102.93S202.138-1.62 74.24.019C46.49.326 21.811 4.217 0 9.849v172.237z\"\/>\n\t\t\t\t\t\t\t\t\t<path class=\"st3\" d=\"M0 182.086h1024V80.505c-37.171 19.558-80.691 35.328-139.571 36.25-151.142 2.355-141.619-28.57-298.496-29.184s-138.854 47.002-305.459 43.725C132.813 128.428 91.238 44.563 0 28.179v153.907z\"\/>\n\t\t\t\t\t\t\t\t\t<path class=\"st4\" d=\"M0 182.086h1024v-77.312c-49.05 20.07-120.525 42.394-193.229 42.086-128.922-.512-159.846-72.294-255.795-72.294-89.088 0-134.656 80.179-245.043 82.022S169.063 99.346 49.971 97.401C32.768 97.094 16.077 99.244 0 103.135v78.951z\"\/>\n\t\t\t\t\t\t\t\t<\/svg><\/div><div class=\"fusion-section-separator-spacer\"><div class=\"fusion-section-separator-spacer-height\"><\/div><\/div><\/div><\/div><\/div><\/div><\/div><div class=\"fusion-fullwidth fullwidth-box fusion-builder-row-2 fusion-flex-container nonhundred-percent-fullwidth non-hundred-percent-height-scrolling\" style=\"--awb-border-radius-top-left:0px;--awb-border-radius-top-right:0px;--awb-border-radius-bottom-right:0px;--awb-border-radius-bottom-left:0px;--awb-flex-wrap:wrap;\" ><div class=\"fusion-builder-row fusion-row fusion-flex-align-items-flex-start fusion-flex-content-wrap\" style=\"max-width:1300px;margin-left: calc(-4% \/ 2 );margin-right: calc(-4% \/ 2 );\"><div class=\"fusion-layout-column fusion_builder_column fusion-builder-column-1 fusion_builder_column_1_1 1_1 fusion-flex-column\" style=\"--awb-bg-size:cover;--awb-width-large:100%;--awb-margin-top-large:0px;--awb-spacing-right-large:1.92%;--awb-margin-bottom-large:20px;--awb-spacing-left-large:1.92%;--awb-width-medium:100%;--awb-order-medium:0;--awb-spacing-right-medium:1.92%;--awb-spacing-left-medium:1.92%;--awb-width-small:100%;--awb-order-small:0;--awb-spacing-right-small:1.92%;--awb-spacing-left-small:1.92%;\"><div class=\"fusion-column-wrapper fusion-column-has-shadow fusion-flex-justify-content-flex-start fusion-content-layout-column\"><div class=\"fusion-builder-row fusion-builder-row-inner fusion-row fusion-flex-align-items-flex-start fusion-flex-content-wrap\" style=\"width:104% !important;max-width:104% !important;margin-left: calc(-4% \/ 2 );margin-right: calc(-4% \/ 2 );\"><div class=\"fusion-layout-column fusion_builder_column_inner fusion-builder-nested-column-0 fusion_builder_column_inner_1_1 1_1 fusion-flex-column\" style=\"--awb-bg-size:cover;--awb-width-large:100%;--awb-margin-top-large:0px;--awb-spacing-right-large:1.92%;--awb-margin-bottom-large:20px;--awb-spacing-left-large:1.92%;--awb-width-medium:100%;--awb-order-medium:0;--awb-spacing-right-medium:1.92%;--awb-spacing-left-medium:1.92%;--awb-width-small:100%;--awb-order-small:0;--awb-spacing-right-small:1.92%;--awb-spacing-left-small:1.92%;\"><div class=\"fusion-column-wrapper fusion-column-has-shadow fusion-flex-justify-content-flex-start fusion-content-layout-column\"><div class=\"fusion-title title fusion-title-1 fusion-title-center fusion-title-text fusion-title-size-one\" style=\"--awb-margin-bottom-small:15px;--awb-font-size:46px;\"><div class=\"title-sep-container title-sep-container-left\"><div class=\"title-sep sep- sep-solid\" style=\"border-color:var(--awb-color3);\"><\/div><\/div><span class=\"awb-title-spacer\"><\/span><h1 class=\"fusion-title-heading title-heading-center fusion-responsive-typography-calculated\" style=\"margin:0;font-size:1em;text-transform:none;--fontSize:46;line-height:var(--awb-typography1-line-height);\">Dobro jutro iz srca Zagorja &#8211; aparat Nespresso Pixie<\/h1><span class=\"awb-title-spacer\"><\/span><div class=\"title-sep-container title-sep-container-right\"><div class=\"title-sep sep- sep-solid\" style=\"border-color:var(--awb-color3);\"><\/div><\/div><\/div><\/div><\/div><\/div><\/div><\/div><div class=\"fusion-layout-column fusion_builder_column fusion-builder-column-2 fusion_builder_column_1_6 1_6 fusion-flex-column\" style=\"--awb-bg-size:cover;--awb-width-large:16.666666666667%;--awb-margin-top-large:0px;--awb-spacing-right-large:3.84%;--awb-margin-bottom-large:0px;--awb-spacing-left-large:11.52%;--awb-width-medium:100%;--awb-spacing-right-medium:1.92%;--awb-spacing-left-medium:1.92%;--awb-width-small:100%;--awb-spacing-right-small:1.92%;--awb-spacing-left-small:1.92%;\"><div class=\"fusion-column-wrapper fusion-flex-justify-content-flex-start fusion-content-layout-column\"><div class=\"fusion-image-element \" style=\"--awb-caption-title-font-family:var(--h2_typography-font-family);--awb-caption-title-font-weight:var(--h2_typography-font-weight);--awb-caption-title-font-style:var(--h2_typography-font-style);--awb-caption-title-size:var(--h2_typography-font-size);--awb-caption-title-transform:var(--h2_typography-text-transform);--awb-caption-title-line-height:var(--h2_typography-line-height);--awb-caption-title-letter-spacing:var(--h2_typography-letter-spacing);\"><span class=\" fusion-imageframe imageframe-none imageframe-1 hover-type-none\"><img decoding=\"async\" width=\"863\" height=\"1200\" title=\"pixie_el_titan_01_1\" src=\"https:\/\/villa-pacetina.com\/wp-content\/uploads\/2025\/05\/pixie_el_titan_01_1.png\" data-orig-src=\"https:\/\/villa-pacetina.com\/wp-content\/uploads\/2025\/05\/pixie_el_titan_01_1.png\" alt class=\"lazyload img-responsive wp-image-7265\" srcset=\"data:image\/svg+xml,%3Csvg%20xmlns%3D%27http%3A%2F%2Fwww.w3.org%2F2000%2Fsvg%27%20width%3D%27863%27%20height%3D%271200%27%20viewBox%3D%270%200%20863%201200%27%3E%3Crect%20width%3D%27863%27%20height%3D%271200%27%20fill-opacity%3D%220%22%2F%3E%3C%2Fsvg%3E\" data-srcset=\"https:\/\/villa-pacetina.com\/wp-content\/uploads\/2025\/05\/pixie_el_titan_01_1-200x278.png 200w, https:\/\/villa-pacetina.com\/wp-content\/uploads\/2025\/05\/pixie_el_titan_01_1-400x556.png 400w, https:\/\/villa-pacetina.com\/wp-content\/uploads\/2025\/05\/pixie_el_titan_01_1-600x834.png 600w, https:\/\/villa-pacetina.com\/wp-content\/uploads\/2025\/05\/pixie_el_titan_01_1-800x1112.png 800w, https:\/\/villa-pacetina.com\/wp-content\/uploads\/2025\/05\/pixie_el_titan_01_1.png 863w\" data-sizes=\"auto\" data-orig-sizes=\"(max-width: 1024px) 100vw, (max-width: 640px) 100vw, 200px\" \/><\/span><\/div><\/div><\/div><div class=\"fusion-layout-column fusion_builder_column fusion-builder-column-3 fusion_builder_column_4_5 4_5 fusion-flex-column\" style=\"--awb-bg-size:cover;--awb-width-large:80%;--awb-margin-top-large:0px;--awb-spacing-right-large:2.4%;--awb-margin-bottom-large:0px;--awb-spacing-left-large:3.84%;--awb-width-medium:100%;--awb-spacing-right-medium:1.92%;--awb-spacing-left-medium:1.92%;--awb-width-small:100%;--awb-spacing-right-small:1.92%;--awb-spacing-left-small:1.92%;\"><div class=\"fusion-column-wrapper fusion-flex-justify-content-flex-start fusion-content-layout-column\"><div class=\"fusion-text fusion-text-1\"><p data-start=\"38\" data-end=\"294\">Predstavljajte si, da se zbudite v Villi Pa\u010detina, odprete balkonska vrata in pred vami se razprostira valovita preproga zagorskih gri\u010dev, vinogradov in gozdov, ki di\u0161ijo po sve\u017eem zraku. Za popoln prizor je potrebna le \u0161e ena popolna podrobnost \u2013 popolna skodelica kave. <\/p>\n<p data-start=\"296\" data-end=\"448\">Od danes naprej je to resni\u010dnost: v salonu vas \u010daka <strong data-start=\"358\" data-end=\"384\">aparat Nespresso Pixie<\/strong> z razli\u010dnimi kapsulami za vse na\u0161e goste, popolnoma BREZPLA\u010cNO in brez omejitev.<\/p>\n<ul data-start=\"449\" data-end=\"693\">\n<li data-start=\"449\" data-end=\"522\">\n<p data-start=\"451\" data-end=\"522\">Jutranji espresso z zlatim soncem, ki se prebija skozi zagorsko meglo?<\/p>\n<\/li>\n<li data-start=\"523\" data-end=\"598\">\n<p data-start=\"525\" data-end=\"598\">Spro\u0161\u010dujo\u010d lungo med opazovanjem lastovk, ki kro\u017eijo nad strehami z le\u017ealnika?<\/p>\n<\/li>\n<li data-start=\"599\" data-end=\"693\">\n<p data-start=\"601\" data-end=\"693\">Pozno popoldanski kapu\u010dino s son\u010dnim zahodom, ki nebo obarva v oran\u017ene tone?<\/p>\n<\/li>\n<\/ul>\n<p data-start=\"695\" data-end=\"799\">Samo vstavite kapsulo, pritisnite gumb in pustite, da se aroma kave zme\u0161a z vonjem narave, ki prihaja od zunaj.<\/p>\n<p data-start=\"801\" data-end=\"978\"><strong>U\u017eivajte:<\/strong><\/p>\n<ul>\n<li data-start=\"801\" data-end=\"978\">panoramski razgled na zelene gri\u010de in vinograde<\/li>\n<li data-start=\"801\" data-end=\"978\">zasebna terasa, idealna za zajtrk ali ve\u010derno sprostitev<\/li>\n<li data-start=\"801\" data-end=\"978\">topel sprejem in doma\u010de vzdu\u0161je na\u0161e vile<\/li>\n<\/ul>\n<p data-start=\"980\" data-end=\"1094\">Mi poskrbimo za kavo &#8211; vi pa se sprostite, u\u017eivajte v trenutkih in ustvarite najlep\u0161e spomine v na\u0161em zagorskem raju.<\/p>\n<p data-start=\"1096\" data-end=\"1130\">Se vidimo v Villi Pa\u010detina! \ud83e\udd0d\u2615\ufe0f <\/p>\n<\/div><\/div><\/div><\/div><\/div><\/p>\n","protected":false},"excerpt":{"rendered":"","protected":false},"author":1,"featured_media":7290,"comment_status":"open","ping_status":"open","sticky":false,"template":"","format":"standard","meta":{"footnotes":""},"categories":[32],"tags":[],"class_list":["post-7401","post","type-post","status-publish","format-standard","has-post-thumbnail","hentry","category-uncategorized-sl"],"yoast_head":"<!-- This site is optimized with the Yoast SEO plugin v27.1.1 - https:\/\/yoast.com\/product\/yoast-seo-wordpress\/ -->\n<title>Dobro jutro iz srca Zagorja - aparat Nespresso Pixie - Villa Pa\u010detina<\/title>\n<meta name=\"robots\" content=\"index, follow, max-snippet:-1, max-image-preview:large, max-video-preview:-1\" \/>\n<link rel=\"canonical\" href=\"https:\/\/villa-pacetina.com\/sl\/dobro-jutro-iz-srca-zagorja-aparat-nespresso-pixie\/\" \/>\n<meta property=\"og:locale\" content=\"sl_SI\" \/>\n<meta property=\"og:type\" content=\"article\" \/>\n<meta property=\"og:title\" content=\"Dobro jutro iz srca Zagorja - aparat Nespresso Pixie - Villa Pa\u010detina\" \/>\n<meta property=\"og:url\" content=\"https:\/\/villa-pacetina.com\/sl\/dobro-jutro-iz-srca-zagorja-aparat-nespresso-pixie\/\" \/>\n<meta property=\"og:site_name\" content=\"Villa Pa\u010detina\" \/>\n<meta property=\"article:publisher\" content=\"https:\/\/www.facebook.com\/vilapacetina\/\" \/>\n<meta property=\"article:published_time\" content=\"2025-05-22T21:56:44+00:00\" \/>\n<meta property=\"article:modified_time\" content=\"2025-08-06T21:16:51+00:00\" \/>\n<meta property=\"og:image\" content=\"https:\/\/villa-pacetina.com\/wp-content\/uploads\/2025\/05\/VillaPacetina35_Jurinec-photography_19052022-copy.jpg\" \/>\n\t<meta property=\"og:image:width\" content=\"2000\" \/>\n\t<meta property=\"og:image:height\" content=\"1332\" \/>\n\t<meta property=\"og:image:type\" content=\"image\/jpeg\" \/>\n<meta name=\"author\" content=\"admin\" \/>\n<meta name=\"twitter:card\" content=\"summary_large_image\" \/>\n<meta name=\"twitter:label1\" content=\"Written by\" \/>\n\t<meta name=\"twitter:data1\" content=\"admin\" \/>\n\t<meta name=\"twitter:label2\" content=\"Est. reading time\" \/>\n\t<meta name=\"twitter:data2\" content=\"14 minut\" \/>\n<script type=\"application\/ld+json\" class=\"yoast-schema-graph\">{\"@context\":\"https:\/\/schema.org\",\"@graph\":[{\"@type\":\"Article\",\"@id\":\"https:\/\/villa-pacetina.com\/sl\/dobro-jutro-iz-srca-zagorja-aparat-nespresso-pixie\/#article\",\"isPartOf\":{\"@id\":\"https:\/\/villa-pacetina.com\/sl\/dobro-jutro-iz-srca-zagorja-aparat-nespresso-pixie\/\"},\"author\":{\"name\":\"admin\",\"@id\":\"https:\/\/villa-pacetina.com\/sl\/#\/schema\/person\/1c68f551c9ed88ed99f8be2a16ae526b\"},\"headline\":\"Dobro jutro iz srca Zagorja &#8211; aparat Nespresso Pixie\",\"datePublished\":\"2025-05-22T21:56:44+00:00\",\"dateModified\":\"2025-08-06T21:16:51+00:00\",\"mainEntityOfPage\":{\"@id\":\"https:\/\/villa-pacetina.com\/sl\/dobro-jutro-iz-srca-zagorja-aparat-nespresso-pixie\/\"},\"wordCount\":2786,\"commentCount\":0,\"image\":{\"@id\":\"https:\/\/villa-pacetina.com\/sl\/dobro-jutro-iz-srca-zagorja-aparat-nespresso-pixie\/#primaryimage\"},\"thumbnailUrl\":\"https:\/\/villa-pacetina.com\/wp-content\/uploads\/2025\/05\/VillaPacetina35_Jurinec-photography_19052022-copy.jpg\",\"articleSection\":[\"Uncategorized @sl\"],\"inLanguage\":\"sl-SI\",\"potentialAction\":[{\"@type\":\"CommentAction\",\"name\":\"Comment\",\"target\":[\"https:\/\/villa-pacetina.com\/sl\/dobro-jutro-iz-srca-zagorja-aparat-nespresso-pixie\/#respond\"]}]},{\"@type\":\"WebPage\",\"@id\":\"https:\/\/villa-pacetina.com\/sl\/dobro-jutro-iz-srca-zagorja-aparat-nespresso-pixie\/\",\"url\":\"https:\/\/villa-pacetina.com\/sl\/dobro-jutro-iz-srca-zagorja-aparat-nespresso-pixie\/\",\"name\":\"Dobro jutro iz srca Zagorja - aparat Nespresso Pixie - Villa Pa\u010detina\",\"isPartOf\":{\"@id\":\"https:\/\/villa-pacetina.com\/sl\/#website\"},\"primaryImageOfPage\":{\"@id\":\"https:\/\/villa-pacetina.com\/sl\/dobro-jutro-iz-srca-zagorja-aparat-nespresso-pixie\/#primaryimage\"},\"image\":{\"@id\":\"https:\/\/villa-pacetina.com\/sl\/dobro-jutro-iz-srca-zagorja-aparat-nespresso-pixie\/#primaryimage\"},\"thumbnailUrl\":\"https:\/\/villa-pacetina.com\/wp-content\/uploads\/2025\/05\/VillaPacetina35_Jurinec-photography_19052022-copy.jpg\",\"datePublished\":\"2025-05-22T21:56:44+00:00\",\"dateModified\":\"2025-08-06T21:16:51+00:00\",\"author\":{\"@id\":\"https:\/\/villa-pacetina.com\/sl\/#\/schema\/person\/1c68f551c9ed88ed99f8be2a16ae526b\"},\"breadcrumb\":{\"@id\":\"https:\/\/villa-pacetina.com\/sl\/dobro-jutro-iz-srca-zagorja-aparat-nespresso-pixie\/#breadcrumb\"},\"inLanguage\":\"sl-SI\",\"potentialAction\":[{\"@type\":\"ReadAction\",\"target\":[\"https:\/\/villa-pacetina.com\/sl\/dobro-jutro-iz-srca-zagorja-aparat-nespresso-pixie\/\"]}]},{\"@type\":\"ImageObject\",\"inLanguage\":\"sl-SI\",\"@id\":\"https:\/\/villa-pacetina.com\/sl\/dobro-jutro-iz-srca-zagorja-aparat-nespresso-pixie\/#primaryimage\",\"url\":\"https:\/\/villa-pacetina.com\/wp-content\/uploads\/2025\/05\/VillaPacetina35_Jurinec-photography_19052022-copy.jpg\",\"contentUrl\":\"https:\/\/villa-pacetina.com\/wp-content\/uploads\/2025\/05\/VillaPacetina35_Jurinec-photography_19052022-copy.jpg\",\"width\":2000,\"height\":1332},{\"@type\":\"BreadcrumbList\",\"@id\":\"https:\/\/villa-pacetina.com\/sl\/dobro-jutro-iz-srca-zagorja-aparat-nespresso-pixie\/#breadcrumb\",\"itemListElement\":[{\"@type\":\"ListItem\",\"position\":1,\"name\":\"Po\u010detna stranica\",\"item\":\"https:\/\/villa-pacetina.com\/sl\/prednja-stran\/\"},{\"@type\":\"ListItem\",\"position\":2,\"name\":\"Dobro jutro iz srca Zagorja &#8211; aparat Nespresso Pixie\"}]},{\"@type\":\"WebSite\",\"@id\":\"https:\/\/villa-pacetina.com\/sl\/#website\",\"url\":\"https:\/\/villa-pacetina.com\/sl\/\",\"name\":\"Villa Pa\u010detina\",\"description\":\"Idealno mjesto za odmor, u oazi mira i zelenilu\",\"potentialAction\":[{\"@type\":\"SearchAction\",\"target\":{\"@type\":\"EntryPoint\",\"urlTemplate\":\"https:\/\/villa-pacetina.com\/sl\/?s={search_term_string}\"},\"query-input\":{\"@type\":\"PropertyValueSpecification\",\"valueRequired\":true,\"valueName\":\"search_term_string\"}}],\"inLanguage\":\"sl-SI\"},{\"@type\":\"Person\",\"@id\":\"https:\/\/villa-pacetina.com\/sl\/#\/schema\/person\/1c68f551c9ed88ed99f8be2a16ae526b\",\"name\":\"admin\",\"image\":{\"@type\":\"ImageObject\",\"inLanguage\":\"sl-SI\",\"@id\":\"https:\/\/villa-pacetina.com\/sl\/#\/schema\/person\/image\/\",\"url\":\"https:\/\/secure.gravatar.com\/avatar\/f98ec6756cb20d61f922dfb50f66c1bb9dc60bbcf7b8ab4672001b466ee773f8?s=96&d=mm&r=g\",\"contentUrl\":\"https:\/\/secure.gravatar.com\/avatar\/f98ec6756cb20d61f922dfb50f66c1bb9dc60bbcf7b8ab4672001b466ee773f8?s=96&d=mm&r=g\",\"caption\":\"admin\"},\"sameAs\":[\"https:\/\/villa-pacetina.com\"],\"url\":\"https:\/\/villa-pacetina.com\/sl\/author\/admin\/\"}]}<\/script>\n<!-- \/ Yoast SEO plugin. -->","yoast_head_json":{"title":"Dobro jutro iz srca Zagorja - aparat Nespresso Pixie - Villa Pa\u010detina","robots":{"index":"index","follow":"follow","max-snippet":"max-snippet:-1","max-image-preview":"max-image-preview:large","max-video-preview":"max-video-preview:-1"},"canonical":"https:\/\/villa-pacetina.com\/sl\/dobro-jutro-iz-srca-zagorja-aparat-nespresso-pixie\/","og_locale":"sl_SI","og_type":"article","og_title":"Dobro jutro iz srca Zagorja - aparat Nespresso Pixie - Villa Pa\u010detina","og_url":"https:\/\/villa-pacetina.com\/sl\/dobro-jutro-iz-srca-zagorja-aparat-nespresso-pixie\/","og_site_name":"Villa Pa\u010detina","article_publisher":"https:\/\/www.facebook.com\/vilapacetina\/","article_published_time":"2025-05-22T21:56:44+00:00","article_modified_time":"2025-08-06T21:16:51+00:00","og_image":[{"width":2000,"height":1332,"url":"https:\/\/villa-pacetina.com\/wp-content\/uploads\/2025\/05\/VillaPacetina35_Jurinec-photography_19052022-copy.jpg","type":"image\/jpeg"}],"author":"admin","twitter_card":"summary_large_image","twitter_misc":{"Written by":"admin","Est. reading time":"14 minut"},"schema":{"@context":"https:\/\/schema.org","@graph":[{"@type":"Article","@id":"https:\/\/villa-pacetina.com\/sl\/dobro-jutro-iz-srca-zagorja-aparat-nespresso-pixie\/#article","isPartOf":{"@id":"https:\/\/villa-pacetina.com\/sl\/dobro-jutro-iz-srca-zagorja-aparat-nespresso-pixie\/"},"author":{"name":"admin","@id":"https:\/\/villa-pacetina.com\/sl\/#\/schema\/person\/1c68f551c9ed88ed99f8be2a16ae526b"},"headline":"Dobro jutro iz srca Zagorja &#8211; aparat Nespresso Pixie","datePublished":"2025-05-22T21:56:44+00:00","dateModified":"2025-08-06T21:16:51+00:00","mainEntityOfPage":{"@id":"https:\/\/villa-pacetina.com\/sl\/dobro-jutro-iz-srca-zagorja-aparat-nespresso-pixie\/"},"wordCount":2786,"commentCount":0,"image":{"@id":"https:\/\/villa-pacetina.com\/sl\/dobro-jutro-iz-srca-zagorja-aparat-nespresso-pixie\/#primaryimage"},"thumbnailUrl":"https:\/\/villa-pacetina.com\/wp-content\/uploads\/2025\/05\/VillaPacetina35_Jurinec-photography_19052022-copy.jpg","articleSection":["Uncategorized @sl"],"inLanguage":"sl-SI","potentialAction":[{"@type":"CommentAction","name":"Comment","target":["https:\/\/villa-pacetina.com\/sl\/dobro-jutro-iz-srca-zagorja-aparat-nespresso-pixie\/#respond"]}]},{"@type":"WebPage","@id":"https:\/\/villa-pacetina.com\/sl\/dobro-jutro-iz-srca-zagorja-aparat-nespresso-pixie\/","url":"https:\/\/villa-pacetina.com\/sl\/dobro-jutro-iz-srca-zagorja-aparat-nespresso-pixie\/","name":"Dobro jutro iz srca Zagorja - aparat Nespresso Pixie - Villa Pa\u010detina","isPartOf":{"@id":"https:\/\/villa-pacetina.com\/sl\/#website"},"primaryImageOfPage":{"@id":"https:\/\/villa-pacetina.com\/sl\/dobro-jutro-iz-srca-zagorja-aparat-nespresso-pixie\/#primaryimage"},"image":{"@id":"https:\/\/villa-pacetina.com\/sl\/dobro-jutro-iz-srca-zagorja-aparat-nespresso-pixie\/#primaryimage"},"thumbnailUrl":"https:\/\/villa-pacetina.com\/wp-content\/uploads\/2025\/05\/VillaPacetina35_Jurinec-photography_19052022-copy.jpg","datePublished":"2025-05-22T21:56:44+00:00","dateModified":"2025-08-06T21:16:51+00:00","author":{"@id":"https:\/\/villa-pacetina.com\/sl\/#\/schema\/person\/1c68f551c9ed88ed99f8be2a16ae526b"},"breadcrumb":{"@id":"https:\/\/villa-pacetina.com\/sl\/dobro-jutro-iz-srca-zagorja-aparat-nespresso-pixie\/#breadcrumb"},"inLanguage":"sl-SI","potentialAction":[{"@type":"ReadAction","target":["https:\/\/villa-pacetina.com\/sl\/dobro-jutro-iz-srca-zagorja-aparat-nespresso-pixie\/"]}]},{"@type":"ImageObject","inLanguage":"sl-SI","@id":"https:\/\/villa-pacetina.com\/sl\/dobro-jutro-iz-srca-zagorja-aparat-nespresso-pixie\/#primaryimage","url":"https:\/\/villa-pacetina.com\/wp-content\/uploads\/2025\/05\/VillaPacetina35_Jurinec-photography_19052022-copy.jpg","contentUrl":"https:\/\/villa-pacetina.com\/wp-content\/uploads\/2025\/05\/VillaPacetina35_Jurinec-photography_19052022-copy.jpg","width":2000,"height":1332},{"@type":"BreadcrumbList","@id":"https:\/\/villa-pacetina.com\/sl\/dobro-jutro-iz-srca-zagorja-aparat-nespresso-pixie\/#breadcrumb","itemListElement":[{"@type":"ListItem","position":1,"name":"Po\u010detna stranica","item":"https:\/\/villa-pacetina.com\/sl\/prednja-stran\/"},{"@type":"ListItem","position":2,"name":"Dobro jutro iz srca Zagorja &#8211; aparat Nespresso Pixie"}]},{"@type":"WebSite","@id":"https:\/\/villa-pacetina.com\/sl\/#website","url":"https:\/\/villa-pacetina.com\/sl\/","name":"Villa Pa\u010detina","description":"Idealno mjesto za odmor, u oazi mira i zelenilu","potentialAction":[{"@type":"SearchAction","target":{"@type":"EntryPoint","urlTemplate":"https:\/\/villa-pacetina.com\/sl\/?s={search_term_string}"},"query-input":{"@type":"PropertyValueSpecification","valueRequired":true,"valueName":"search_term_string"}}],"inLanguage":"sl-SI"},{"@type":"Person","@id":"https:\/\/villa-pacetina.com\/sl\/#\/schema\/person\/1c68f551c9ed88ed99f8be2a16ae526b","name":"admin","image":{"@type":"ImageObject","inLanguage":"sl-SI","@id":"https:\/\/villa-pacetina.com\/sl\/#\/schema\/person\/image\/","url":"https:\/\/secure.gravatar.com\/avatar\/f98ec6756cb20d61f922dfb50f66c1bb9dc60bbcf7b8ab4672001b466ee773f8?s=96&d=mm&r=g","contentUrl":"https:\/\/secure.gravatar.com\/avatar\/f98ec6756cb20d61f922dfb50f66c1bb9dc60bbcf7b8ab4672001b466ee773f8?s=96&d=mm&r=g","caption":"admin"},"sameAs":["https:\/\/villa-pacetina.com"],"url":"https:\/\/villa-pacetina.com\/sl\/author\/admin\/"}]}},"_links":{"self":[{"href":"https:\/\/villa-pacetina.com\/sl\/wp-json\/wp\/v2\/posts\/7401","targetHints":{"allow":["GET"]}}],"collection":[{"href":"https:\/\/villa-pacetina.com\/sl\/wp-json\/wp\/v2\/posts"}],"about":[{"href":"https:\/\/villa-pacetina.com\/sl\/wp-json\/wp\/v2\/types\/post"}],"author":[{"embeddable":true,"href":"https:\/\/villa-pacetina.com\/sl\/wp-json\/wp\/v2\/users\/1"}],"replies":[{"embeddable":true,"href":"https:\/\/villa-pacetina.com\/sl\/wp-json\/wp\/v2\/comments?post=7401"}],"version-history":[{"count":0,"href":"https:\/\/villa-pacetina.com\/sl\/wp-json\/wp\/v2\/posts\/7401\/revisions"}],"wp:featuredmedia":[{"embeddable":true,"href":"https:\/\/villa-pacetina.com\/sl\/wp-json\/wp\/v2\/media\/7290"}],"wp:attachment":[{"href":"https:\/\/villa-pacetina.com\/sl\/wp-json\/wp\/v2\/media?parent=7401"}],"wp:term":[{"taxonomy":"category","embeddable":true,"href":"https:\/\/villa-pacetina.com\/sl\/wp-json\/wp\/v2\/categories?post=7401"},{"taxonomy":"post_tag","embeddable":true,"href":"https:\/\/villa-pacetina.com\/sl\/wp-json\/wp\/v2\/tags?post=7401"}],"curies":[{"name":"wp","href":"https:\/\/api.w.org\/{rel}","templated":true}]}}